{"id":480091,"date":"2025-10-21T18:20:21","date_gmt":"2025-10-21T18:20:21","guid":{"rendered":"https:\/\/www.europesays.com\/fr\/480091\/"},"modified":"2025-10-21T18:20:21","modified_gmt":"2025-10-21T18:20:21","slug":"mory-charmasson-et-guillamoundeguy-7es-au-hangzhou-open-et-rejoints-par-sale-en-finale-garcia-simpose-en-play-off-lequipe","status":"publish","type":"post","link":"https:\/\/www.europesays.com\/fr\/480091\/","title":{"rendered":"Mory, Charmasson et Guillamoundeguy 7es au Hangzhou Open et rejoints par Sale en finale, Garcia s&#039;impose en play-off &#8211; L&#039;\u00c9quipe"},"content":{"rendered":"<ol>\n<li><a href=\"https:\/\/news.google.com\/rss\/articles\/CBMi8wFBVV95cUxNV1NwNTZMUi1hUm92Q0VDN0J4X0hOSl8tQUdiRGJkRzJuVktiVFYyMTh6RkVMV2kxX3hMdDN0U2RWcnFmZ0N6NHBlRDA2SlJ1dUM0WHFHTFpORVF5VHhsekxEQV95aWZzSXdnQ1o2Zk1mV2VweHVXd2dYSTFqa0Q0QWZ6TzlRY2dXVTFCNnY2eGxnb3podHRVWVVOWFNzUFhobjVEWXdnQjZ0ZjR1UGZXQU9wY0dHMnEwQ2pfVDlQejV2OFhQMDNwYTVmREhDRU1FZFBnN2VTZmp5T0NxM3VQempTWFRzT3hWbWRvREt0U3NfWXc?oc=5\" target=\"_blank\" rel=\"nofollow noopener\">Mory, Charmasson et Guillamoundeguy 7es au Hangzhou Open et rejoints par Sale en finale, Garcia s&rsquo;impose en play-off<\/a>&nbsp;&nbsp;L&rsquo;\u00c9quipe<\/li>\n<li><a href=\"https:\/\/news.google.com\/rss\/articles\/CBMitgFBVV95cUxOQ2t1YTJiMm56c2cxcDVnUVBUVE9oVWhaTGpwX1pSY1BKMXp2NlJPMFo5UUdMNFFuZ0htRUdvYmFXYm1qd1V1ek1sLUp5YkNpaTJtRWh1MWpBelBielQzUGM3Y1FnWGlwT0tlLWx2WWZKTTh4eGI5eDhKY0VQaFJ1SllkU1Nib3ZVY0ViWmR0bjNEUVh0Uk10c1l4ZHFPYmRmTmZWMmhLRXRVUE5vMEt3QXdody14UQ?oc=5\" target=\"_blank\" rel=\"nofollow noopener\">Golf professionnel : Top 10 pour Mory, Charmasson et Guillamoundeguy<\/a>&nbsp;&nbsp;F\u00e9d\u00e9ration fran\u00e7aise de golf (ffgolf)<\/li>\n<li><a href=\"https:\/\/news.google.com\/rss\/articles\/CBMi_AFBVV95cUxONTJqRDcxbVZLNmlySUZYZG5jc3NFM2x6YlBTNzR2SW54bUhrRXRmY0hjQng4eU8wVHdsYkZ2cDhlY3lVX0ZzWHVEeERrS1Vndkh2Ry1Pb0ZZSjFYM21yTlBsdzNuRHNmWS02aHZKYXBVclNwR3h6aWEyLVlGSFlFNWFQUG51enhVWGhoTkEybm52UmJ3d2Fra2hraE9ZWkwzQWhZY2YtdjdaME1LWlpCLXRsY1lvMmpGLWRGLW1SNERFRW1FVkx5X0ZGXzNlWEM5VUJNZXZfc3F1X3lSTHNETGN0dThLUktXTkVzamdLRXZLLU5wMkMtN1JVeFA?oc=5\" target=\"_blank\" rel=\"nofollow noopener\">La victoire en play-off pour l\u2019Espagnol Garcia, Guillamoundeguy sur le DP World Tour !<\/a>&nbsp;&nbsp;Golf Plan\u00e8te<\/li>\n<li><a href=\"https:\/\/news.google.com\/rss\/articles\/CBMijgJBVV95cUxOSUZwNzNWS3VjVGlzSUZPdzNjd2QwRHBiemZycVJaRXo2Z2NvRWV4NkotcDJCdTZybHNfNUw4YW1NeFNjaHJNTVUzb0h0TklyMXRZdFgzdUtOYmJrZmhyM0FmUnBFMWlDU0RCQzZ6Mkw1dUw2Yl83eGVrN1ZpN0t4NnNyVzBsa3YwX0Y0TC16d2pfREVFRWR6VS1WMUZDOVFhMkltYWR3aE12eTFpQlNxSmMyazlQMEp2NDRyUjZ1NWRvdmMzRVdlZ3lNVnFqX3BJNkNfRkRILVE1bzIyZnhqREZ1SkxobmxrN19VX09hMUEyWEJVV3Vfb2ptU05meWJ2UDJzNE5qTnF4NG9EdWc?oc=5\" target=\"_blank\" rel=\"nofollow noopener\">Golf. Hotel Planner Tour: Garcia l\u2019emporte en play-off, Mory, Charmasson, Guillamoundeguy top 10<\/a>&nbsp;&nbsp;Ouest-France<\/li>\n<li><a href=\"https:\/\/news.google.com\/rss\/articles\/CBMijgJBVV95cUxON25IQmFoTGtFMy1hY0sxdGpDZWdxSUlQbW1KLURTQlQ0WHl1TFNucnpxRkRCZnAwYTVfWHFDQlhrQUVkVlVFeHExRm5KczEzOVJtaTRZaFFuaG9iZkxRT0JaQkdpSHVidWdURmYxdDhaNDFwZWd2TGVMZTAtSWdBcmRJUEN2Z0MtQVZpS0dNYXE5Z243LVlhUFZ0dGxCNGhlLWVtQ2RXLXV3by14TVAzOWtkS2ZuQ1N1S1hGa293NXNVSjgyaG1NNjBOR3g4UndrSTREeHQyMl8zbUU4Mk9LR1o0QnJ2cDkxVkhFazJSWGlZeDJUdmpRMkVGaDhxd3ZOSVRaaFBybzNrblV5OFE?oc=5\" target=\"_blank\" rel=\"nofollow noopener\">Challenge Tour &#8211; Matthis Besard termine l&rsquo;Open de Hangzhou \u00e0 la 45e place et ne disputera pas la finale<\/a>&nbsp;&nbsp;La Libre.be<\/li>\n<\/ol>\n","protected":false},"excerpt":{"rendered":"Mory, Charmasson et Guillamoundeguy 7es au Hangzhou Open et rejoints par Sale en finale, Garcia s&rsquo;impose en play-off&nbsp;&nbsp;L&rsquo;\u00c9quipe&hellip;\n","protected":false},"author":2,"featured_media":480092,"comment_status":"","ping_status":"","sticky":false,"template":"","format":"standard","meta":{"footnotes":""},"categories":[1418],"tags":[1011,27,1472,60],"class_list":{"0":"post-480091","1":"post","2":"type-post","3":"status-publish","4":"format-standard","5":"has-post-thumbnail","7":"category-golf","8":"tag-fr","9":"tag-france","10":"tag-golf","11":"tag-sports"},"share_on_mastodon":{"url":"https:\/\/pubeurope.com\/@fr\/115413544046493487","error":""},"_links":{"self":[{"href":"https:\/\/www.europesays.com\/fr\/wp-json\/wp\/v2\/posts\/480091","targetHints":{"allow":["GET"]}}],"collection":[{"href":"https:\/\/www.europesays.com\/fr\/wp-json\/wp\/v2\/posts"}],"about":[{"href":"https:\/\/www.europesays.com\/fr\/wp-json\/wp\/v2\/types\/post"}],"author":[{"embeddable":true,"href":"https:\/\/www.europesays.com\/fr\/wp-json\/wp\/v2\/users\/2"}],"replies":[{"embeddable":true,"href":"https:\/\/www.europesays.com\/fr\/wp-json\/wp\/v2\/comments?post=480091"}],"version-history":[{"count":0,"href":"https:\/\/www.europesays.com\/fr\/wp-json\/wp\/v2\/posts\/480091\/revisions"}],"wp:featuredmedia":[{"embeddable":true,"href":"https:\/\/www.europesays.com\/fr\/wp-json\/wp\/v2\/media\/480092"}],"wp:attachment":[{"href":"https:\/\/www.europesays.com\/fr\/wp-json\/wp\/v2\/media?parent=480091"}],"wp:term":[{"taxonomy":"category","embeddable":true,"href":"https:\/\/www.europesays.com\/fr\/wp-json\/wp\/v2\/categories?post=480091"},{"taxonomy":"post_tag","embeddable":true,"href":"https:\/\/www.europesays.com\/fr\/wp-json\/wp\/v2\/tags?post=480091"}],"curies":[{"name":"wp","href":"https:\/\/api.w.org\/{rel}","templated":true}]}}