{"id":480095,"date":"2025-10-21T18:22:14","date_gmt":"2025-10-21T18:22:14","guid":{"rendered":"https:\/\/www.europesays.com\/fr\/480095\/"},"modified":"2025-10-21T18:22:14","modified_gmt":"2025-10-21T18:22:14","slug":"le-staff-voit-une-recrue-exploser-et-lattend-dans-un-domaine","status":"publish","type":"post","link":"https:\/\/www.europesays.com\/fr\/480095\/","title":{"rendered":"le staff voit une recrue exploser et l\u2019attend dans un domaine"},"content":{"rendered":"<p>Le Stade Toulousain a peu recrut\u00e9, comme souvent. Pr\u00e9f\u00e9rant s\u2019appuyer sur un noyau dur exceptionnel et sur une g\u00e9n\u00e9ration qui empile les troph\u00e9es depuis 2019 (cinq Brennus, deux Champions Cup) la direction se tourne avec parcimonie vers l\u2019ext\u00e9rieur. L\u2019\u00e9t\u00e9 dernier, seules deux recrues sont venues renforcer l\u2019effectif XXL d\u2019Ugo Mola (sans compter Tomas Rapetti, qui \u00e9volue principalement avec les espoirs).<\/p>\n<p>Bouilhou encense Colombe et le voit s\u2019imposer<\/p>\n<p><a href=\"https:\/\/www.quinzemondial.com\/top-14\/stade-toulousain-cest-particulier-darriver-dans-un-club-qui-a-gagne-autant-avoue-colombe-819650\" target=\"_blank\" rel=\"noopener\">George-Henri Colombe<\/a> et Teddy Thomas ont d\u00e9barqu\u00e9 en provenance du Stade Rochelais pour faire leur preuve et passer un cap. Le pilier droit, longtemps consid\u00e9r\u00e9 comme la rel\u00e8ve fran\u00e7aise, peine \u00e0 s\u2019affirmer dans la dur\u00e9e et sort d\u2019une saison noire, o\u00f9 il aura \u00e9t\u00e9 mis de c\u00f4t\u00e9 en deuxi\u00e8me partie de saison. Alors qu\u2019il vient d\u2019encha\u00eener trois belles prestations face \u00e0 Bayonne, l\u2019UBB puis Pau apr\u00e8s avoir manqu\u00e9 le d\u00e9but de saison sur blessure, le colosse a pu compter sur le soutien de Jean Bouilhou, dans des propos rapport\u00e9s par <a href=\"https:\/\/actu.fr\/occitanie\/toulouse_31555\/extremement-explosif-des-ravages-avec-le-ballon-il-loue-georges-henri-colombe-a-toulouse_63325363.html\" target=\"_blank\" rel=\"noopener\">Actu Rugby.<\/a><\/p>\n<blockquote>\n<p>\u00ab\u00a0On sent qu\u2019il a envie de travailler, de montrer un autre visage que celui affich\u00e9 lors des derniers mois \u00e0 La Rochelle et en \u00e9quipe de France. Nous avons senti un gar\u00e7on tr\u00e8s motiv\u00e9. On l\u2019a int\u00e9gr\u00e9 tr\u00e8s simplement. Le stage en Bretagne a \u00e9t\u00e9 un tr\u00e8s bon catalyseur pour se rencontrer. Cela s\u2019est tr\u00e8s bien pass\u00e9. C\u2019est une belle personne, qui de belles valeurs morales. Georges-Henri est un joueur intelligent qui a vite compris comment on fonctionnait. Plus \u00e7a va aller, mieux il va s\u2019int\u00e9grer dans notre jeu\u00a0\u00bb<\/p>\n<\/blockquote>\n<p>S\u00e9duit par l\u2019\u00e9tat d\u2019esprit affich\u00e9 par le pilier droit, qui avait reconnu apr\u00e8s la victoire face \u00e0 Bordeaux <a href=\"https:\/\/www.quinzemondial.com\/top-14\/stade-toulousain-je-ne-pense-pas-etre-pret-avoue-une-recrue-sur-le-xv-de-france-819568\" target=\"_blank\" rel=\"noopener\">s\u2019estimer loin du niveau international et du XV de France<\/a>, l\u2019entra\u00eeneur des avants toulousains veut surtout qu\u2019il travaille ses qualit\u00e9s de d\u00e9placement pour s\u2019int\u00e9grer dans le jeu ambitieux propos\u00e9 par les Rouge et Noir.<\/p>\n<blockquote>\n<p>\u00a0\u00ab\u00a0Il est fid\u00e8le \u00e0 ce que l\u2019on pense de lui.\u00a0Il est extr\u00eamement explosif malgr\u00e9 son gabarit, avec le ballon il peut faire des ravages. Au Stade Toulousain, ce que doit faire un avant, c\u2019est ce que je viens de dire, mais aussi beaucoup se d\u00e9placer. C\u2019est l\u00e0 o\u00f9 nous lui en demandons plus, il en a conscience, et il va travailler sur \u00e7a\u00a0\u00bb.\u00a0<\/p>\n<\/blockquote>\n<p>Partagez cette info avec vos amis et vos proches en cliquant ici<br \/>Pour r\u00e9sumer<\/p>\n<p>Jean Bouilhou a lou\u00e9 en conf\u00e9rence de presse les premiers pas d\u2019une recrue sous le maillot du Stade Toulousain. L\u2019entra\u00eeneur des avants le voit briller en rouge et noir mais demande des efforts sur un domaine cher \u00e0 ses yeux.<\/p>\n<p> <img decoding=\"async\" width=\"76\" height=\"76\" loading=\"lazy\" src=\"https:\/\/www.europesays.com\/fr\/wp-content\/uploads\/2025\/04\/avatar-quinze.png\" alt=\"Arnaud D\u00e9chelotte\"\/><\/p>\n","protected":false},"excerpt":{"rendered":"Le Stade Toulousain a peu recrut\u00e9, comme souvent. Pr\u00e9f\u00e9rant s\u2019appuyer sur un noyau dur exceptionnel et sur une&hellip;\n","protected":false},"author":2,"featured_media":480096,"comment_status":"","ping_status":"","sticky":false,"template":"","format":"standard","meta":{"footnotes":""},"categories":[1416],"tags":[1011,27,479,1468,60,476,478],"class_list":{"0":"post-480095","1":"post","2":"type-post","3":"status-publish","4":"format-standard","5":"has-post-thumbnail","7":"category-rugby","8":"tag-fr","9":"tag-france","10":"tag-rugby","11":"tag-rugby-football","12":"tag-sports","13":"tag-stade-toulousain","14":"tag-top-14"},"share_on_mastodon":{"url":"https:\/\/pubeurope.com\/@fr\/115413552935185998","error":""},"_links":{"self":[{"href":"https:\/\/www.europesays.com\/fr\/wp-json\/wp\/v2\/posts\/480095","targetHints":{"allow":["GET"]}}],"collection":[{"href":"https:\/\/www.europesays.com\/fr\/wp-json\/wp\/v2\/posts"}],"about":[{"href":"https:\/\/www.europesays.com\/fr\/wp-json\/wp\/v2\/types\/post"}],"author":[{"embeddable":true,"href":"https:\/\/www.europesays.com\/fr\/wp-json\/wp\/v2\/users\/2"}],"replies":[{"embeddable":true,"href":"https:\/\/www.europesays.com\/fr\/wp-json\/wp\/v2\/comments?post=480095"}],"version-history":[{"count":0,"href":"https:\/\/www.europesays.com\/fr\/wp-json\/wp\/v2\/posts\/480095\/revisions"}],"wp:featuredmedia":[{"embeddable":true,"href":"https:\/\/www.europesays.com\/fr\/wp-json\/wp\/v2\/media\/480096"}],"wp:attachment":[{"href":"https:\/\/www.europesays.com\/fr\/wp-json\/wp\/v2\/media?parent=480095"}],"wp:term":[{"taxonomy":"category","embeddable":true,"href":"https:\/\/www.europesays.com\/fr\/wp-json\/wp\/v2\/categories?post=480095"},{"taxonomy":"post_tag","embeddable":true,"href":"https:\/\/www.europesays.com\/fr\/wp-json\/wp\/v2\/tags?post=480095"}],"curies":[{"name":"wp","href":"https:\/\/api.w.org\/{rel}","templated":true}]}}