{"id":480099,"date":"2025-10-21T18:26:14","date_gmt":"2025-10-21T18:26:14","guid":{"rendered":"https:\/\/www.europesays.com\/fr\/480099\/"},"modified":"2025-10-21T18:26:14","modified_gmt":"2025-10-21T18:26:14","slug":"colapinto-fait-amende-honorable-apres-le-non-respect-de-la-consigne-dalpine","status":"publish","type":"post","link":"https:\/\/www.europesays.com\/fr\/480099\/","title":{"rendered":"Colapinto fait amende honorable apr\u00e8s le non-respect de la consigne d&rsquo;Alpine"},"content":{"rendered":"<p><a href=\"https:\/\/fr.motorsport.com\/team\/alpine\/37490\/\" target=\"_blank\" rel=\"noopener\">Alpine<\/a> se serait sans doute bien pass\u00e9 de ce coup de projecteur mais pourtant l&rsquo;\u00e9curie, qui voyait ses pilotes lutter pour la 17e place de la course du Grand Prix des \u00c9tats-Unis, a d\u00e9gain\u00e9 une consigne pour demander \u00e0 <a href=\"https:\/\/fr.motorsport.com\/driver\/franco-colapinto\/875918\/\" target=\"_blank\" rel=\"noopener\">Franco Colapinto<\/a>, derri\u00e8re <a href=\"https:\/\/fr.motorsport.com\/driver\/pierre-gasly\/95098\/\" target=\"_blank\" rel=\"noopener\">Pierre Gasly<\/a>, de figer les positions.<\/p>\n<p>Un ordre, motiv\u00e9 par des consid\u00e9rations li\u00e9es \u00e0 la consommation d&rsquo;essence, que l&rsquo;Argentin n&rsquo;a pas tr\u00e8s bien accueilli puisqu&rsquo;il l&rsquo;a d&rsquo;abord contest\u00e9 \u00e0 la radio &#8211;\u00a0\u00ab\u00a0Attendez quoi\u00a0? Maintenir les positions ?! Mais il est lent\u00a0\u00bb &#8211; avant d&rsquo;en faire fi en d\u00e9passant le Fran\u00e7ais au premier virage du tour suivant, les deux hommes \u00e9tant par ailleurs sous la menace de la <a href=\"https:\/\/fr.motorsport.com\/team\/stake-sauber\/612\/\" target=\"_blank\" rel=\"noopener\">Stake Sauber<\/a> de <a href=\"https:\/\/fr.motorsport.com\/driver\/gabriel-bortoleto\/947555\/\" target=\"_blank\" rel=\"noopener\">Gabriel Bortoleto<\/a>.<\/p>\n<p>\u00ab\u00a0\u00c0 la fin, j&rsquo;avais des pneus un peu plus frais que Pierre et j&rsquo;ai vu Gabriel attaquer\u00a0\u00bb, s&rsquo;\u00e9tait d\u00e9fendu Colapinto, qui a franchi la ligne d&rsquo;arriv\u00e9e au 17e rang, apr\u00e8s la course. \u00ab\u00a0Je voulais le garder derri\u00e8re nous deux.\u00a0\u00bb<\/p>\n<p>   <img decoding=\"async\" draggable=\"false\" src=\"https:\/\/www.europesays.com\/fr\/wp-content\/uploads\/2025\/10\/pierre-gasly-alpine-franco-col.jpg\" alt=\"Franco Colapinto \u00e0 l'attaque sur Pierre Gasly.\" width=\"1200\" height=\"800\" loading=\"lazy\"\/> <\/p>\n<p class=\"title\">Franco Colapinto \u00e0 l&rsquo;attaque sur Pierre Gasly.<\/p>\n<p class=\"photographer\">Photo de: Sam Bloxham \/ LAT Images via Getty Images<\/p>\n<p>Une justification qui n&rsquo;est toutefois pas pass\u00e9e aupr\u00e8s de son \u00e9curie qui, dans sa communication officielle d&rsquo;apr\u00e8s-course, n&rsquo;a pas manqu\u00e9 de tancer le comportement de son pilote : \u00ab\u00a0Franco a pu allonger son relais en m\u00e9diums pour b\u00e9n\u00e9ficier d&rsquo;un avantage sur la fin, et il est revenu sur Pierre\u00a0\u00bb, a expliqu\u00e9 Steve Nielsen, r\u00e9cemment arriv\u00e9 au poste de directeur de la structure d&rsquo;Enstone.<\/p>\n<p>\u00ab\u00a0Nous avons donn\u00e9 l&rsquo;ordre aux pilotes de maintenir leurs positions, puisque nous g\u00e9rions la consommation de nos deux voitures en tenant compte de la proximit\u00e9 des leaders, qui influait sur le nombre de tours restants. Toute consigne du muret des stands est d\u00e9finitive et nous sommes d\u00e9\u00e7us que cela n&rsquo;ait pas \u00e9t\u00e9 le cas. C&rsquo;est un sujet que nous allons aborder et traiter en interne.\u00a0\u00bb<\/p>\n<p>Alors que la F1 encha\u00eene avec le GP de Mexico, le sujet a semble-t-il d\u00e9j\u00e0 bien \u00e9t\u00e9 abord\u00e9 puisque, dans la pr\u00e9sentation de l&rsquo;\u00e9preuve, Colapinto fait clairement amende honorable en reconnaissant lui-m\u00eame que les ordres venant du muret des stands devaient \u00eatre respect\u00e9s : \u00ab\u00a0L&rsquo;autre sujet du dimanche a \u00e9t\u00e9 abord\u00e9 en interne et il est clair que les consignes de l&rsquo;\u00e9quipe doivent toujours \u00eatre suivies, quoi qu&rsquo;il arrive. Nous avan\u00e7ons tous ensemble vers le m\u00eame objectif : progresser \u00e0 chaque s\u00e9ance et \u00e0 chaque week-end de course.\u00a0\u00bb<\/p>\n<p>Lire aussi :<\/p>\n<p>            Votre avis nous int\u00e9resse !<\/p>\n<p class=\"mt-auto\">Qu&rsquo;aimeriez-vous voir sur Motorsport.com ?<\/p>\n<p>            <a href=\"#\" class=\"ms-link text-link font-bold\">R\u00e9pondez \u00e0 notre enqu\u00eate en 5 minutes.<\/a><\/p>\n<p class=\"mt-1 text-body\">&#8211; L&rsquo;\u00e9quipe Motorsport.com<\/p>\n","protected":false},"excerpt":{"rendered":"Alpine se serait sans doute bien pass\u00e9 de ce coup de projecteur mais pourtant l&rsquo;\u00e9curie, qui voyait ses&hellip;\n","protected":false},"author":2,"featured_media":480100,"comment_status":"","ping_status":"","sticky":false,"template":"","format":"standard","meta":{"footnotes":""},"categories":[1412],"tags":[2674,2077,60333,1451,1452,1453,1454,1455,1011,27,18196,59403,2248,60],"class_list":{"0":"post-480099","1":"post","2":"type-post","3":"status-publish","4":"format-standard","5":"has-post-thumbnail","7":"category-f1","8":"tag-alpine","9":"tag-circuit-of-the-americas","10":"tag-colapinto-fait-amende-honorable-apru00e8s-le-non-respect-de-la-consigne-dalpine","11":"tag-f1","12":"tag-formula-1","13":"tag-formula1","14":"tag-formule-1","15":"tag-formule1","16":"tag-fr","17":"tag-france","18":"tag-franco-colapinto","19":"tag-gp-des-u00c9tats-unis","20":"tag-pierre-gasly","21":"tag-sports"},"share_on_mastodon":{"url":"https:\/\/pubeurope.com\/@fr\/115413568282309145","error":""},"_links":{"self":[{"href":"https:\/\/www.europesays.com\/fr\/wp-json\/wp\/v2\/posts\/480099","targetHints":{"allow":["GET"]}}],"collection":[{"href":"https:\/\/www.europesays.com\/fr\/wp-json\/wp\/v2\/posts"}],"about":[{"href":"https:\/\/www.europesays.com\/fr\/wp-json\/wp\/v2\/types\/post"}],"author":[{"embeddable":true,"href":"https:\/\/www.europesays.com\/fr\/wp-json\/wp\/v2\/users\/2"}],"replies":[{"embeddable":true,"href":"https:\/\/www.europesays.com\/fr\/wp-json\/wp\/v2\/comments?post=480099"}],"version-history":[{"count":0,"href":"https:\/\/www.europesays.com\/fr\/wp-json\/wp\/v2\/posts\/480099\/revisions"}],"wp:featuredmedia":[{"embeddable":true,"href":"https:\/\/www.europesays.com\/fr\/wp-json\/wp\/v2\/media\/480100"}],"wp:attachment":[{"href":"https:\/\/www.europesays.com\/fr\/wp-json\/wp\/v2\/media?parent=480099"}],"wp:term":[{"taxonomy":"category","embeddable":true,"href":"https:\/\/www.europesays.com\/fr\/wp-json\/wp\/v2\/categories?post=480099"},{"taxonomy":"post_tag","embeddable":true,"href":"https:\/\/www.europesays.com\/fr\/wp-json\/wp\/v2\/tags?post=480099"}],"curies":[{"name":"wp","href":"https:\/\/api.w.org\/{rel}","templated":true}]}}