{"id":480112,"date":"2025-10-21T18:33:14","date_gmt":"2025-10-21T18:33:14","guid":{"rendered":"https:\/\/www.europesays.com\/fr\/480112\/"},"modified":"2025-10-21T18:33:14","modified_gmt":"2025-10-21T18:33:14","slug":"une-nouvelle-categorie-belge-aux-nrj-music-awards-2025-voici-les-nomines-sur-la-croisette-de-cannes","status":"publish","type":"post","link":"https:\/\/www.europesays.com\/fr\/480112\/","title":{"rendered":"Une nouvelle cat\u00e9gorie belge aux NRJ Music Awards 2025: voici les nomin\u00e9s sur la Croisette de Cannes"},"content":{"rendered":"<p class=\"text-left ap-StoryElement ap-StoryElement--mb ap-StoryText\">Alors qui pour succ\u00e9der <a href=\"https:\/\/www.dhnet.be\/medias\/musique\/2022\/11\/18\/voici-le-tout-premier-gagnant-de-la-categorie-belge-aux-nrj-music-awards-jestime-etre-un-tres-mauvais-chanteur-P3I5ERZQQBAINDKVJSMQEIF6WQ\/\" target=\"_self\" rel=\"nofollow noopener\">\u00e0 Pierre de Maere<\/a>, Sola ou encore <a href=\"https:\/\/www.dhnet.be\/medias\/musique\/2024\/11\/01\/nrj-music-awards-helena-bailly-elue-revelation-belge-de-lannee-HAVR7M4M3JGKLCQSPC3TJJT5WY\/\" target=\"_self\" rel=\"nofollow noopener\">Helena <\/a>comme R\u00e9v\u00e9lation belge de l&rsquo;ann\u00e9e 2025 et repartir avec le prestigieux troph\u00e9e des NMA ?<\/p>\n<p class=\"text-left ap-StoryElement ap-StoryElement--mb ap-StoryText\">Une nouvelle fois, NRJ Belgique propose en effet une cat\u00e9gorie 100 % noir-jaune-rouge<a href=\"https:\/\/www.dhnet.be\/medias\/television\/2025\/09\/22\/helena-et-stromae-nommes-aux-nrj-music-awards-2025-C7NUHAPBPZHXBFFWJOGR6C7TSE\/\" target=\"_self\" rel=\"nofollow noopener\"> lors de sa 27e c\u00e9r\u00e9monie<\/a>, \u00e0 savoir celle de la r\u00e9v\u00e9lation belge de l&rsquo;ann\u00e9e. Les nomin\u00e9s 2025 sont connus : Camille Yemb\u00e9, Orlane et L\u00e9on. Et les votes (<a href=\"https:\/\/www.nrj.be\/nrjmusicawards\" target=\"_self\" rel=\"nofollow noopener\">cliquez ici<\/a>) sont ouverts. La radio belge nous glisse m\u00eame que \u00ab\u00a0les intentions de votes sont tr\u00e8s serr\u00e9es\u00a0\u00bb \u00e0 ce stade. Alors qu&rsquo;il ne reste que 10 jours avant la c\u00e9r\u00e9monie depuis le Palais des Festival de Cannes ce 31 octobre en direct sur TF1 et NRJ Belgique.<\/p>\n","protected":false},"excerpt":{"rendered":"Alors qui pour succ\u00e9der \u00e0 Pierre de Maere, Sola ou encore Helena comme R\u00e9v\u00e9lation belge de l&rsquo;ann\u00e9e 2025&hellip;\n","protected":false},"author":2,"featured_media":480113,"comment_status":"","ping_status":"","sticky":false,"template":"","format":"standard","meta":{"footnotes":""},"categories":[1355],"tags":[9499,43496,27037,35,37966,37968,58,59,1011,27,1230,37971,8798,1361,873,1234,9021],"class_list":{"0":"post-480112","1":"post","2":"type-post","3":"status-publish","4":"format-standard","5":"has-post-thumbnail","7":"category-musique","8":"tag-adult","9":"tag-blackboard","10":"tag-board","11":"tag-business","12":"tag-businessman","13":"tag-corporate-business","14":"tag-divertissement","15":"tag-entertainment","16":"tag-fr","17":"tag-france","18":"tag-indoors","19":"tag-mature-adult","20":"tag-men","21":"tag-music","22":"tag-musique","23":"tag-occupation","24":"tag-one-person"},"share_on_mastodon":{"url":"https:\/\/pubeurope.com\/@fr\/115413595102472976","error":""},"_links":{"self":[{"href":"https:\/\/www.europesays.com\/fr\/wp-json\/wp\/v2\/posts\/480112","targetHints":{"allow":["GET"]}}],"collection":[{"href":"https:\/\/www.europesays.com\/fr\/wp-json\/wp\/v2\/posts"}],"about":[{"href":"https:\/\/www.europesays.com\/fr\/wp-json\/wp\/v2\/types\/post"}],"author":[{"embeddable":true,"href":"https:\/\/www.europesays.com\/fr\/wp-json\/wp\/v2\/users\/2"}],"replies":[{"embeddable":true,"href":"https:\/\/www.europesays.com\/fr\/wp-json\/wp\/v2\/comments?post=480112"}],"version-history":[{"count":0,"href":"https:\/\/www.europesays.com\/fr\/wp-json\/wp\/v2\/posts\/480112\/revisions"}],"wp:featuredmedia":[{"embeddable":true,"href":"https:\/\/www.europesays.com\/fr\/wp-json\/wp\/v2\/media\/480113"}],"wp:attachment":[{"href":"https:\/\/www.europesays.com\/fr\/wp-json\/wp\/v2\/media?parent=480112"}],"wp:term":[{"taxonomy":"category","embeddable":true,"href":"https:\/\/www.europesays.com\/fr\/wp-json\/wp\/v2\/categories?post=480112"},{"taxonomy":"post_tag","embeddable":true,"href":"https:\/\/www.europesays.com\/fr\/wp-json\/wp\/v2\/tags?post=480112"}],"curies":[{"name":"wp","href":"https:\/\/api.w.org\/{rel}","templated":true}]}}