{"id":480114,"date":"2025-10-21T18:34:12","date_gmt":"2025-10-21T18:34:12","guid":{"rendered":"https:\/\/www.europesays.com\/fr\/480114\/"},"modified":"2025-10-21T18:34:12","modified_gmt":"2025-10-21T18:34:12","slug":"pourquoi-disney-a-rejete-une-sequelle-star-wars-centree-sur-ben-solo-avec-adam-driver","status":"publish","type":"post","link":"https:\/\/www.europesays.com\/fr\/480114\/","title":{"rendered":"Pourquoi Disney a rejet\u00e9 une s\u00e9quelle \u00ab\u00a0Star Wars\u00a0\u00bb centr\u00e9e sur Ben Solo avec Adam Driver"},"content":{"rendered":"<p>Ben Solo a bien failli revenir au cin\u00e9ma. Adam Driver, interpr\u00e8te de <a href=\"https:\/\/www.20minutes.fr\/cinema\/1750843-20151216-star-wars-reveil-force-mal-regarder-kylo-ren-miroir-confie-adam-driver-nouveau-mechant-saga\" target=\"_blank\" class=\"c-link c-link--is-underlined\" rel=\"noopener\">Ben Solo\/Kylo Ren<\/a>, fils de Han Solo et Leia Organa dans la suite des Star Wars de George Lucas, aurait ador\u00e9 reprendre ce r\u00f4le dans une s\u00e9quelle des films de Disney, sortis en\u00a02015 (Le R\u00e9veil de la Force), 2017 (Les Derniers Jedi) et 2019 (L\u2019Ascension de Skywalker).<\/p>\n<p>\u00ab\u00a0J\u2019ai toujours \u00e9t\u00e9 int\u00e9ress\u00e9 par l\u2019id\u00e9e de faire un autre Star Wars. Je parle d\u2019en faire un autre depuis\u00a02021\u00a0\u00bb, <a href=\"https:\/\/apnews.com\/article\/adam-driver-star-wars-soderbergh-jarmusch-4e08164d0419759f1b5b50d69864975d\" rel=\"nofollow noopener\" target=\"_blank\" class=\"c-link c-link--is-underlined\">a r\u00e9cemment r\u00e9v\u00e9l\u00e9<\/a> Adam Driver \u00e0 l\u2019Associated Press.<\/p>\n<p>Beaucoup d\u2019efforts<\/p>\n<p>L\u2019<a href=\"https:\/\/www.20minutes.fr\/culture\/2169843-20171118-adam-driver-cree-prix-litteraire-ecriture-theatrale-destination-soldats\" target=\"_blank\" class=\"c-link c-link--is-underlined\" rel=\"noopener\">acteur de 41 ans<\/a> a en effet donn\u00e9 de sa personne pour voir le projet prendre forme, confirmant son int\u00e9r\u00eat aupr\u00e8s de Kathleen Kennedy, pr\u00e9sidente de Lucasfilm, et prenant contact avec le r\u00e9alisateur Steven Soderbergh. \u00ab\u00a0J\u2019ai toujours dit\u00a0: avec un grand r\u00e9alisateur et une grande histoire, je serais partant en une seconde. J\u2019adorais ce personnage et j\u2019adorais l\u2019incarner\u00a0\u00bb, a-t-il encore assur\u00e9, alors que son personnage meurt \u00e0 la fin de L\u2019Ascension de Skywalker.<\/p>\n<p>D\u00e9termin\u00e9, <a href=\"https:\/\/www.20minutes.fr\/people\/1991099-20170106-adam-driver-souvient-derniere-rencontre-carrie-fisher\" target=\"_blank\" class=\"c-link c-link--is-underlined\" rel=\"noopener\">Adam Driver<\/a> a laiss\u00e9 le r\u00e9alisateur d\u2019Ocean\u2019s Eleven et son \u00e9pouse \u00e9tablir les grandes lignes de l\u2019histoire, avant de d\u00e9marcher le sc\u00e9nariste Scott Z. Burns pour la r\u00e9daction d\u2019un script, que le com\u00e9dien a qualifi\u00e9 de \u00ab\u00a0l\u2019un des plus cool\u00a0\u00bb qu\u2019il n\u2019ait jamais lu. Prochaine \u00e9tape\u00a0: le pr\u00e9senter \u00e0 Lucasfilm, soci\u00e9t\u00e9 m\u00e8re de Star Wars. \u00ab\u00a0Ils ont ador\u00e9 l\u2019id\u00e9e. Ils ont parfaitement compris notre point de vue et les raisons qui nous poussaient \u00e0 agir ainsi\u00a0\u00bb, s\u2019est r\u00e9joui Adam Driver.<\/p>\n<p>Espoirs d\u00e9\u00e7us<\/p>\n<p>H\u00e9las, le projet n\u2019est pas parvenu \u00e0 passer une \u00e9tape fatidique\u00a0: celle de convaincre les cadres de la compagnie Disney, qui a rachet\u00e9 Lucasfilm en\u00a02012. \u00ab\u00a0Nous avons pr\u00e9sent\u00e9 l\u2019id\u00e9e (au directeur g\u00e9n\u00e9ral) Bob Iger et (son associ\u00e9) Alan Bergman, mais ils ont refus\u00e9. Ils ne voyaient pas comment Ben Solo pouvait \u00eatre en vie. Et c\u2019\u00e9tait tout\u00a0\u00bb, a d\u00e9plor\u00e9 l\u2019acteur.<\/p>\n<p>Seul avantage de ce r\u00e9sultat\u00a0? Adam Driver peut d\u00e9sormais \u00ab\u00a0en parler\u00a0\u00bb puisque le projet \u00ab\u00a0n\u2019est plus\u00a0\u00bb. De son c\u00f4t\u00e9, Steven Soderbergh s\u2019est dit \u00ab\u00a0d\u00e9sol\u00e9\u00a0\u00bb pour les \u00ab\u00a0fans\u00a0\u00bb, qui \u00ab\u00a0ne le d\u00e9couvriront jamais\u00a0\u00bb.<\/p>\n","protected":false},"excerpt":{"rendered":"Ben Solo a bien failli revenir au cin\u00e9ma. Adam Driver, interpr\u00e8te de Ben Solo\/Kylo Ren, fils de Han&hellip;\n","protected":false},"author":2,"featured_media":480115,"comment_status":"","ping_status":"","sticky":false,"template":"","format":"standard","meta":{"footnotes":""},"categories":[1354],"tags":[520,58,59,1346,1011,27,12550,55432,60335,1530,1360,973,1480,133],"class_list":{"0":"post-480114","1":"post","2":"type-post","3":"status-publish","4":"format-standard","5":"has-post-thumbnail","7":"category-films","8":"tag-disney","9":"tag-divertissement","10":"tag-entertainment","11":"tag-films","12":"tag-fr","13":"tag-france","14":"tag-george-lucas","15":"tag-han-solo","16":"tag-lascension-de-skywalker","17":"tag-lucasfilm","18":"tag-movies","19":"tag-people","20":"tag-star-wars","21":"tag-video"},"share_on_mastodon":{"url":"","error":""},"_links":{"self":[{"href":"https:\/\/www.europesays.com\/fr\/wp-json\/wp\/v2\/posts\/480114","targetHints":{"allow":["GET"]}}],"collection":[{"href":"https:\/\/www.europesays.com\/fr\/wp-json\/wp\/v2\/posts"}],"about":[{"href":"https:\/\/www.europesays.com\/fr\/wp-json\/wp\/v2\/types\/post"}],"author":[{"embeddable":true,"href":"https:\/\/www.europesays.com\/fr\/wp-json\/wp\/v2\/users\/2"}],"replies":[{"embeddable":true,"href":"https:\/\/www.europesays.com\/fr\/wp-json\/wp\/v2\/comments?post=480114"}],"version-history":[{"count":0,"href":"https:\/\/www.europesays.com\/fr\/wp-json\/wp\/v2\/posts\/480114\/revisions"}],"wp:featuredmedia":[{"embeddable":true,"href":"https:\/\/www.europesays.com\/fr\/wp-json\/wp\/v2\/media\/480115"}],"wp:attachment":[{"href":"https:\/\/www.europesays.com\/fr\/wp-json\/wp\/v2\/media?parent=480114"}],"wp:term":[{"taxonomy":"category","embeddable":true,"href":"https:\/\/www.europesays.com\/fr\/wp-json\/wp\/v2\/categories?post=480114"},{"taxonomy":"post_tag","embeddable":true,"href":"https:\/\/www.europesays.com\/fr\/wp-json\/wp\/v2\/tags?post=480114"}],"curies":[{"name":"wp","href":"https:\/\/api.w.org\/{rel}","templated":true}]}}