{"id":480120,"date":"2025-10-21T18:37:11","date_gmt":"2025-10-21T18:37:11","guid":{"rendered":"https:\/\/www.europesays.com\/fr\/480120\/"},"modified":"2025-10-21T18:37:11","modified_gmt":"2025-10-21T18:37:11","slug":"c-a-vous-en-rediffusion-pendant-une-semaine-pourquoi-lemission-est-contrainte-de-faire-des-economies","status":"publish","type":"post","link":"https:\/\/www.europesays.com\/fr\/480120\/","title":{"rendered":"\u00ab\u00a0C \u00e0 vous\u00a0\u00bb en rediffusion pendant une semaine\u00a0: pourquoi l\u2019\u00e9mission est contrainte de faire des \u00e9conomies"},"content":{"rendered":"<p class=\"paragraph text_align_left lp-f-body-02\">\u00ab Bonsoir, tr\u00e8s heureuse de vous retrouver ! On est ensemble jusqu\u2019\u00e0 21 heures. \u00bb 18h57, ce lundi 20 octobre, <a href=\"https:\/\/www.leparisien.fr\/culture-loisirs\/tv\/c-a-vous-anne-elisabeth-lemoine-cheffe-de-bande-et-reine-du-paf-29-09-2023-2ZEEICVM7RGUVG3UJ6E45XCUKM.php\" target=\"_blank\" rel=\"noreferrer nofollow noopener\">Anne-\u00c9lisabeth Lemoine<\/a> ouvre son \u00e9mission apr\u00e8s son g\u00e9n\u00e9rique habituel. Une fois n\u2019est pas coutume, autour d\u2019elle, ni convive ni assiette.<\/p>\n<p class=\"paragraph text_align_left lp-f-body-02\">En cette premi\u00e8re semaine des vacances de la Toussaint, la quotidienne de France 5 propose une compilation des meilleurs extraits de l\u2019ann\u00e9e \u00e9coul\u00e9e : les passages sur son plateau d\u2019<a href=\"https:\/\/www.leparisien.fr\/culture-loisirs\/cinema\/artus-jai-pris-la-grosse-tete-il-y-a-quelques-annees-mais-mes-copains-mont-vite-calme-20-12-2024-HB5OCJ5GJFEWLBPWLZT2EDUSVY.php\" target=\"_blank\" rel=\"noreferrer nofollow noopener\">Artus<\/a>, <a href=\"https:\/\/www.leparisien.fr\/culture-loisirs\/cinema\/festival-de-cannes\/pourquoi-kev-adams-et-michael-youn-ont-monte-les-marches-du-festival-de-cannes-avec-une-calvitie-18-05-2025-2AREXG7UMBHB5CERWH3SBNGGO4.php\" target=\"_blank\" rel=\"noreferrer nofollow noopener\">Kev Adams, Micha\u00ebl Youn<\/a>, <a href=\"https:\/\/www.leparisien.fr\/culture-loisirs\/musique\/le-dj-bob-sinclar-retire-son-faux-visage-il-faut-etre-de-plus-en-plus-creatif-pour-attirer-lattention-02-02-2025-OHPJBOBXDBGJ7LDF2LODGIFFA4.php\" target=\"_blank\" rel=\"noreferrer nofollow noopener\">Bob Sinclar<\/a> ou <a href=\"https:\/\/www.leparisien.fr\/culture-loisirs\/cinema\/mes-enfants-ont-eu-peur-tahar-rahim-a-perdu-20-kilos-pour-jouer-dans-alpha-19-08-2025-FXQCV24OURGPHLWS4IXSBMS76Y.php\" target=\"_blank\" rel=\"noreferrer nofollow noopener\">Tahar Rahim<\/a>. Et tant pis pour la grosse actualit\u00e9 autour du <a href=\"https:\/\/www.leparisien.fr\/paris-75\/musee-du-louvre\/\" target=\"_blank\" rel=\"noreferrer nofollow noopener\">casse au Louvre<\/a> qui aurait \u00e9t\u00e9 au c\u0153ur de l\u2019\u00e9mission si elle avait eu lieu en direct.<\/p>\n","protected":false},"excerpt":{"rendered":"\u00ab Bonsoir, tr\u00e8s heureuse de vous retrouver ! On est ensemble jusqu\u2019\u00e0 21 heures. \u00bb 18h57, ce lundi&hellip;\n","protected":false},"author":2,"featured_media":480121,"comment_status":"","ping_status":"","sticky":false,"template":"","format":"standard","meta":{"footnotes":""},"categories":[8],"tags":[872,58,59,1011,27,2205],"class_list":{"0":"post-480120","1":"post","2":"type-post","3":"status-publish","4":"format-standard","5":"has-post-thumbnail","7":"category-divertissement","8":"tag-culture-et-loisirs","9":"tag-divertissement","10":"tag-entertainment","11":"tag-fr","12":"tag-france","13":"tag-television-medias"},"share_on_mastodon":{"url":"https:\/\/pubeurope.com\/@fr\/115413610992795356","error":""},"_links":{"self":[{"href":"https:\/\/www.europesays.com\/fr\/wp-json\/wp\/v2\/posts\/480120","targetHints":{"allow":["GET"]}}],"collection":[{"href":"https:\/\/www.europesays.com\/fr\/wp-json\/wp\/v2\/posts"}],"about":[{"href":"https:\/\/www.europesays.com\/fr\/wp-json\/wp\/v2\/types\/post"}],"author":[{"embeddable":true,"href":"https:\/\/www.europesays.com\/fr\/wp-json\/wp\/v2\/users\/2"}],"replies":[{"embeddable":true,"href":"https:\/\/www.europesays.com\/fr\/wp-json\/wp\/v2\/comments?post=480120"}],"version-history":[{"count":0,"href":"https:\/\/www.europesays.com\/fr\/wp-json\/wp\/v2\/posts\/480120\/revisions"}],"wp:featuredmedia":[{"embeddable":true,"href":"https:\/\/www.europesays.com\/fr\/wp-json\/wp\/v2\/media\/480121"}],"wp:attachment":[{"href":"https:\/\/www.europesays.com\/fr\/wp-json\/wp\/v2\/media?parent=480120"}],"wp:term":[{"taxonomy":"category","embeddable":true,"href":"https:\/\/www.europesays.com\/fr\/wp-json\/wp\/v2\/categories?post=480120"},{"taxonomy":"post_tag","embeddable":true,"href":"https:\/\/www.europesays.com\/fr\/wp-json\/wp\/v2\/tags?post=480120"}],"curies":[{"name":"wp","href":"https:\/\/api.w.org\/{rel}","templated":true}]}}