{"id":480136,"date":"2025-10-21T18:45:14","date_gmt":"2025-10-21T18:45:14","guid":{"rendered":"https:\/\/www.europesays.com\/fr\/480136\/"},"modified":"2025-10-21T18:45:14","modified_gmt":"2025-10-21T18:45:14","slug":"nancy-un-dispositif-innovant-pour-comprendre-les-mecanismes-de-resistance-des-cancers-aux-traitements","status":"publish","type":"post","link":"https:\/\/www.europesays.com\/fr\/480136\/","title":{"rendered":"Nancy. Un dispositif innovant pour comprendre les m\u00e9canismes de r\u00e9sistance des cancers aux traitements"},"content":{"rendered":"<p>Depuis son enfance, la physique-chimie et la biologie ont toujours \u00e9t\u00e9 parmi ses mati\u00e8res favorites. C\u2019est donc tout naturellement que la Nanc\u00e9ienne Halima Alem-Marchand a choisi de poursuivre ses \u00e9tudes \u00e0 la facult\u00e9 des sciences de Nancy, apr\u00e8s avoir obtenu son baccalaur\u00e9at au lyc\u00e9e Georges-de-La-Tour. \u00ab\u00a0Ce qui m\u2019a toujours int\u00e9ress\u00e9e, c\u2019est l\u2019aspect des interactions, c\u2019est-\u00e0-dire comprendre ce qui se passe et analyser les ph\u00e9nom\u00e8nes scientifiques. C\u2019est pourquoi j\u2019ai ensuite r\u00e9alis\u00e9 une th\u00e8se \u00e0 l\u2019Universit\u00e9 de Louvain, en Belgique, sur les polym\u00e8res nanoconfin\u00e9s\u00a0\u00bb, confie la professeure en physico-chimie \u00e0 l\u2019Universit\u00e9 de Lorraine et chercheuse \u00e0&#8230;<\/p>\n","protected":false},"excerpt":{"rendered":"Depuis son enfance, la physique-chimie et la biologie ont toujours \u00e9t\u00e9 parmi ses mati\u00e8res favorites. C\u2019est donc tout&hellip;\n","protected":false},"author":2,"featured_media":480137,"comment_status":"","ping_status":"","sticky":false,"template":"","format":"standard","meta":{"footnotes":""},"categories":[9635],"tags":[1111,11,1057,4854,1777,674,1011,27,775,1702,12,3456,25,71],"class_list":{"0":"post-480136","1":"post","2":"type-post","3":"status-publish","4":"format-standard","5":"has-post-thumbnail","7":"category-nancy","8":"tag-actu","9":"tag-actualites","10":"tag-education","11":"tag-enseignement-superieur","12":"tag-eu","13":"tag-europe","14":"tag-fr","15":"tag-france","16":"tag-grand-est","17":"tag-nancy","18":"tag-news","19":"tag-region-lorraine","20":"tag-republique-francaise","21":"tag-sante"},"share_on_mastodon":{"url":"https:\/\/pubeurope.com\/@fr\/115413642369379996","error":""},"_links":{"self":[{"href":"https:\/\/www.europesays.com\/fr\/wp-json\/wp\/v2\/posts\/480136","targetHints":{"allow":["GET"]}}],"collection":[{"href":"https:\/\/www.europesays.com\/fr\/wp-json\/wp\/v2\/posts"}],"about":[{"href":"https:\/\/www.europesays.com\/fr\/wp-json\/wp\/v2\/types\/post"}],"author":[{"embeddable":true,"href":"https:\/\/www.europesays.com\/fr\/wp-json\/wp\/v2\/users\/2"}],"replies":[{"embeddable":true,"href":"https:\/\/www.europesays.com\/fr\/wp-json\/wp\/v2\/comments?post=480136"}],"version-history":[{"count":0,"href":"https:\/\/www.europesays.com\/fr\/wp-json\/wp\/v2\/posts\/480136\/revisions"}],"wp:featuredmedia":[{"embeddable":true,"href":"https:\/\/www.europesays.com\/fr\/wp-json\/wp\/v2\/media\/480137"}],"wp:attachment":[{"href":"https:\/\/www.europesays.com\/fr\/wp-json\/wp\/v2\/media?parent=480136"}],"wp:term":[{"taxonomy":"category","embeddable":true,"href":"https:\/\/www.europesays.com\/fr\/wp-json\/wp\/v2\/categories?post=480136"},{"taxonomy":"post_tag","embeddable":true,"href":"https:\/\/www.europesays.com\/fr\/wp-json\/wp\/v2\/tags?post=480136"}],"curies":[{"name":"wp","href":"https:\/\/api.w.org\/{rel}","templated":true}]}}