{"id":480138,"date":"2025-10-21T18:46:29","date_gmt":"2025-10-21T18:46:29","guid":{"rendered":"https:\/\/www.europesays.com\/fr\/480138\/"},"modified":"2025-10-21T18:46:29","modified_gmt":"2025-10-21T18:46:29","slug":"photos-une-parenthese-enchantee-sinstalle-a-nancy-avec-le-cirque-arlette-gruss","status":"publish","type":"post","link":"https:\/\/www.europesays.com\/fr\/480138\/","title":{"rendered":"Photos . Une Parenth\u00e8se enchant\u00e9e s&rsquo;installe \u00e0 Nancy avec le cirque Arlette-Gruss"},"content":{"rendered":"<p>Pour la saison 2025-2026, la c\u00e9l\u00e8bre troupe du cirque Arlette Gruss d\u00e9voile son nouveau spectacle Parenth\u00e8se, une cr\u00e9ation po\u00e9tique et spectaculaire qui invite le public \u00e0 s&rsquo;\u00e9vader du quotidien, le temps d&rsquo;une respiration enchant\u00e9e. Parenth\u00e8se est \u00e0 d\u00e9couvrir, sous le majestueux chapiteau install\u00e9 place Carnot \u00e0 Nancy, jusqu&rsquo;au 2 novembre 2025.\u00a0<\/p>\n","protected":false},"excerpt":{"rendered":"Pour la saison 2025-2026, la c\u00e9l\u00e8bre troupe du cirque Arlette Gruss d\u00e9voile son nouveau spectacle Parenth\u00e8se, une cr\u00e9ation&hellip;\n","protected":false},"author":2,"featured_media":480139,"comment_status":"","ping_status":"","sticky":false,"template":"","format":"standard","meta":{"footnotes":""},"categories":[9635],"tags":[1111,11,1704,1777,674,1795,1011,27,5325,2798,775,3457,1702,12,3456,25,273,3140],"class_list":{"0":"post-480138","1":"post","2":"type-post","3":"status-publish","4":"format-standard","5":"has-post-thumbnail","7":"category-nancy","8":"tag-actu","9":"tag-actualites","10":"tag-edition-nancy-et-agglomeration","11":"tag-eu","12":"tag-europe","13":"tag-fil-web","14":"tag-fr","15":"tag-france","16":"tag-galerie-media","17":"tag-galerie-photo","18":"tag-grand-est","19":"tag-meurthe-et-moselle","20":"tag-nancy","21":"tag-news","22":"tag-region-lorraine","23":"tag-republique-francaise","24":"tag-selection-de-la-redaction","25":"tag-spectacle"},"share_on_mastodon":{"url":"https:\/\/pubeurope.com\/@fr\/115413646362162249","error":""},"_links":{"self":[{"href":"https:\/\/www.europesays.com\/fr\/wp-json\/wp\/v2\/posts\/480138","targetHints":{"allow":["GET"]}}],"collection":[{"href":"https:\/\/www.europesays.com\/fr\/wp-json\/wp\/v2\/posts"}],"about":[{"href":"https:\/\/www.europesays.com\/fr\/wp-json\/wp\/v2\/types\/post"}],"author":[{"embeddable":true,"href":"https:\/\/www.europesays.com\/fr\/wp-json\/wp\/v2\/users\/2"}],"replies":[{"embeddable":true,"href":"https:\/\/www.europesays.com\/fr\/wp-json\/wp\/v2\/comments?post=480138"}],"version-history":[{"count":0,"href":"https:\/\/www.europesays.com\/fr\/wp-json\/wp\/v2\/posts\/480138\/revisions"}],"wp:featuredmedia":[{"embeddable":true,"href":"https:\/\/www.europesays.com\/fr\/wp-json\/wp\/v2\/media\/480139"}],"wp:attachment":[{"href":"https:\/\/www.europesays.com\/fr\/wp-json\/wp\/v2\/media?parent=480138"}],"wp:term":[{"taxonomy":"category","embeddable":true,"href":"https:\/\/www.europesays.com\/fr\/wp-json\/wp\/v2\/categories?post=480138"},{"taxonomy":"post_tag","embeddable":true,"href":"https:\/\/www.europesays.com\/fr\/wp-json\/wp\/v2\/tags?post=480138"}],"curies":[{"name":"wp","href":"https:\/\/api.w.org\/{rel}","templated":true}]}}