{"id":480142,"date":"2025-10-21T18:48:12","date_gmt":"2025-10-21T18:48:12","guid":{"rendered":"https:\/\/www.europesays.com\/fr\/480142\/"},"modified":"2025-10-21T18:48:12","modified_gmt":"2025-10-21T18:48:12","slug":"un-enfant-de-7-ans-tue-dans-un-accident-de-la-route-a-toulon","status":"publish","type":"post","link":"https:\/\/www.europesays.com\/fr\/480142\/","title":{"rendered":"un enfant de 7 ans tu\u00e9 dans un accident de la route \u00e0 Toulon"},"content":{"rendered":"<p>            Par<br \/>\n        <strong><br \/>\n            <a href=\"https:\/\/actu.fr\/auteur\/guillemette-herve\" title=\"Consulter tous les articles de Agence de presse APEI\" target=\"_blank\" rel=\"noopener\">Agence de presse APEI<\/a><br \/>\n        <\/strong><\/p>\n<p>        Publi\u00e9 le<\/p>\n<p>            21 oct. 2025 \u00e0 19h46        <\/p>\n<p>Une terrible collision s\u2019est produite ce dimanche 19 octobre 2025, vers 22h30, sur la route d\u00e9partementale 46 \u00e0 <a href=\"https:\/\/actu.fr\/provence-alpes-cote-d-azur\/toulon_83137\/var-une-nouvelle-ligne-corsica-ferries-reliera-bientot-toulon-a-propriano_63330002.html\" target=\"_blank\" rel=\"noopener\">Toulon<\/a> : un choc frontal <strong>entre deux voitures<\/strong> au cours duquel un enfant \u00e2g\u00e9 de 7 ans est d\u00e9c\u00e9d\u00e9, comme le raconte <a href=\"https:\/\/www.nicematin.com\/faits-divers\/un-enfant-de-7-ans-tue-dans-un-choc-frontal-entre-deux-voitures-a-toulon-une-enquete-est-ouverte-10653293\" target=\"_blank\" rel=\"noopener\">Var Matin<\/a>.<\/p>\n<p class=\" wall-content\">La victime se trouvait, avec <strong>deux autres enfants<\/strong>, dans un v\u00e9hicule conduit par leur m\u00e8re. Plusieurs passagers se trouvaient \u00e9galement dans la seconde voiture.<\/p>\n<p>Sept bless\u00e9s<\/p>\n<p class=\" wall-content\">Les pompiers, le Samu et les services de <a href=\"https:\/\/actu.fr\/ile-de-france\/paris_75056\/les-43-000-agents-de-la-prefecture-de-police-de-paris-sans-patron-le-choix-revient-a-emmanuel-macron_63327095.html\" target=\"_blank\" rel=\"noopener\">police<\/a> nationale et municipale sont intervenus <strong>sur les lieux de l\u2019accident<\/strong>. Sept bless\u00e9s ont \u00e9t\u00e9 pris en charge et hospitalis\u00e9s.<\/p>\n<p class=\" wall-content\">Une <strong>enqu\u00eate de police<\/strong> a \u00e9t\u00e9 ouverte pour d\u00e9terminer les causes l\u2019accident.<\/p>\n<p class=\" wall-content\">Personnalisez votre actualit\u00e9 en ajoutant vos villes et m\u00e9dias en favori avec <a href=\"https:\/\/moncompte.actu.fr\" title=\"D\u00e9couvez Mon Actu\" rel=\"nofollow noopener\" data-trk=\"{&quot;cta&quot;:{&quot;action&quot;:&quot;https:\\\/\\\/moncompte.actu.fr&quot;,&quot;category&quot;:&quot;mon compte&quot;,&quot;from&quot;:&quot;article footer&quot;,&quot;name&quot;:&quot;Mon actu&quot;,&quot;type&quot;:&quot;cta&quot;}}\" target=\"_blank\">Mon Actu<\/a>.<\/p>\n","protected":false},"excerpt":{"rendered":"Par Agence de presse APEI Publi\u00e9 le 21 oct. 2025 \u00e0 19h46 Une terrible collision s\u2019est produite ce&hellip;\n","protected":false},"author":2,"featured_media":480143,"comment_status":"","ping_status":"","sticky":false,"template":"","format":"standard","meta":{"footnotes":""},"categories":[9619],"tags":[119,1111,11,1777,674,118,1011,27,12,882,25,2310],"class_list":{"0":"post-480142","1":"post","2":"type-post","3":"status-publish","4":"format-standard","5":"has-post-thumbnail","7":"category-toulon","8":"tag-accident","9":"tag-actu","10":"tag-actualites","11":"tag-eu","12":"tag-europe","13":"tag-faits-divers","14":"tag-fr","15":"tag-france","16":"tag-news","17":"tag-provence-alpes-cote-dazur","18":"tag-republique-francaise","19":"tag-toulon"},"share_on_mastodon":{"url":"https:\/\/pubeurope.com\/@fr\/115413654230796762","error":""},"_links":{"self":[{"href":"https:\/\/www.europesays.com\/fr\/wp-json\/wp\/v2\/posts\/480142","targetHints":{"allow":["GET"]}}],"collection":[{"href":"https:\/\/www.europesays.com\/fr\/wp-json\/wp\/v2\/posts"}],"about":[{"href":"https:\/\/www.europesays.com\/fr\/wp-json\/wp\/v2\/types\/post"}],"author":[{"embeddable":true,"href":"https:\/\/www.europesays.com\/fr\/wp-json\/wp\/v2\/users\/2"}],"replies":[{"embeddable":true,"href":"https:\/\/www.europesays.com\/fr\/wp-json\/wp\/v2\/comments?post=480142"}],"version-history":[{"count":0,"href":"https:\/\/www.europesays.com\/fr\/wp-json\/wp\/v2\/posts\/480142\/revisions"}],"wp:featuredmedia":[{"embeddable":true,"href":"https:\/\/www.europesays.com\/fr\/wp-json\/wp\/v2\/media\/480143"}],"wp:attachment":[{"href":"https:\/\/www.europesays.com\/fr\/wp-json\/wp\/v2\/media?parent=480142"}],"wp:term":[{"taxonomy":"category","embeddable":true,"href":"https:\/\/www.europesays.com\/fr\/wp-json\/wp\/v2\/categories?post=480142"},{"taxonomy":"post_tag","embeddable":true,"href":"https:\/\/www.europesays.com\/fr\/wp-json\/wp\/v2\/tags?post=480142"}],"curies":[{"name":"wp","href":"https:\/\/api.w.org\/{rel}","templated":true}]}}