{"id":480148,"date":"2025-10-21T18:51:12","date_gmt":"2025-10-21T18:51:12","guid":{"rendered":"https:\/\/www.europesays.com\/fr\/480148\/"},"modified":"2025-10-21T18:51:12","modified_gmt":"2025-10-21T18:51:12","slug":"une-cagnotte-pour-rapatrier-son-corps","status":"publish","type":"post","link":"https:\/\/www.europesays.com\/fr\/480148\/","title":{"rendered":"une cagnotte pour rapatrier son corps"},"content":{"rendered":"<p>            Par<br \/>\n        <strong><br \/>\n            <a href=\"https:\/\/actu.fr\/auteur\/isabellevilly\" title=\"Consulter tous les articles de Isabelle Villy\" target=\"_blank\" rel=\"noopener\">Isabelle Villy<\/a><br \/>\n        <\/strong><\/p>\n<p>        Publi\u00e9 le<\/p>\n<p>            21 oct. 2025 \u00e0 20h06        <\/p>\n<p><strong>Mamadou Garank\u00e9 Diallo<\/strong>, d\u2019origine guin\u00e9enne, travaillait dans la boucherie du quartier Waddington, \u00e0 <a href=\"https:\/\/actu.fr\/normandie\/darnetal_76212\" target=\"_blank\" rel=\"noopener\">Darn\u00e9tal (Seine-Maritime)<\/a>, pr\u00e8s de <a href=\"https:\/\/actu.fr\/normandie\/rouen_76540\" target=\"_blank\" rel=\"noopener\">Rouen<\/a>, depuis 2020, d\u2019abord avec son patron Claude Renard, qu\u2019il appelait \u00ab\u2009papi\u2009\u00bb, puis avec Fr\u00e9d\u00e9ric Becu quand ce dernier a repris la boutique.<\/p>\n<p class=\" wall-content\">Apr\u00e8s que la pr\u00e9fecture lui a signifi\u00e9 une obligation de quitter le territoire fran\u00e7ais (OQTF), <strong>le jeune homme de 21\u00a0ans a tout abandonn\u00e9<\/strong>\u2009: la vie professionnelle qu\u2019il menait \u00e0 Darn\u00e9tal, les liens affectifs qu\u2019il avait nou\u00e9s avec toutes les personnes qui l\u2019ont aid\u00e9 et pour certaines, h\u00e9berg\u00e9\u2026 Tous ceux qui constituaient comme une deuxi\u00e8me famille pour Mamadou Garank\u00e9 Diallo.<\/p>\n<p>La peur l\u2019a pouss\u00e9 \u00e0 tout quitter<\/p>\n<p class=\" wall-content\">Mais la peur qui l\u2019a accompagn\u00e9 depuis juin\u00a02025, quand il a re\u00e7u son avis d\u2019expulsion, a \u00e9t\u00e9 la plus forte. <strong>Du jour au lendemain, il a tout quitt\u00e9 sans un mot<\/strong>, avec l\u2019id\u00e9e de fuir vers un autre pays, l\u2019Angleterre en l\u2019occurrence. Quelques semaines plus tard, en septembre dernier, il a trouv\u00e9 la mort \u00e0 Dunkerque, <a href=\"https:\/\/actu.fr\/normandie\/darnetal_76212\/pres-de-rouen-mamadou-garanke-jeune-boucher-sous-le-coup-d-une-oqtf-meurt-en-tentant-de-quitter-la-france_63244919.html\" target=\"_blank\" rel=\"noopener\">comme nous l\u2019avions relat\u00e9 d\u00e9but octobre.<\/a><\/p>\n<p class=\" wall-content\">\u00ab\u2009Mamadou Garank\u00e9 Diallo \u00e9tait un mod\u00e8le de r\u00e9ussite r\u00e9publicaine. Son int\u00e9gration \u00e9tait une \u00e9vidence pour tous, sauf pour les services de l\u2019\u00c9tat\u2009\u00bb, a d\u00e9nonc\u00e9 ce mardi 21\u00a0octobre la d\u00e9put\u00e9e de la 1\u00e8re circonscription de la Seine-Maritime Florence H\u00e9rouin-L\u00e9autey \u00e0 l\u2019Assembl\u00e9e nationale.<\/p>\n<p class=\" wall-content\">\n<p>Il faut 7\u2009000\u00a0euros pour le rapatriement<\/p>\n<p class=\" wall-content\">\u00ab\u2009Koura Diouf, pr\u00e9sidente de l\u2019association qui l\u2019a suivi, a lanc\u00e9 une cagnotte pour aider au rapatriement de Mamadou en Guin\u00e9e, aupr\u00e8s des siens\u2009\u00bb, confie Fr\u00e9d\u00e9ric Becu, toujours abasourdi, aujourd\u2019hui, apr\u00e8s la mort du jeune homme. Ses clients, \u00e0 la boucherie, continuent d\u2019ailleurs de lui parler de Mamadou Garank\u00e9 Diallo.<\/p>\n<p class=\" wall-content\">Sur la vitrine de la boucherie, Fr\u00e9d\u00e9ric B\u00e9cu a placard\u00e9 l\u2019affiche qui invite chacun \u00e0 participer \u00e0 la cagnotte\u2009: \u00ab\u2009la somme n\u00e9cessaire pour le rapatrier de Dunkerque en Guin\u00e9e s\u2019\u00e9l\u00e8ve \u00e0 7\u2009000\u00a0euros\u2009\u00bb, pr\u00e9cise le commer\u00e7ant. Mardi 21\u00a0octobre, pr\u00e8s de 4000 euros avaient d\u00e9j\u00e0 \u00e9t\u00e9 collect\u00e9s.<\/p>\n<p class=\" wall-content\">Personnalisez votre actualit\u00e9 en ajoutant vos villes et m\u00e9dias en favori avec <a href=\"https:\/\/moncompte.actu.fr\" title=\"D\u00e9couvez Mon Actu\" rel=\"nofollow noopener\" data-trk=\"{&quot;cta&quot;:{&quot;action&quot;:&quot;https:\\\/\\\/moncompte.actu.fr&quot;,&quot;category&quot;:&quot;mon compte&quot;,&quot;from&quot;:&quot;article footer&quot;,&quot;name&quot;:&quot;Mon actu&quot;,&quot;type&quot;:&quot;cta&quot;}}\" target=\"_blank\">Mon Actu<\/a>.<\/p>\n","protected":false},"excerpt":{"rendered":"Par Isabelle Villy Publi\u00e9 le 21 oct. 2025 \u00e0 20h06 Mamadou Garank\u00e9 Diallo, d\u2019origine guin\u00e9enne, travaillait dans la&hellip;\n","protected":false},"author":2,"featured_media":480149,"comment_status":"","ping_status":"","sticky":false,"template":"","format":"standard","meta":{"footnotes":""},"categories":[9587],"tags":[1111,11,1777,674,1011,27,12,5161,25,9590,104,3400],"class_list":{"0":"post-480148","1":"post","2":"type-post","3":"status-publish","4":"format-standard","5":"has-post-thumbnail","7":"category-rouen","8":"tag-actu","9":"tag-actualites","10":"tag-eu","11":"tag-europe","12":"tag-fr","13":"tag-france","14":"tag-news","15":"tag-normandie","16":"tag-republique-francaise","17":"tag-rouen","18":"tag-societe","19":"tag-solidarite"},"share_on_mastodon":{"url":"https:\/\/pubeurope.com\/@fr\/115413666025470478","error":""},"_links":{"self":[{"href":"https:\/\/www.europesays.com\/fr\/wp-json\/wp\/v2\/posts\/480148","targetHints":{"allow":["GET"]}}],"collection":[{"href":"https:\/\/www.europesays.com\/fr\/wp-json\/wp\/v2\/posts"}],"about":[{"href":"https:\/\/www.europesays.com\/fr\/wp-json\/wp\/v2\/types\/post"}],"author":[{"embeddable":true,"href":"https:\/\/www.europesays.com\/fr\/wp-json\/wp\/v2\/users\/2"}],"replies":[{"embeddable":true,"href":"https:\/\/www.europesays.com\/fr\/wp-json\/wp\/v2\/comments?post=480148"}],"version-history":[{"count":0,"href":"https:\/\/www.europesays.com\/fr\/wp-json\/wp\/v2\/posts\/480148\/revisions"}],"wp:featuredmedia":[{"embeddable":true,"href":"https:\/\/www.europesays.com\/fr\/wp-json\/wp\/v2\/media\/480149"}],"wp:attachment":[{"href":"https:\/\/www.europesays.com\/fr\/wp-json\/wp\/v2\/media?parent=480148"}],"wp:term":[{"taxonomy":"category","embeddable":true,"href":"https:\/\/www.europesays.com\/fr\/wp-json\/wp\/v2\/categories?post=480148"},{"taxonomy":"post_tag","embeddable":true,"href":"https:\/\/www.europesays.com\/fr\/wp-json\/wp\/v2\/tags?post=480148"}],"curies":[{"name":"wp","href":"https:\/\/api.w.org\/{rel}","templated":true}]}}