{"id":480160,"date":"2025-10-21T18:57:25","date_gmt":"2025-10-21T18:57:25","guid":{"rendered":"https:\/\/www.europesays.com\/fr\/480160\/"},"modified":"2025-10-21T18:57:25","modified_gmt":"2025-10-21T18:57:25","slug":"la-boulangerie-qui-fait-chavirer-les-estomacs-strasbourgeois","status":"publish","type":"post","link":"https:\/\/www.europesays.com\/fr\/480160\/","title":{"rendered":"la boulangerie qui fait chavirer les estomacs strasbourgeois"},"content":{"rendered":"<p>    <img loading=\"lazy\" width=\"1800\" height=\"900\" src=\"https:\/\/www.europesays.com\/fr\/wp-content\/uploads\/2025\/08\/jeanne-callthepolice.jpg\" class=\"attachment-full size-full\" alt=\"\" id=\"imageLove\" decoding=\"async\"  \/><\/p>\n<p id=\"breadcrumbs\"><a href=\"https:\/\/pokaa.fr\/\" target=\"_blank\" rel=\"noopener\">Accueil<\/a> \/ <a href=\"https:\/\/pokaa.fr\/categories\/actu\/\" target=\"_blank\" rel=\"noopener\">Info locale<\/a> \/ La Manufacture de la p\u00e2te : la boulangerie qui fait chavirer les estomacs strasbourgeois<\/p>\n<p>                    Info locale<\/p>\n<p class=\"p1\"><b>Ouverte depuis avril dernier, la Manufacture de la p\u00e2te s\u2019est discr\u00e8tement faite une place dans l\u2019hypercentre de Strasbourg, au 23 rue des Juifs. Croissants g\u00e9n\u00e9reux, sp\u00e9cialit\u00e9s ukrainiennes et polonaises, et tout ce qu\u2019il faut en sandwichs pour la pause d\u00e9jeuner : l\u2019adresse a conquis les estomacs des Strasbourgeois(es).<\/b><\/p>\n<p class=\"p1\">En f\u00e9vrier dernier, la Maison du Go\u00fbt fermait ses portes au 23 rue des Juifs dans l\u2019hypercentre strasbourgeois. <b>\u00c0 peine deux mois plus tard, une nouvelle adresse prenait sa place : la Manufacture de la p\u00e2te<\/b>.<\/p>\n<p class=\"p1\">Boulangerie-p\u00e2tisserie ukrainienne, elle s\u2019est discr\u00e8tement faite une place dans les estomacs de gourmand(e)s avec ses sp\u00e9cialit\u00e9s de l\u2019Europe centrale.<\/p>\n<p>                <img width=\"375\" height=\"500\" src=\"https:\/\/www.europesays.com\/fr\/wp-content\/uploads\/2025\/10\/img-0338-375x500.jpg\" class=\"attachment-gallery size-gallery\" alt=\"manufacture de la pate\" data-full-url=\"https:\/\/pokaa.fr\/wp-content\/uploads\/2025\/10\/20\/img-0338.jpg\" decoding=\"async\" loading=\"lazy\"  \/>            <\/p>\n<p>                <img width=\"375\" height=\"500\" src=\"https:\/\/www.europesays.com\/fr\/wp-content\/uploads\/2025\/10\/img-0345-375x500.jpg\" class=\"attachment-gallery size-gallery\" alt=\"manufacture de la pate\" data-full-url=\"https:\/\/pokaa.fr\/wp-content\/uploads\/2025\/10\/20\/img-0345.jpg\" decoding=\"async\" loading=\"lazy\"  \/>            <\/p>\n<p>                <img width=\"667\" height=\"500\" src=\"https:\/\/www.europesays.com\/fr\/wp-content\/uploads\/2025\/10\/img-0337-667x500.jpg\" class=\"attachment-gallery size-gallery\" alt=\"manufacture de la pate\" data-full-url=\"https:\/\/pokaa.fr\/wp-content\/uploads\/2025\/10\/20\/img-0337.jpg\" decoding=\"async\" loading=\"lazy\"  \/>            <\/p>\n<p>                    \u00a9 Coraline Lafon \/ Pokaa<\/p>\n<p class=\"p1\">Il faut dire qu\u2019ils ne l\u00e9sinent pas sur les quantit\u00e9s, notamment dans leurs nombreuses viennoiseries, <b>comme des croissants fourr\u00e9s aux diff\u00e9rents plaisirs sucr\u00e9s, babkas pistache chocolat, ou cookies en tout genre<\/b>.<\/p>\n<p class=\"p1\">C\u00f4t\u00e9 sal\u00e9 \u00e9galement, en plus des sandwichs classiques, on peut retrouver des croissants sal\u00e9s, des pid\u00e9s, mais aussi des baguettes v\u00e9g\u00e9s ou bagels.<\/p>\n<p class=\"p1\">Bref, tout ce qu\u2019il faut pour remplir des estomacs peu heureux du temps maussade. Et vous, d\u00e9j\u00e0 test\u00e9 ?<\/p>\n<p>                <img width=\"667\" height=\"500\" src=\"https:\/\/www.europesays.com\/fr\/wp-content\/uploads\/2025\/10\/img-2072-grande-667x500.jpeg\" class=\"attachment-gallery size-gallery\" alt=\"manufacture de la pate\" data-full-url=\"https:\/\/pokaa.fr\/wp-content\/uploads\/2025\/10\/20\/img-2072-grande.jpeg\" decoding=\"async\" loading=\"lazy\"  \/>            <\/p>\n<p>                <img width=\"667\" height=\"500\" src=\"https:\/\/www.europesays.com\/fr\/wp-content\/uploads\/2025\/10\/img-2070-grande-667x500.jpeg\" class=\"attachment-gallery size-gallery\" alt=\"manufacture de la pate\" data-full-url=\"https:\/\/pokaa.fr\/wp-content\/uploads\/2025\/10\/20\/img-2070-grande.jpeg\" decoding=\"async\" loading=\"lazy\"  \/>            <\/p>\n<p>                <img width=\"667\" height=\"500\" src=\"https:\/\/www.europesays.com\/fr\/wp-content\/uploads\/2025\/10\/img-0333-667x500.jpg\" class=\"attachment-gallery size-gallery\" alt=\"manufacture de la pate\" data-full-url=\"https:\/\/pokaa.fr\/wp-content\/uploads\/2025\/10\/20\/img-0333.jpg\" decoding=\"async\" loading=\"lazy\"  \/>            <\/p>\n<p>                    \u00a9 Nicolas Kaspar et Coraline Lafon \/ Pokaa<\/p>\n<p>                <img width=\"667\" height=\"500\" src=\"https:\/\/www.europesays.com\/fr\/wp-content\/uploads\/2025\/10\/img-0335-667x500.jpg\" class=\"attachment-gallery size-gallery\" alt=\"manufacture de la pate\" data-full-url=\"https:\/\/pokaa.fr\/wp-content\/uploads\/2025\/10\/20\/img-0335.jpg\" decoding=\"async\" loading=\"lazy\"  \/>            <\/p>\n<p>                <img width=\"667\" height=\"500\" src=\"https:\/\/www.europesays.com\/fr\/wp-content\/uploads\/2025\/10\/img-0343-667x500.jpg\" class=\"attachment-gallery size-gallery\" alt=\"manufacture de la pate\" data-full-url=\"https:\/\/pokaa.fr\/wp-content\/uploads\/2025\/10\/20\/img-0343.jpg\" decoding=\"async\" loading=\"lazy\"  \/>            <\/p>\n<p>                <img width=\"667\" height=\"500\" src=\"https:\/\/www.europesays.com\/fr\/wp-content\/uploads\/2025\/10\/img-2074-grande-667x500.jpeg\" class=\"attachment-gallery size-gallery\" alt=\"manufacture de la pate\" data-full-url=\"https:\/\/pokaa.fr\/wp-content\/uploads\/2025\/10\/20\/img-2074-grande.jpeg\" decoding=\"async\" loading=\"lazy\"  \/>            <\/p>\n<p>                    \u00a9 Nicolas Kaspar et Coraline Lafon \/ Pokaa<\/p>\n","protected":false},"excerpt":{"rendered":"Accueil \/ Info locale \/ La Manufacture de la p\u00e2te : la boulangerie qui fait chavirer les estomacs&hellip;\n","protected":false},"author":2,"featured_media":480161,"comment_status":"","ping_status":"","sticky":false,"template":"","format":"standard","meta":{"footnotes":""},"categories":[2820],"tags":[1111,11,9634,1777,674,1011,27,775,60337,12,15810,25,640],"class_list":{"0":"post-480160","1":"post","2":"type-post","3":"status-publish","4":"format-standard","5":"has-post-thumbnail","7":"category-strasbourg","8":"tag-actu","9":"tag-actualites","10":"tag-boulangerie","11":"tag-eu","12":"tag-europe","13":"tag-fr","14":"tag-france","15":"tag-grand-est","16":"tag-manufacture-de-la-pate","17":"tag-news","18":"tag-patisserie","19":"tag-republique-francaise","20":"tag-strasbourg"},"share_on_mastodon":{"url":"https:\/\/pubeurope.com\/@fr\/115413690742896752","error":""},"_links":{"self":[{"href":"https:\/\/www.europesays.com\/fr\/wp-json\/wp\/v2\/posts\/480160","targetHints":{"allow":["GET"]}}],"collection":[{"href":"https:\/\/www.europesays.com\/fr\/wp-json\/wp\/v2\/posts"}],"about":[{"href":"https:\/\/www.europesays.com\/fr\/wp-json\/wp\/v2\/types\/post"}],"author":[{"embeddable":true,"href":"https:\/\/www.europesays.com\/fr\/wp-json\/wp\/v2\/users\/2"}],"replies":[{"embeddable":true,"href":"https:\/\/www.europesays.com\/fr\/wp-json\/wp\/v2\/comments?post=480160"}],"version-history":[{"count":0,"href":"https:\/\/www.europesays.com\/fr\/wp-json\/wp\/v2\/posts\/480160\/revisions"}],"wp:featuredmedia":[{"embeddable":true,"href":"https:\/\/www.europesays.com\/fr\/wp-json\/wp\/v2\/media\/480161"}],"wp:attachment":[{"href":"https:\/\/www.europesays.com\/fr\/wp-json\/wp\/v2\/media?parent=480160"}],"wp:term":[{"taxonomy":"category","embeddable":true,"href":"https:\/\/www.europesays.com\/fr\/wp-json\/wp\/v2\/categories?post=480160"},{"taxonomy":"post_tag","embeddable":true,"href":"https:\/\/www.europesays.com\/fr\/wp-json\/wp\/v2\/tags?post=480160"}],"curies":[{"name":"wp","href":"https:\/\/api.w.org\/{rel}","templated":true}]}}