{"id":480162,"date":"2025-10-21T18:58:10","date_gmt":"2025-10-21T18:58:10","guid":{"rendered":"https:\/\/www.europesays.com\/fr\/480162\/"},"modified":"2025-10-21T18:58:10","modified_gmt":"2025-10-21T18:58:10","slug":"ca-tape-deja-a-la-porte-pour-valentin-barco","status":"publish","type":"post","link":"https:\/\/www.europesays.com\/fr\/480162\/","title":{"rendered":"\u00e7a tape d\u00e9j\u00e0 \u00e0 la porte pour Valentin Barco"},"content":{"rendered":"<p>Sa louche magnifique face au PSG vendredi dernier a d\u00e9j\u00e0 fait le tour du monde. Valentin <a href=\"https:\/\/www.footmercato.net\/joueur\/valentin-barco\/\" rel=\"nofollow noopener\" target=\"_blank\">Barco<\/a> a illumin\u00e9 le Parc des Princes de sa classe. Celle qu\u2019avaient pu apercevoir les supporters de Boca Juniors avant son d\u00e9part, tr\u00e8s pr\u00e9coce et conclu dans le conflit, pour Brighton. L\u00e0-bas, Barco n\u2019a pas exist\u00e9, tout comme du c\u00f4t\u00e9 du FC S\u00e9ville o\u00f9 il avait \u00e9t\u00e9 pr\u00eat\u00e9 la saison suivante. Ce n\u2019est qu\u2019\u00e0 <a href=\"https:\/\/www.footmercato.net\/club\/rc-strasbourg-alsace\/\" rel=\"nofollow noopener\" target=\"_blank\">Strasbourg<\/a> qu\u2019il a retrouv\u00e9 le go\u00fbt du football. <\/p>\n<p>            La suite apr\u00e8s cette publicit\u00e9<\/p>\n<p>D\u00e9sormais install\u00e9 au c\u0153ur du jeu par Liam Rosenior, Barco rayonne et sa complicit\u00e9 technique \u00e9vidente avec son attaquant et compatriote Joaquin Panichelli se d\u00e9voile chaque semaine un peu plus. Les 10 M\u20ac pay\u00e9s par Strasbourg pour lever l\u2019option d\u2019achat paraissent d\u00e9sormais d\u00e9risoires. Si sa valeur marchande sur Transfermarkt s\u2019\u00e9l\u00e8ve \u00e0 15 M\u20ac, les dirigeants strasbourgeois ne n\u00e9gocieraient pas sous la barre des 40 M\u20ac en cas d\u2019approche l\u2019\u00e9t\u00e9 prochain.<\/p>\n<p>            La suite apr\u00e8s cette publicit\u00e9<\/p>\n<p>        Le Bayern le surveille<\/p>\n<p>Il faut dire que Barco a sign\u00e9 jusqu\u2019en 2029 et qu\u2019il n\u2019y a pour l\u2019instant aucune raison de se presser \u00e0 la vendre. Mais les int\u00e9r\u00eats se font jour. Ainsi, le Bayern Munich est r\u00e9pertori\u00e9 comme l\u2019un des courtisans du joueur et l\u2019a supervis\u00e9 \u00e0 plusieurs reprises selon <a href=\"https:\/\/www.tycsports.com\/boca-juniors\/colo-barco-buscado-bayern-munich-cuanto-recibiria-boca-concreta-venta-id693596.html\" rel=\"nofollow noopener\" target=\"_blank\">TyC Sports<\/a>. La prestation \u00e9tincelante de Barco contre le PSG devrait prochainement allonger la liste des clubs int\u00e9ress\u00e9s par son pied gauche et sa polyvalence. <\/p>\n<p>Auteur de deux passes d\u00e9cisives cette saison en <a href=\"https:\/\/www.footmercato.net\/france\/ligue-1\/\" rel=\"nofollow noopener\" target=\"_blank\">Ligue 1<\/a>, le joueur de 21 ans a un r\u00eave\u00a0: participer \u00e0 la Coupe du Monde 2026 avec l\u2019Argentine. Son s\u00e9lectionneur Lionel Scaloni assure le surveiller, m\u00eame si dans la presse argentine, on le consid\u00e8re visiblement encore exclusivement comme un lat\u00e9ral gauche. Barco, c\u2019est pourtant bien plus que cela.<\/p>\n<p>\n    Pub. le 21\/10\/2025 20:01<br \/>\n            &#8211; MAJ le 21\/10\/2025 20:11\n    <\/p>\n","protected":false},"excerpt":{"rendered":"Sa louche magnifique face au PSG vendredi dernier a d\u00e9j\u00e0 fait le tour du monde. Valentin Barco a&hellip;\n","protected":false},"author":2,"featured_media":480163,"comment_status":"","ping_status":"","sticky":false,"template":"","format":"standard","meta":{"footnotes":""},"categories":[2820],"tags":[1111,11,1777,674,1011,27,775,12,25,640],"class_list":{"0":"post-480162","1":"post","2":"type-post","3":"status-publish","4":"format-standard","5":"has-post-thumbnail","7":"category-strasbourg","8":"tag-actu","9":"tag-actualites","10":"tag-eu","11":"tag-europe","12":"tag-fr","13":"tag-france","14":"tag-grand-est","15":"tag-news","16":"tag-republique-francaise","17":"tag-strasbourg"},"share_on_mastodon":{"url":"https:\/\/pubeurope.com\/@fr\/115413693534685135","error":""},"_links":{"self":[{"href":"https:\/\/www.europesays.com\/fr\/wp-json\/wp\/v2\/posts\/480162","targetHints":{"allow":["GET"]}}],"collection":[{"href":"https:\/\/www.europesays.com\/fr\/wp-json\/wp\/v2\/posts"}],"about":[{"href":"https:\/\/www.europesays.com\/fr\/wp-json\/wp\/v2\/types\/post"}],"author":[{"embeddable":true,"href":"https:\/\/www.europesays.com\/fr\/wp-json\/wp\/v2\/users\/2"}],"replies":[{"embeddable":true,"href":"https:\/\/www.europesays.com\/fr\/wp-json\/wp\/v2\/comments?post=480162"}],"version-history":[{"count":0,"href":"https:\/\/www.europesays.com\/fr\/wp-json\/wp\/v2\/posts\/480162\/revisions"}],"wp:featuredmedia":[{"embeddable":true,"href":"https:\/\/www.europesays.com\/fr\/wp-json\/wp\/v2\/media\/480163"}],"wp:attachment":[{"href":"https:\/\/www.europesays.com\/fr\/wp-json\/wp\/v2\/media?parent=480162"}],"wp:term":[{"taxonomy":"category","embeddable":true,"href":"https:\/\/www.europesays.com\/fr\/wp-json\/wp\/v2\/categories?post=480162"},{"taxonomy":"post_tag","embeddable":true,"href":"https:\/\/www.europesays.com\/fr\/wp-json\/wp\/v2\/tags?post=480162"}],"curies":[{"name":"wp","href":"https:\/\/api.w.org\/{rel}","templated":true}]}}