{"id":480170,"date":"2025-10-21T19:02:14","date_gmt":"2025-10-21T19:02:14","guid":{"rendered":"https:\/\/www.europesays.com\/fr\/480170\/"},"modified":"2025-10-21T19:02:14","modified_gmt":"2025-10-21T19:02:14","slug":"la-police-empeche-la-livraison-de-kebabs-avec-une-fronde-a-des-detenus","status":"publish","type":"post","link":"https:\/\/www.europesays.com\/fr\/480170\/","title":{"rendered":"la police emp\u00eache la livraison de kebabs avec une fronde \u00e0 des d\u00e9tenus"},"content":{"rendered":"<p>Un adolescent de 17\u00a0ans a \u00e9t\u00e9 interpell\u00e9 par la police samedi 18\u00a0octobre 2025 \u00e0 proximit\u00e9 de la maison d\u2019arr\u00eat de Nantes-Carquefou (<a target=\"_self\" href=\"https:\/\/www.lanouvellerepublique.fr\/loire-atlantique\" rel=\"noopener\">Loire-Atlantique<\/a>), avant d\u2019\u00eatre plac\u00e9 en garde \u00e0 vue. Avec deux autres individus, il avait tent\u00e9 de livrer 18 kebabs avec une fronde \u00e0 des d\u00e9tenus, rapporte <a target=\"_blank\" href=\"https:\/\/www.lefigaro.fr\/nantes\/nantes-ils-voulaient-livrer-18-kebabs-aux-detenus-de-la-maison-d-arret-20251020\" rel=\"noopener\">Le Figaro<\/a>.<\/p>\n<p>Des envois \u00ab\u00a0tr\u00e8s fr\u00e9quents\u00a0\u00bb<\/p>\n<p>Les jeunes ont \u00e9t\u00e9 rep\u00e9r\u00e9s par la s\u00e9curit\u00e9 de l\u2019\u00e9tablissement p\u00e9nitentiaire. Deux d\u2019entre eux ont pris la fuite en apercevant les forces de l\u2019ordre. Le mineur interpell\u00e9, sans ant\u00e9c\u00e9dent judiciaire, a re\u00e7u un avertissement p\u00e9nal probatoire (APP) \u00e0 l\u2019issue de son audition.<\/p>\n<p>Les kebabs saisis ont tous \u00e9t\u00e9 d\u00e9truits par les policiers. \u00ab\u00a0Les envois de nourriture sont tr\u00e8s fr\u00e9quents, a expliqu\u00e9 \u00e0 nos confr\u00e8res William Cozic, d\u00e9l\u00e9gu\u00e9 Force Ouvri\u00e8re \u00e0 la maison d\u2019arr\u00eat de Nantes. Il s\u2019agit le plus souvent de faire parvenir des produits frais ou de la restauration rapide de type McDonald\u2019s.\u00a0\u00bb Selon lui, les envois par drone sont d\u00e9sormais pr\u00e9f\u00e9r\u00e9s aux projections, car ils \u00ab\u00a0permettent d\u2019apporter les colis directement \u00e0 la fen\u00eatre des d\u00e9tenus\u00a0\u00bb.<\/p>\n","protected":false},"excerpt":{"rendered":"Un adolescent de 17\u00a0ans a \u00e9t\u00e9 interpell\u00e9 par la police samedi 18\u00a0octobre 2025 \u00e0 proximit\u00e9 de la maison&hellip;\n","protected":false},"author":2,"featured_media":480171,"comment_status":"","ping_status":"","sticky":false,"template":"","format":"standard","meta":{"footnotes":""},"categories":[2818],"tags":[1111,11,1674,1777,674,274,1011,27,3047,766,12,2636,25],"class_list":{"0":"post-480170","1":"post","2":"type-post","3":"status-publish","4":"format-standard","5":"has-post-thumbnail","7":"category-nantes","8":"tag-actu","9":"tag-actualites","10":"tag-communes","11":"tag-eu","12":"tag-europe","13":"tag-faits-divers-justice","14":"tag-fr","15":"tag-france","16":"tag-loire-atlantique","17":"tag-nantes","18":"tag-news","19":"tag-pays-de-la-loire","20":"tag-republique-francaise"},"share_on_mastodon":{"url":"https:\/\/pubeurope.com\/@fr\/115413709211518868","error":""},"_links":{"self":[{"href":"https:\/\/www.europesays.com\/fr\/wp-json\/wp\/v2\/posts\/480170","targetHints":{"allow":["GET"]}}],"collection":[{"href":"https:\/\/www.europesays.com\/fr\/wp-json\/wp\/v2\/posts"}],"about":[{"href":"https:\/\/www.europesays.com\/fr\/wp-json\/wp\/v2\/types\/post"}],"author":[{"embeddable":true,"href":"https:\/\/www.europesays.com\/fr\/wp-json\/wp\/v2\/users\/2"}],"replies":[{"embeddable":true,"href":"https:\/\/www.europesays.com\/fr\/wp-json\/wp\/v2\/comments?post=480170"}],"version-history":[{"count":0,"href":"https:\/\/www.europesays.com\/fr\/wp-json\/wp\/v2\/posts\/480170\/revisions"}],"wp:featuredmedia":[{"embeddable":true,"href":"https:\/\/www.europesays.com\/fr\/wp-json\/wp\/v2\/media\/480171"}],"wp:attachment":[{"href":"https:\/\/www.europesays.com\/fr\/wp-json\/wp\/v2\/media?parent=480170"}],"wp:term":[{"taxonomy":"category","embeddable":true,"href":"https:\/\/www.europesays.com\/fr\/wp-json\/wp\/v2\/categories?post=480170"},{"taxonomy":"post_tag","embeddable":true,"href":"https:\/\/www.europesays.com\/fr\/wp-json\/wp\/v2\/tags?post=480170"}],"curies":[{"name":"wp","href":"https:\/\/api.w.org\/{rel}","templated":true}]}}