{"id":480190,"date":"2025-10-21T19:12:21","date_gmt":"2025-10-21T19:12:21","guid":{"rendered":"https:\/\/www.europesays.com\/fr\/480190\/"},"modified":"2025-10-21T19:12:21","modified_gmt":"2025-10-21T19:12:21","slug":"le-nouveau-pont-suspendu-sur-le-rhone-se-veut-eminemment-lyonnais","status":"publish","type":"post","link":"https:\/\/www.europesays.com\/fr\/480190\/","title":{"rendered":"le nouveau pont suspendu sur le Rh\u00f4ne se veut \u00ab\u00a0\u00e9minemment lyonnais\u00a0\u00bb"},"content":{"rendered":"<p>C\u2019est bien un nouveau d\u00e9fi technique qu\u2019il s\u2019agit ici de relever. Comme l\u2019on fait avant eux et particuli\u00e8rement en terres lyonnaises des g\u00e9n\u00e9rations enti\u00e8res d\u2019ing\u00e9nieurs. En construisant des ponts ou des passerelles \u2013 c\u2019est selon. Aujourd\u2019hui, tout se passe au-dessus du Rh\u00f4ne entre Gerland (Lyon 7e ) et la Saulaie (La Mulati\u00e8re) deux secteurs bient\u00f4t reli\u00e9s par une passerelle, \u00ab\u00a0ouvrage exceptionnel de par ses dimensions\u00a0\u00bb, notent les services de la M\u00e9tropole de Lyon, ma\u00eetre d\u2019ouvrage de cette nouvelle op\u00e9ration.<\/p>\n<p><a href=\"https:\/\/www.leprogres.fr\/p\/bruno-bernard\" target=\"_blank\" rel=\"noopener\">Bruno Bernard<\/a> et Jean-Charles Kohlhaas, respectivement pr\u00e9sident et vice-pr\u00e9sident en charge des Mobilit\u00e9s, viennent de d\u00e9voiler les premi\u00e8res images de cet ouvrage, qui devrait voir le jour \u00e0 l\u2019horizon 2030.<\/p>\n<p>\u00ab&amp;nbs&#8230;                        <\/p>\n","protected":false},"excerpt":{"rendered":"C\u2019est bien un nouveau d\u00e9fi technique qu\u2019il s\u2019agit ici de relever. Comme l\u2019on fait avant eux et particuli\u00e8rement&hellip;\n","protected":false},"author":2,"featured_media":480191,"comment_status":"","ping_status":"","sticky":false,"template":"","format":"standard","meta":{"footnotes":""},"categories":[1889],"tags":[1111,11,2430,4749,3542,1687,33,2757,1777,674,107,1011,27,2428,2756,12,2661,25,2429,3151,2803],"class_list":{"0":"post-480190","1":"post","2":"type-post","3":"status-publish","4":"format-standard","5":"has-post-thumbnail","7":"category-lyon","8":"tag-actu","9":"tag-actualites","10":"tag-auvergne-rhone-alpes","11":"tag-btp-et-chantiers","12":"tag-circulation","13":"tag-culture-loisirs","14":"tag-economie","15":"tag-edition-lyon-villeurbanne","16":"tag-eu","17":"tag-europe","18":"tag-fil-info","19":"tag-fr","20":"tag-france","21":"tag-lyon","22":"tag-lyon-bassin","23":"tag-news","24":"tag-patrimoine-culturel","25":"tag-republique-francaise","26":"tag-rhone","27":"tag-selection-de-la-redaction-69","28":"tag-transport"},"share_on_mastodon":{"url":"https:\/\/pubeurope.com\/@fr\/115413748696699730","error":""},"_links":{"self":[{"href":"https:\/\/www.europesays.com\/fr\/wp-json\/wp\/v2\/posts\/480190","targetHints":{"allow":["GET"]}}],"collection":[{"href":"https:\/\/www.europesays.com\/fr\/wp-json\/wp\/v2\/posts"}],"about":[{"href":"https:\/\/www.europesays.com\/fr\/wp-json\/wp\/v2\/types\/post"}],"author":[{"embeddable":true,"href":"https:\/\/www.europesays.com\/fr\/wp-json\/wp\/v2\/users\/2"}],"replies":[{"embeddable":true,"href":"https:\/\/www.europesays.com\/fr\/wp-json\/wp\/v2\/comments?post=480190"}],"version-history":[{"count":0,"href":"https:\/\/www.europesays.com\/fr\/wp-json\/wp\/v2\/posts\/480190\/revisions"}],"wp:featuredmedia":[{"embeddable":true,"href":"https:\/\/www.europesays.com\/fr\/wp-json\/wp\/v2\/media\/480191"}],"wp:attachment":[{"href":"https:\/\/www.europesays.com\/fr\/wp-json\/wp\/v2\/media?parent=480190"}],"wp:term":[{"taxonomy":"category","embeddable":true,"href":"https:\/\/www.europesays.com\/fr\/wp-json\/wp\/v2\/categories?post=480190"},{"taxonomy":"post_tag","embeddable":true,"href":"https:\/\/www.europesays.com\/fr\/wp-json\/wp\/v2\/tags?post=480190"}],"curies":[{"name":"wp","href":"https:\/\/api.w.org\/{rel}","templated":true}]}}