{"id":480202,"date":"2025-10-21T19:19:16","date_gmt":"2025-10-21T19:19:16","guid":{"rendered":"https:\/\/www.europesays.com\/fr\/480202\/"},"modified":"2025-10-21T19:19:16","modified_gmt":"2025-10-21T19:19:16","slug":"bruxelles-dit-stop-a-un-demi-siecle-de-cooperation-energetique-avec-la-russie","status":"publish","type":"post","link":"https:\/\/www.europesays.com\/fr\/480202\/","title":{"rendered":"Bruxelles dit stop \u00e0 \u201cun demi-si\u00e8cle de coop\u00e9ration \u00e9nerg\u00e9tique\u201d avec la Russie"},"content":{"rendered":"\n<p>\u201cApr\u00e8s trois ans de discussions, de n\u00e9gociations et de concessions, l\u2019UE en a eu assez\u201d, <a href=\"https:\/\/www.politico.eu\/article\/eu-countries-move-pull-plug-on-russia-gas-hungary-slovakia\/\" target=\"_blank\" rel=\"noopener\">r\u00e9sume <strong>Politico<\/strong><\/a><strong>. <\/strong>Trois ans apr\u00e8s le d\u00e9but de l\u2019invasion de l\u2019Ukraine, les Vingt-Sept vont mettre fin \u00e0 leur <a href=\"https:\/\/www.courrierinternational.com\/grand-format\/le-monde-en-cartes-comment-la-russie-assoit-sa-puissance-sur-les-gazoducs\" target=\"_blank\" rel=\"noopener\">d\u00e9pendance au gaz russe<\/a>. Lundi 20\u00a0octobre, les ministres de l\u2019\u00c9nergie des pays de l\u2019Union se sont entendus sur une interdiction des importations de gaz russe \u2013\u00a0qu\u2019il soit liqu\u00e9fi\u00e9 ou transport\u00e9 par pipeline. Bruxelles pr\u00e9voit une sortie progressive\u00a0: les contrats \u00e0 court terme sign\u00e9s avant juin 2025 resteront valides jusqu\u2019en juin 2026, et les contrats \u00e0 long terme jusqu\u2019au 1er\u00a0janvier 2028.<\/p>\n<p>Ce plan avait besoin d\u2019obtenir une majorit\u00e9 qualifi\u00e9e et n\u2019a pas \u00e9t\u00e9 vot\u00e9 \u00e0 l\u2019unanimit\u00e9. La Hongrie et la Slovaquie, tr\u00e8s d\u00e9pendantes des importations de gaz russes, s\u2019y sont oppos\u00e9es.<\/p>\n<p><a class=\"ithalc\" data-ithal=\"lien_externe\" data-ithalc=\"[nav_article]\" target=\"_blank\" href=\"https:\/\/www.bbc.com\/russian\/articles\/cd04j47307po\" rel=\"noopener\">La <strong>BBC Russie <\/strong>pr\u00e9cise<\/a> que la mesure concerne aussi le transit de gaz russe par l\u2019Union europ\u00e9enne vers des pays tiers. Un tournant historique, selon la version russophone du diffuseur britannique, pour qui \u201cle gaz \u00e9tait le seul produit \u00e9nerg\u00e9tique russe encore \u00e9pargn\u00e9 par les sanctions\u201d. D\u2019apr\u00e8s les chiffres du Conseil europ\u00e9en, la part du gaz russe dans les importations de l\u2019UE est pass\u00e9e de 45\u00a0% avant le d\u00e9clenchement de la guerre en Ukraine \u00e0 13\u00a0% aujourd\u2019hui. Mais cette d\u00e9pendance r\u00e9siduelle repr\u00e9sente encore plu<\/p>\n","protected":false},"excerpt":{"rendered":"\u201cApr\u00e8s trois ans de discussions, de n\u00e9gociations et de concessions, l\u2019UE en a eu assez\u201d, r\u00e9sume Politico. Trois&hellip;\n","protected":false},"author":2,"featured_media":480203,"comment_status":"","ping_status":"","sticky":false,"template":"","format":"standard","meta":{"footnotes":""},"categories":[1591],"tags":[11,674,1887,843,19761,1892,12,1885,1886,132,14136,51974,8904],"class_list":{"0":"post-480202","1":"post","2":"type-post","3":"status-publish","4":"format-standard","5":"has-post-thumbnail","7":"category-russie","8":"tag-actualites","9":"tag-europe","10":"tag-federation-de-russie","11":"tag-gaz","12":"tag-gazprom","13":"tag-gu00e9opolitique","14":"tag-news","15":"tag-russia","16":"tag-russian-federation","17":"tag-russie","18":"tag-sanctions-contre-la-russie","19":"tag-tensions-russie-europe","20":"tag-u00e9nergie"},"share_on_mastodon":{"url":"https:\/\/pubeurope.com\/@fr\/115413776060199143","error":""},"_links":{"self":[{"href":"https:\/\/www.europesays.com\/fr\/wp-json\/wp\/v2\/posts\/480202","targetHints":{"allow":["GET"]}}],"collection":[{"href":"https:\/\/www.europesays.com\/fr\/wp-json\/wp\/v2\/posts"}],"about":[{"href":"https:\/\/www.europesays.com\/fr\/wp-json\/wp\/v2\/types\/post"}],"author":[{"embeddable":true,"href":"https:\/\/www.europesays.com\/fr\/wp-json\/wp\/v2\/users\/2"}],"replies":[{"embeddable":true,"href":"https:\/\/www.europesays.com\/fr\/wp-json\/wp\/v2\/comments?post=480202"}],"version-history":[{"count":0,"href":"https:\/\/www.europesays.com\/fr\/wp-json\/wp\/v2\/posts\/480202\/revisions"}],"wp:featuredmedia":[{"embeddable":true,"href":"https:\/\/www.europesays.com\/fr\/wp-json\/wp\/v2\/media\/480203"}],"wp:attachment":[{"href":"https:\/\/www.europesays.com\/fr\/wp-json\/wp\/v2\/media?parent=480202"}],"wp:term":[{"taxonomy":"category","embeddable":true,"href":"https:\/\/www.europesays.com\/fr\/wp-json\/wp\/v2\/categories?post=480202"},{"taxonomy":"post_tag","embeddable":true,"href":"https:\/\/www.europesays.com\/fr\/wp-json\/wp\/v2\/tags?post=480202"}],"curies":[{"name":"wp","href":"https:\/\/api.w.org\/{rel}","templated":true}]}}