{"id":480221,"date":"2025-10-21T19:29:16","date_gmt":"2025-10-21T19:29:16","guid":{"rendered":"https:\/\/www.europesays.com\/fr\/480221\/"},"modified":"2025-10-21T19:29:16","modified_gmt":"2025-10-21T19:29:16","slug":"peut-etre-que-je-ne-men-remettrai-jamais-keegan-bradley-encaisse-mal-le-coup-apres-la-defaite-a-bethpage","status":"publish","type":"post","link":"https:\/\/www.europesays.com\/fr\/480221\/","title":{"rendered":"\u00ab\u00a0Peut-\u00eatre que je ne m&rsquo;en remettrai jamais\u00a0\u00bb Keegan Bradley encaisse mal le coup apr\u00e8s la d\u00e9faite \u00e0 Bethpage"},"content":{"rendered":"<p>\t\t\t\t\t\t<img width=\"770\" height=\"556\" src=\"https:\/\/www.europesays.com\/fr\/wp-content\/uploads\/2025\/10\/keegan-bradley-ryder-cup-fiasco-770x556.jpg\" class=\"img-responsive wp-post-image\" alt=\"keegan-bradley-ryder-cup-fiasco \u00a9AFP\/Getty\" decoding=\"async\" fetchpriority=\"high\"  \/>\t\t\t\t\t<\/p>\n<p>\t\t\t\t\t\t Partager cet article <\/p>\n<p class=\"screen-reader-text juiz_sps_maybe_hidden_text\">Partager la publication \u00ab\u00a0\u00ab\u00a0Peut-\u00eatre que je ne m\u2019en remettrai jamais\u00a0\u00bb Keegan Bradley encaisse mal le coup apr\u00e8s la d\u00e9faite \u00e0 Bethpage\u00a0\u00bb<\/p>\n<p><strong>La Ryder Cup s\u2019est achev\u00e9e il y a un peu plus de trois semaines et Keegan Bradley est toujours tr\u00e8s affect\u00e9 par la d\u00e9faite des siens. Le capitaine de l\u2019\u00e9quipe des Etats-Unis s\u2019est exprim\u00e9 publiquement pour la premi\u00e8re fois depuis l\u2019\u00e9chec de Bethpage. Il l\u2019avoue, il a du mal \u00e0 relever la t\u00eate.<\/strong><\/p>\n<p>\u00ab C\u2019est l\u2019une des p\u00e9riodes les plus dures de ma vie. \u00bb <strong>Keegan Bradley<\/strong> n\u2019y va pas par quatre chemins. Pas de faux-semblant. Le capitaine am\u00e9ricain est touch\u00e9 dans sa chair par la d\u00e9faite de son \u00e9quipe \u00e0 <strong>Bethpage<\/strong> (15-13). Le presque retour h\u00e9ro\u00efque des siens le dimanche lors des simples n\u2019a pas suffi \u00e0 lui remonter le moral.<\/p>\n<p>\u00ab La Ryder Cup, c\u2019est comme \u00e7a : quand tu la gagnes, c\u2019est la gloire, jusqu\u2019\u00e0 la fin de ta vie. Quand tu la perds, tu dois vivre avec \u00e7a pour toujours. Cette \u00e9preuve\u00a0a \u00e9t\u00e9 brutale avec moi. \u00bb<\/p>\n<p>Tr\u00e8s affect\u00e9, KB est m\u00eame persuad\u00e9 qu\u2019il ne sera plus jamais le m\u00eame. \u00ab Je ne pense pas pouvoir m\u2019en remettre compl\u00e8tement un jour. Depuis la fin de la Ryder Cup jusqu\u2019\u00e0 aujourd\u2019hui, oui, je traverse l\u2019une des p\u00e9riodes les plus difficiles de ma vie. Vous y mettez tellement d\u2019\u00e9nergie, vous planifiez tout, et les deux premiers jours\u2026 Et bien ils se sont d\u00e9roul\u00e9s encore plus mal que nous aurions pu l\u2019imaginer. \u00bb<\/p>\n<p>\t\t\t\t\t<a id=\"188235\" href=\"https:\/\/www.formigolf.fr\/voyage-pays~rocco-forte-s-verdura-golf--spa-resort-5etoilesl~370~sicile\" target=\"_blank\" rel=\"sponsorised nofollow noopener\"><img decoding=\"async\" src=\"data:image\/svg+xml,%3Csvg%20xmlns=\" http:=\"\" class=\"img-responsive\" alt=\"\" data-lazy-src=\"https:\/\/www.europesays.com\/fr\/wp-content\/uploads\/2025\/10\/formigolf-e10-sicile-verdura-1170x275-1.gif\"\/><\/a><\/p>\n<blockquote><p>\nLes deux premiers jours se sont d\u00e9roul\u00e9s encore plus mal que nous aurions pu l\u2019imaginer\n<\/p><\/blockquote>\n<p>Apr\u00e8s les deux journ\u00e9es de double, les USA \u00e9taient men\u00e9s de sept points, 11,5 \u00e0 4,5. A domicile\u2026 L\u2019humiliation d\u2019une lourde d\u00e9faite a \u00e9t\u00e9 \u00e9vit\u00e9e gr\u00e2ce \u00e0 un dimanche de feu des Am\u00e9ricains dans les simples. Mais le capitaine ne retient que la d\u00e9faite aujourd\u2019hui. \u00ab Nous avons tout donn\u00e9 le dimanche. En vain. Je vais me souvenir quand m\u00eame des moments incroyables que nous avons pass\u00e9s dans le vestiaire avec les joueurs. Des \u00e9motions que nous avons partag\u00e9es. \u00bb<\/p>\n<p>Keegan Bradley a aussi, peut-\u00eatre, des regrets \u00e9ternels de ne pas avoir \u00e9t\u00e9 joueur. On se souvient que ses excellentes performances en 2025 avait fait de lui un candidat s\u00e9rieux pour l\u2019obtention d\u2019une wild-card. \u00ab\u00a0J\u2019aurais aim\u00e9 avoir cette chance, celle d\u2019\u00eatre un acteur des matches, de poser ma balle sur le tee. Je suis pass\u00e9 \u00e0 c\u00f4t\u00e9 de quelque chose. Mais au bout du deuxi\u00e8me ou troisi\u00e8me jour, je m\u2019\u00e9tais dit : \u00ab C\u2019est une bonne chose que je ne joue pas \u00bb, car j\u2019\u00e9tais physiquement \u00e9puis\u00e9. Heureusement que je ne l\u2019ai pas fait, car cela aurait \u00e9t\u00e9 mauvais pour l\u2019\u00e9quipe. \u00bb<\/p>\n<blockquote>\n<p>Je n\u2019aurais pas pu \u00eatre capitaine joueur. Mais je suis pass\u00e9 \u00e0 c\u00f4t\u00e9 de quelque chose.\n<\/p><\/blockquote>\n<p>\t\t\t\t\t<a id=\"186378\" href=\"https:\/\/www.garmin.com\/fr-FR\/c\/sports-fitness\/golf-gps-devices-smartwatches\/\" target=\"_blank\" rel=\"sponsorised nofollow noopener\"><img decoding=\"async\" src=\"data:image\/svg+xml,%3Csvg%20xmlns=\" http:=\"\" class=\"img-responsive\" alt=\"\" data-lazy-src=\"https:\/\/www.europesays.com\/fr\/wp-content\/uploads\/2025\/06\/garmin-e01-serie-approach-1170x275-1.jpeg\"\/><\/a><\/p>\n<p>Le 14e mondial a conclu qu\u2019il \u00e9tait encore enferm\u00e9 dans le \u00ab brouillard de la Ryder Cup \u00bb et qu\u2019il devait maintenant se recentrer sur son r\u00f4le de joueur du <strong>PGA Tour<\/strong>. Il garde l\u2019espoir de repr\u00e9senter \u00e0 nouveau l\u2019\u00e9quipe am\u00e9ricaine \u00e0 l\u2019avenir.<\/p>\n<p>\u00ab J\u2019aimerais vraiment participer \u00e0 une autre Ryder Cup. Je ne sais pas si j\u2019en aurai l\u2019occasion. \u00bb La note d\u2019espoir est l\u00e0 toutefois. Elle pourrait servir de catharsis \u00e0 Keegan Bradley.<\/p>\n<p>\t\t\t\t\t<a id=\"189447\" href=\"https:\/\/golfplus.fr\/content\/57-programme-de-fidelite\" target=\"_blank\" rel=\"sponsorised nofollow noopener\"><img fetchpriority=\"high\" decoding=\"async\" src=\"https:\/\/www.europesays.com\/fr\/wp-content\/uploads\/2025\/10\/golfplus-e28-programme-fidelite-1170x275-1.jpg\" class=\"img-responsive\" alt=\"\"\/><\/a><\/p>\n<p>\u00a9AFP\/Getty<\/p>\n","protected":false},"excerpt":{"rendered":"Partager cet article Partager la publication \u00ab\u00a0\u00ab\u00a0Peut-\u00eatre que je ne m\u2019en remettrai jamais\u00a0\u00bb Keegan Bradley encaisse mal le&hellip;\n","protected":false},"author":2,"featured_media":480222,"comment_status":"","ping_status":"","sticky":false,"template":"","format":"standard","meta":{"footnotes":""},"categories":[1418],"tags":[1011,27,1472,60],"class_list":{"0":"post-480221","1":"post","2":"type-post","3":"status-publish","4":"format-standard","5":"has-post-thumbnail","7":"category-golf","8":"tag-fr","9":"tag-france","10":"tag-golf","11":"tag-sports"},"share_on_mastodon":{"url":"https:\/\/pubeurope.com\/@fr\/115413815979012555","error":""},"_links":{"self":[{"href":"https:\/\/www.europesays.com\/fr\/wp-json\/wp\/v2\/posts\/480221","targetHints":{"allow":["GET"]}}],"collection":[{"href":"https:\/\/www.europesays.com\/fr\/wp-json\/wp\/v2\/posts"}],"about":[{"href":"https:\/\/www.europesays.com\/fr\/wp-json\/wp\/v2\/types\/post"}],"author":[{"embeddable":true,"href":"https:\/\/www.europesays.com\/fr\/wp-json\/wp\/v2\/users\/2"}],"replies":[{"embeddable":true,"href":"https:\/\/www.europesays.com\/fr\/wp-json\/wp\/v2\/comments?post=480221"}],"version-history":[{"count":0,"href":"https:\/\/www.europesays.com\/fr\/wp-json\/wp\/v2\/posts\/480221\/revisions"}],"wp:featuredmedia":[{"embeddable":true,"href":"https:\/\/www.europesays.com\/fr\/wp-json\/wp\/v2\/media\/480222"}],"wp:attachment":[{"href":"https:\/\/www.europesays.com\/fr\/wp-json\/wp\/v2\/media?parent=480221"}],"wp:term":[{"taxonomy":"category","embeddable":true,"href":"https:\/\/www.europesays.com\/fr\/wp-json\/wp\/v2\/categories?post=480221"},{"taxonomy":"post_tag","embeddable":true,"href":"https:\/\/www.europesays.com\/fr\/wp-json\/wp\/v2\/tags?post=480221"}],"curies":[{"name":"wp","href":"https:\/\/api.w.org\/{rel}","templated":true}]}}