{"id":480223,"date":"2025-10-21T19:30:44","date_gmt":"2025-10-21T19:30:44","guid":{"rendered":"https:\/\/www.europesays.com\/fr\/480223\/"},"modified":"2025-10-21T19:30:44","modified_gmt":"2025-10-21T19:30:44","slug":"tours-vb-voss-strehlau-la-folle-ascension","status":"publish","type":"post","link":"https:\/\/www.europesays.com\/fr\/480223\/","title":{"rendered":"Tours VB : Voss &#8211; Strehlau, la folle ascension"},"content":{"rendered":"<p>Les opportunit\u00e9s pour atteindre les sommets sont souvent rares, fugaces. Il convient alors de savoir les saisir au bon moment, \u00e0 pleines mains. Et en la mati\u00e8re, Guilherme Voss et Alexandre Strehlau sont de ceux \u00e0 avoir parfaitement su embrasser leur destin au Tours Volley-Ball la saison pass\u00e9e.<\/p>\n<p>Ce, alors m\u00eame qu\u2019\u00e0 l\u2019heure de d\u00e9buter l\u2019exercice 2024-2025, rien ne leur assurait d\u2019endosser ce r\u00f4le pr\u00e9pond\u00e9rant qu\u2019ils ont eu au moment d\u2019entrer dans le money-time fatidique\u00a0: d\u2019un c\u00f4t\u00e9, le central br\u00e9silien, \u00ab\u00a0pari\u00a0\u00bb du TVB d\u00e9barqu\u00e9 de l\u2019universit\u00e9 d\u2019Hawa\u00ef\u00a0pour vivre sa premi\u00e8re exp\u00e9rience professionnelle\u00a0; de l\u2019autre, le jeune r\u00e9ceptionneur-attaquant fran\u00e7ais, potentiel ind\u00e9niable mais avec encore une grosse marge de progression \u00e0 exploiter.<\/p>\n<p>Ils ont su bousculer la hi\u00e9rarchie<\/p>\n<p>Mais il faut croire que ces deux-l\u00e0 s\u2019\u00e9taient mis en t\u00eate de bousculer la hi\u00e9rarchie pr\u00e9\u00e9tablie. Et malgr\u00e9 une rude concurrence dans les rangs tourangeaux, les deux joueurs ont affich\u00e9 une \u00e9volution impressionnante, jusqu\u2019\u00e0 conclure la saison en tant que titulaires indiscutables, se montrant m\u00eame d\u00e9terminants dans la qu\u00eate du 10e\u00a0titre de champion de France de l\u2019\u00e9quipe tourangelle.<\/p>\n<p>\u00ab\u00a0En arrivant \u00e0 Tours, je ne pouvais pas savoir \u00e0 l\u2019avance que l\u2019on remporterait le championnat. Je savais juste qu\u2019il y avait cette possibilit\u00e9, puisque le TVB est une tr\u00e8s bonne \u00e9quipe. Mais rien n\u2019est jamais s\u00fbr, alors, voir tout notre travail, nos efforts r\u00e9compens\u00e9s, cela a forc\u00e9ment procur\u00e9 un grand moment de joie\u00a0\u00bb, se rem\u00e9more ainsi Voss.<\/p>\n","protected":false},"excerpt":{"rendered":"Les opportunit\u00e9s pour atteindre les sommets sont souvent rares, fugaces. Il convient alors de savoir les saisir au&hellip;\n","protected":false},"author":2,"featured_media":480224,"comment_status":"","ping_status":"","sticky":false,"template":"","format":"standard","meta":{"footnotes":""},"categories":[1417],"tags":[1392,1011,27,1387,1655,60,1390,1471,2767,1470,1469],"class_list":{"0":"post-480223","1":"post","2":"type-post","3":"status-publish","4":"format-standard","5":"has-post-thumbnail","7":"category-volley","8":"tag-a-la-une-local","9":"tag-fr","10":"tag-france","11":"tag-indre-et-loire","12":"tag-ligue-a","13":"tag-sports","14":"tag-tours","15":"tag-tours-volley-ball","16":"tag-tvb-37","17":"tag-volley","18":"tag-volleyball"},"share_on_mastodon":{"url":"https:\/\/pubeurope.com\/@fr\/115413819351369361","error":""},"_links":{"self":[{"href":"https:\/\/www.europesays.com\/fr\/wp-json\/wp\/v2\/posts\/480223","targetHints":{"allow":["GET"]}}],"collection":[{"href":"https:\/\/www.europesays.com\/fr\/wp-json\/wp\/v2\/posts"}],"about":[{"href":"https:\/\/www.europesays.com\/fr\/wp-json\/wp\/v2\/types\/post"}],"author":[{"embeddable":true,"href":"https:\/\/www.europesays.com\/fr\/wp-json\/wp\/v2\/users\/2"}],"replies":[{"embeddable":true,"href":"https:\/\/www.europesays.com\/fr\/wp-json\/wp\/v2\/comments?post=480223"}],"version-history":[{"count":0,"href":"https:\/\/www.europesays.com\/fr\/wp-json\/wp\/v2\/posts\/480223\/revisions"}],"wp:featuredmedia":[{"embeddable":true,"href":"https:\/\/www.europesays.com\/fr\/wp-json\/wp\/v2\/media\/480224"}],"wp:attachment":[{"href":"https:\/\/www.europesays.com\/fr\/wp-json\/wp\/v2\/media?parent=480223"}],"wp:term":[{"taxonomy":"category","embeddable":true,"href":"https:\/\/www.europesays.com\/fr\/wp-json\/wp\/v2\/categories?post=480223"},{"taxonomy":"post_tag","embeddable":true,"href":"https:\/\/www.europesays.com\/fr\/wp-json\/wp\/v2\/tags?post=480223"}],"curies":[{"name":"wp","href":"https:\/\/api.w.org\/{rel}","templated":true}]}}