{"id":480228,"date":"2025-10-21T19:34:14","date_gmt":"2025-10-21T19:34:14","guid":{"rendered":"https:\/\/www.europesays.com\/fr\/480228\/"},"modified":"2025-10-21T19:34:14","modified_gmt":"2025-10-21T19:34:14","slug":"la-force-de-frappe-aprilia","status":"publish","type":"post","link":"https:\/\/www.europesays.com\/fr\/480228\/","title":{"rendered":"La force de frappe Aprilia"},"content":{"rendered":"<p>Bon, Ducati est titr\u00e9 en pilote, en constructeur, en team, ils ont quand m\u00eame rat\u00e9 le WSBK et sont loin d&rsquo;avoir fait leurs preuves en Motocross. Cela dit, cette ann\u00e9e, c&rsquo;est encore eux les patrons. Et les r\u00e9sultats sans Ducati que l&rsquo;on voit tomber depuis l&rsquo;Indon\u00e9sie sont le fait de la blessure de Marquez. Ceci donn\u00e9, quand m\u00eame, l&rsquo;Australie, o\u00f9 Ducati factory pr\u00e9sentait deux motos dont une inexistante pour cause de crise ultra-existentielle de Bagnaia, n&rsquo;a pas de moto en premi\u00e8re grille, pas non plus en top cinq, Alex Marquez, leur meilleur pilote, part six. A l&rsquo;arriv\u00e9e, gr\u00e2ce \u00e0 une course d&rsquo;anthologie de Diggia, un seul podium sur deux courses. Maigre bilan, tronche de Dall&rsquo;Igna et Tardozzi qui ne parlent pas \u00e0 la presse et pas non plus \u00e0 Bagnaia d&rsquo;ailleurs. Cela-dit, il est connu des managers que quand un pilote rate une course et rentre la t\u00eate basse au stand, il faut le laisser dans sa tour d&rsquo;ivoire et ne pas approcher \u00e0 moins d&rsquo;un km ! Alors cette pouss\u00e9e extr\u00eame d&rsquo;Aprilia, deux fois double podium, a des raisons sportives explicables. D&rsquo;abord on l&rsquo;a vu peu de monde chez Ducati. Ensuite, pas de Bezzecchi non plus, puni de deux long laps en GP mais il parvient \u00e0 revenir trois en passant un Alex Marquez tr\u00e8s d\u00e9pit\u00e9 au dernier tour. Pourtant, sur le papier, Aprilia n&rsquo;\u00e9tait pas le premier choix pour aller d\u00e9fier la stature Ducati.<\/p>\n","protected":false},"excerpt":{"rendered":"Bon, Ducati est titr\u00e9 en pilote, en constructeur, en team, ils ont quand m\u00eame rat\u00e9 le WSBK et&hellip;\n","protected":false},"author":2,"featured_media":480229,"comment_status":"","ping_status":"","sticky":false,"template":"","format":"standard","meta":{"footnotes":""},"categories":[1413],"tags":[1011,27,1457,1456,60],"class_list":{"0":"post-480228","1":"post","2":"type-post","3":"status-publish","4":"format-standard","5":"has-post-thumbnail","7":"category-moto","8":"tag-fr","9":"tag-france","10":"tag-moto","11":"tag-motocycle","12":"tag-sports"},"share_on_mastodon":{"url":"https:\/\/pubeurope.com\/@fr\/115413835069195678","error":""},"_links":{"self":[{"href":"https:\/\/www.europesays.com\/fr\/wp-json\/wp\/v2\/posts\/480228","targetHints":{"allow":["GET"]}}],"collection":[{"href":"https:\/\/www.europesays.com\/fr\/wp-json\/wp\/v2\/posts"}],"about":[{"href":"https:\/\/www.europesays.com\/fr\/wp-json\/wp\/v2\/types\/post"}],"author":[{"embeddable":true,"href":"https:\/\/www.europesays.com\/fr\/wp-json\/wp\/v2\/users\/2"}],"replies":[{"embeddable":true,"href":"https:\/\/www.europesays.com\/fr\/wp-json\/wp\/v2\/comments?post=480228"}],"version-history":[{"count":0,"href":"https:\/\/www.europesays.com\/fr\/wp-json\/wp\/v2\/posts\/480228\/revisions"}],"wp:featuredmedia":[{"embeddable":true,"href":"https:\/\/www.europesays.com\/fr\/wp-json\/wp\/v2\/media\/480229"}],"wp:attachment":[{"href":"https:\/\/www.europesays.com\/fr\/wp-json\/wp\/v2\/media?parent=480228"}],"wp:term":[{"taxonomy":"category","embeddable":true,"href":"https:\/\/www.europesays.com\/fr\/wp-json\/wp\/v2\/categories?post=480228"},{"taxonomy":"post_tag","embeddable":true,"href":"https:\/\/www.europesays.com\/fr\/wp-json\/wp\/v2\/tags?post=480228"}],"curies":[{"name":"wp","href":"https:\/\/api.w.org\/{rel}","templated":true}]}}