{"id":480230,"date":"2025-10-21T19:35:12","date_gmt":"2025-10-21T19:35:12","guid":{"rendered":"https:\/\/www.europesays.com\/fr\/480230\/"},"modified":"2025-10-21T19:35:12","modified_gmt":"2025-10-21T19:35:12","slug":"la-nouvelle-generation-americaine-en-route-vers-la-formule-1-%f0%9f%87%ba%f0%9f%87%b8%f0%9f%8f%81","status":"publish","type":"post","link":"https:\/\/www.europesays.com\/fr\/480230\/","title":{"rendered":"La Nouvelle G\u00e9n\u00e9ration Am\u00e9ricaine en Route vers la Formule 1 \ud83c\uddfa\ud83c\uddf8\ud83c\udfc1"},"content":{"rendered":"<p><img decoding=\"async\" src=\"https:\/\/www.europesays.com\/fr\/wp-content\/uploads\/2025\/10\/68f7d3d195dd82b6f9686b17_Colton-Herta---Snap-On-Milwaukee-Mile-250---By_-Joe-Skibinski_Large-Image-W.jpeg\" alt=\"Le probl\u00e8me des pilotes am\u00e9ricains que le passage de Herta en F2 doit r\u00e9soudre\"\/>\ud83c\uddfa\ud83c\uddf8 Une D\u00e9cision Strat\u00e9gique : Herta, le Tremplin Am\u00e9ricain vers la F1<\/p>\n<p>Colton Herta, \u00e9toile montante du sport automobile am\u00e9ricain, a r\u00e9cemment pris l&rsquo;audacieuse d\u00e9cision de passer d\u2019IndyCar \u00e0 la Formule 2, dans l\u2019espoir de concr\u00e9tiser son r\u00eave ultime : d\u00e9crocher un volant en <a href=\"https:\/\/www.fiaformula2.com\/\" title=\"Championnat FIA Formule 2\" target=\"_blank\" rel=\"nofollow noopener\">Formule 2<\/a>. En d\u00e9pit de ses performances remarquables sur les pistes am\u00e9ricaines, Herta a compris qu&rsquo;une immersion en Europe \u00e9tait indispensable pour franchir les barri\u00e8res qui ont longtemps frein\u00e9 les pilotes am\u00e9ricains au plus haut niveau.<\/p>\n<p>Herta ne quitte pas simplement un championnat o\u00f9 il a brill\u00e9 ; il embrasse un nouveau monde, rendant hommage au prestige et \u00e0 la difficult\u00e9 de la comp\u00e9tition europ\u00e9enne. Cette transition ne vise pas seulement \u00e0 obtenir les points superlicence n\u00e9cessaires, mais \u00e9galement \u00e0 s\u2019impr\u00e9gner de la culture et des exigences propres \u00e0 la <a href=\"https:\/\/www.formula1.com\/\" title=\"Championnat du Monde de Formule 1\" target=\"_blank\" rel=\"nofollow noopener\">F1<\/a> et \u00e0 l\u2019environnement des circuits internationaux.<\/p>\n<p>Ce choix audacieux, soutenu par son engagement en tant que pilote d\u2019essai pour <a href=\"https:\/\/www.cadillac.fr\/\" title=\"Site officiel Cadillac France\" target=\"_blank\" rel=\"nofollow noopener\">Cadillac<\/a>, trouve un \u00e9cho particulier alors que les \u00c9tats-Unis cherchent \u00e0 renouer avec une tradition de pilotes engag\u00e9s et performants en F1.<\/p>\n<p>\ud83d\udcb8 Les Freins Historiques : Pourquoi les Am\u00e9ricains Ont-Ils \u00c9chou\u00e9 \u00e0 Briller en F1 ?<img decoding=\"async\" src=\"https:\/\/www.europesays.com\/fr\/wp-content\/uploads\/2025\/10\/68f7d3d295dd82b6f9686b61_Marshall.Tidrick_AxiosF1-212.jpeg\" class=\"kg-image\" alt=\"Le probl\u00e8me des pilotes am\u00e9ricains que le passage de Herta en F2 doit r\u00e9soudre\"\/>Cr\u00e9dit image : Marshall Tidrick pour Axios<\/p>\n<p>L\u2019histoire de la Formule 1 d\u00e9montre qu\u2019il est extr\u00eamement difficile pour les pilotes am\u00e9ricains d\u2019y briller. Si l\u2019on exclut quelques exceptions issues de familles extr\u00eamement ais\u00e9es, la plupart des talents am\u00e9ricains n\u2019ont pas pu acc\u00e9der facilement aux circuits europ\u00e9ens, maillon indispensable pour gravir l\u2019\u00e9chelle vers la F1.<\/p>\n<p>L&rsquo;enjeu financier est colossal : d\u00e9m\u00e9nager en Europe \u00e0 seize ans, investir dans les saisons de F3 et F2, joindre l\u2019\u00e9lite des monoplaces \u2013 tout cela exige des moyens financiers \u00e9normes. Pour chaque jeune pilote am\u00e9ricain, ce parcours signifie non seulement quitter le confort familial, mais aussi jongler avec l\u2019\u00e9ducation, la vie quotidienne et les co\u00fbts \u00e9lev\u00e9s d\u2019entretien et de comp\u00e9tition.<\/p>\n<p>Historiquement, les chances sont rest\u00e9es minimes pour ceux dont les familles ne pouvaient offrir un tel soutien financier. La pr\u00e9sence remarqu\u00e9e de pilotes nord-am\u00e9ricains tels que Lance Stroll, Nicholas Latifi ou Logan Sargeant s\u2019explique justement par leur acc\u00e8s \u00e0 des ressources exceptionnelles, leur permettant de vivre en Europe et de poursuivre leur apprentissage sur ces circuits exigeants. Depuis, la plupart des talents am\u00e9ricains sont pass\u00e9s sous les radars de la F1, n\u2019ayant pas pu \u00e9voluer d\u00e8s l\u2019adolescence dans le syst\u00e8me des formules europ\u00e9ennes.<\/p>\n<p>Colton Herta, en rejoignant la F2, cherche non seulement \u00e0 d\u00e9crocher une place sur la grille F1 mais ouvre la voie \u00e0 une g\u00e9n\u00e9ration de pilotes am\u00e9ricains qui pourraient enfin briser ce plafond de verre.<\/p>\n<p>\ud83e\uddd1\u200d\ud83c\udf93 S\u2019Int\u00e9grer au Monde Europ\u00e9en : Les D\u00e9fis et Opportunit\u00e9s de la F2 pour un Am\u00e9ricain<\/p>\n<p>La migration vers la F2 ne s\u2019improvise pas. Pour Colton Herta, il ne s\u2019agit pas seulement de rivaliser contre une g\u00e9n\u00e9ration de jeunes surdou\u00e9s aguerris aux monoplaces europ\u00e9ennes. Il doit \u00e9galement assimiler rapidement de nouveaux circuits, ma\u00eetriser la gestion des pneus et adopter les strat\u00e9gies propres \u00e0 la course europ\u00e9enne.<\/p>\n<p>Son int\u00e9gration passe aussi par la connaissance de l\u2019environnement culturel, la collaboration \u00e9troite avec les \u00e9curies pr\u00e9sentes en F1 \u2013 notamment Cadillac, qui suit de pr\u00e8s sa progression \u2013 et la capacit\u00e9 \u00e0 s\u2019adapter \u00e0 un style de management bien diff\u00e9rent de celui v\u00e9cu en IndyCar.<\/p>\n<p>Concr\u00e8tement, Herta entend se fondre dans le paysage europ\u00e9en, observer, apprendre, se faire remarquer sur chaque course, se construire un r\u00e9seau solide et d\u00e9montrer qu\u2019un pilote am\u00e9ricain peut exceller et s\u2019int\u00e9grer sur la sc\u00e8ne internationale, loin des sentiers battus am\u00e9ricains.<\/p>\n<p>Il prend ainsi le pari de l\u2019apprentissage, sacrifiant certes la stabilit\u00e9 d\u2019une \u00e9quipe de pointe en IndyCar, mais misant tout sur une exp\u00e9rience immersive de la comp\u00e9tition europ\u00e9enne. Ce faisant, il se donne les meilleures chances de s\u2019imposer comme un v\u00e9ritable chasseur de r\u00eaves.<\/p>\n<p>\ud83d\udd0e L\u2019Impact de Herta sur le R\u00f4le des Pilotes Am\u00e9ricains en F1 : Un Tournant Historique<\/p>\n<p>L\u2019engagement de Colton Herta en F2 va bien au-del\u00e0 de sa propre carri\u00e8re. Il red\u00e9finit la perception m\u00eame des pilotes am\u00e9ricains aux yeux des d\u00e9cideurs europ\u00e9ens. En osant quitter une carri\u00e8re prometteuse et stable outre-Atlantique, il brise les codes et laisse entrevoir la possibilit\u00e9 d\u2019un changement structurel pour la prochaine g\u00e9n\u00e9ration de talents am\u00e9ricains.<\/p>\n<p>En prenant ce risque calcul\u00e9, Herta contribue \u00e0 modifier les mentalit\u00e9s, que ce soit aupr\u00e8s des sponsors, des \u00e9curies ou des institutions sportives. Il devient alors une source d\u2019inspiration pour toutes celles et ceux qui r\u00eavent de rejoindre l\u2019\u00e9lite, donnant une l\u00e9gitimit\u00e9 nouvelle \u00e0 la fili\u00e8re am\u00e9ricaine.<\/p>\n<p>Son geste audacieux rappelle que d\u2019autres espoirs du pays de l\u2019Oncle Sam peuvent s\u2019emparer de leur destin, rompre avec l\u2019immobilisme historique et d\u00e9montrer que le talent sait franchir les oc\u00e9ans, pourvu qu\u2019il soit accompagn\u00e9 du bon \u00e9tat d\u2019esprit et de l\u2019engagement n\u00e9cessaire.<\/p>\n<p>\ud83d\ude80 Le Pari de la R\u00e9ussite : Une Nouvelle \u00c8re Pour le Sport Automobile Am\u00e9ricain<\/p>\n<p>Colton Herta incarne la t\u00e9nacit\u00e9, la modernit\u00e9 et l\u2019ambition d\u2019une g\u00e9n\u00e9ration am\u00e9ricaine pr\u00eate \u00e0 explorer de nouvelles fronti\u00e8res. En investissant le championnat F2, il bouscule la carte mondiale du sport automobile et relance l\u2019int\u00e9r\u00eat pour la diversit\u00e9 des talents en F1. Il redonne confiance aux jeunes pilotes, favorise la coop\u00e9ration transatlantique entre \u00e9quipes, sponsors et acad\u00e9mies, et pousse le syst\u00e8me \u00e0 \u00e9voluer en faveur d&rsquo;une plus grande \u00e9quit\u00e9.<\/p>\n<p>Le parcours de Herta pourrait rapidement devenir un mod\u00e8le \u00e0 suivre, inspirant de futurs \u00ab nouveaux venus \u00bb \u00e0 br\u00fbler les \u00e9tapes vers la Formule 1. Alors que les barri\u00e8res historiques tomberont peu \u00e0 peu, gr\u00e2ce \u00e0 des pionniers comme Herta, le sport automobile am\u00e9ricain semble pr\u00eat \u00e0 \u00e9crire une nouvelle page de son histoire.<\/p>\n<p><strong>L&rsquo;avenir appartient \u00e0 ceux qui osent. Colton Herta nous montre, par son courage et sa d\u00e9termination, que chaque r\u00eave est accessible \u2014 pourvu qu\u2019on ose sortir des lignes trac\u00e9es et prendre son destin en main.<\/strong> \ud83c\udfc6<\/p>\n<p>\u00c0 l\u2019image de Colton Herta qui brise les codes, beaucoup r\u00eavent un jour de prendre le volant d\u2019une Ferrari 488. D\u00e9couvrez comment r\u00e9aliser ce r\u00eave via des solutions comme la LOA ou le leasing avec Joinsteer sur <a href=\"https:\/\/www.joinsteer.com\/\" rel=\"nofollow noopener\" target=\"_blank\">www.joinsteer.com<\/a>.<\/p>\n","protected":false},"excerpt":{"rendered":"\ud83c\uddfa\ud83c\uddf8 Une D\u00e9cision Strat\u00e9gique : Herta, le Tremplin Am\u00e9ricain vers la F1 Colton Herta, \u00e9toile montante du sport&hellip;\n","protected":false},"author":2,"featured_media":480231,"comment_status":"","ping_status":"","sticky":false,"template":"","format":"standard","meta":{"footnotes":""},"categories":[1412],"tags":[1451,1452,1453,1454,1455,1011,27,60],"class_list":{"0":"post-480230","1":"post","2":"type-post","3":"status-publish","4":"format-standard","5":"has-post-thumbnail","7":"category-f1","8":"tag-f1","9":"tag-formula-1","10":"tag-formula1","11":"tag-formule-1","12":"tag-formule1","13":"tag-fr","14":"tag-france","15":"tag-sports"},"share_on_mastodon":{"url":"https:\/\/pubeurope.com\/@fr\/115413839672137689","error":""},"_links":{"self":[{"href":"https:\/\/www.europesays.com\/fr\/wp-json\/wp\/v2\/posts\/480230","targetHints":{"allow":["GET"]}}],"collection":[{"href":"https:\/\/www.europesays.com\/fr\/wp-json\/wp\/v2\/posts"}],"about":[{"href":"https:\/\/www.europesays.com\/fr\/wp-json\/wp\/v2\/types\/post"}],"author":[{"embeddable":true,"href":"https:\/\/www.europesays.com\/fr\/wp-json\/wp\/v2\/users\/2"}],"replies":[{"embeddable":true,"href":"https:\/\/www.europesays.com\/fr\/wp-json\/wp\/v2\/comments?post=480230"}],"version-history":[{"count":0,"href":"https:\/\/www.europesays.com\/fr\/wp-json\/wp\/v2\/posts\/480230\/revisions"}],"wp:featuredmedia":[{"embeddable":true,"href":"https:\/\/www.europesays.com\/fr\/wp-json\/wp\/v2\/media\/480231"}],"wp:attachment":[{"href":"https:\/\/www.europesays.com\/fr\/wp-json\/wp\/v2\/media?parent=480230"}],"wp:term":[{"taxonomy":"category","embeddable":true,"href":"https:\/\/www.europesays.com\/fr\/wp-json\/wp\/v2\/categories?post=480230"},{"taxonomy":"post_tag","embeddable":true,"href":"https:\/\/www.europesays.com\/fr\/wp-json\/wp\/v2\/tags?post=480230"}],"curies":[{"name":"wp","href":"https:\/\/api.w.org\/{rel}","templated":true}]}}