{"id":480238,"date":"2025-10-21T19:39:15","date_gmt":"2025-10-21T19:39:15","guid":{"rendered":"https:\/\/www.europesays.com\/fr\/480238\/"},"modified":"2025-10-21T19:39:15","modified_gmt":"2025-10-21T19:39:15","slug":"le-futur-orient-express-se-devoile-au-musee-des-arts-decoratifs","status":"publish","type":"post","link":"https:\/\/www.europesays.com\/fr\/480238\/","title":{"rendered":"Le futur Orient-Express se d\u00e9voile au mus\u00e9e des Arts d\u00e9coratifs"},"content":{"rendered":"<p class=\"editor-content__paragraph\">Il a suffi d\u2019un week-end pour rappeler combien la l\u00e9gende demeure intacte. <a href=\"https:\/\/www.beauxarts.com\/lifestyle\/une-rame-de-lorient-express-a-visiter-gratuitement-a-paris-pendant-les-journees-du-patrimoine\/\" target=\"_blank\" rel=\"noopener\">Lors des<strong> Journ\u00e9es europ\u00e9ennes du patrimoine<\/strong>,<\/a> la rame historique de<strong> l\u2019Orient-Express<\/strong>, <a href=\"https:\/\/www.instagram.com\/reel\/DOyi2cIjQkR\/\" target=\"_blank\" rel=\"noopener\">expos\u00e9e voie 20 \u00e0 la gare d\u2019Austerlitz<\/a>, a attir\u00e9 des milliers de visiteurs et d\u00e9courag\u00e9 beaucoup devant la tr\u00e8s longue file d\u2019attente. Restaur\u00e9es avec minutie entre 2015\u00a0et 2019, ses voitures <strong>construites dans les ann\u00e9es 1920<\/strong> \u2013 avec ses velours profonds, ses panneaux en verre de <a href=\"https:\/\/www.beauxarts.com\/grand-format\/rene-lalique-en-2-minutes\/\" target=\"_blank\" rel=\"noopener\">Ren\u00e9 Lalique<\/a> et ses marqueteries sign\u00e9es Ren\u00e9 Prou \u2013 ont raviv\u00e9 <strong>l\u2019atmosph\u00e8re feutr\u00e9e et somptueuse<\/strong> des voyages d\u2019antan.<\/p>\n<p class=\"editor-content__paragraph\">\u00c0 partir de ce 22\u00a0octobre, le <strong>mus\u00e9e des Arts d\u00e9coratifs<\/strong> consacre une pr\u00e9sentation in\u00e9dite \u00e0 ce train d\u2019exception. <strong>Trois maquettes monumentales <\/strong>du futur Orient-Express et<strong> une cabine<\/strong> de l\u2019ancien train \u00ab\u00a0\u00c9toile du Nord\u00a0\u00bb vont \u00eatre install\u00e9es sous sa nef dans le cadre de sa grande exposition \u00ab\u00a01925\u20132025. Cent ans d\u2019Art d\u00e9co\u00a0\u00bb qui c\u00e9l\u00e8bre le <a href=\"https:\/\/www.beauxarts.com\/expos\/de-paris-a-nancy-8-expos-festives-pour-celebrer-les-100-ans-de-lart-deco-en-beaute\/\" target=\"_blank\" rel=\"noopener\"><strong>centenaire de l\u2019Exposition internationale des arts d\u00e9coratifs et industriels modernes<\/strong><\/a> de 1925, moment fondateur du style <a href=\"https:\/\/www.beauxarts.com\/grand-format\/lart-deco-en-2-minutes\/\" target=\"_blank\" rel=\"noopener\">Art d\u00e9co.<\/a><\/p>\n<p>        \u00c0 lire aussi :<br \/>\n        <a class=\"renvoi-explicite__link\" href=\"https:\/\/www.beauxarts.com\/lifestyle\/une-rame-de-lorient-express-a-visiter-gratuitement-a-paris-pendant-les-journees-du-patrimoine\/\" target=\"_blank\" rel=\"noopener\">Une rame de l\u2019Orient-Express \u00e0 visiter gratuitement \u00e0 Paris pendant les Journ\u00e9es du patrimoine<\/a><\/p>\n<p>Un train luxueux raviv\u00e9 dans les moindres d\u00e9tails<\/p>\n<p>    <img loading=\"lazy\" decoding=\"async\" class=\"image__img\" src=\"https:\/\/www.europesays.com\/fr\/wp-content\/uploads\/2025\/10\/webmad_1925-2025_29-964x1205.jpg\" alt=\"La cabine de douche du futur Orient-Express\" width=\"964\" height=\"1205\"\/><\/p>\n<p>La cabine de douche du futur Orient-Express, 2025<\/p>\n<p>    i<\/p>\n<p class=\"legende__cartel\">Photo Christophe Delli\u00e8re<\/p>\n<p class=\"editor-content__paragraph\">Le visiteur sera ainsi invit\u00e9 \u00e0 d\u00e9couvrir comment le projet de renaissance port\u00e9 par Accor <strong>r\u00e9active cet h\u00e9ritage<\/strong>. L\u2019architecte Maxime d\u2019Angeac, directeur artistique de ce nouvel Orient-Express, y poursuit <strong>l\u2019ambition des \u00ab\u00a0grands ensembliers\u00a0\u00bb<\/strong> de l\u2019\u00e9poque, comme <a href=\"https:\/\/www.beauxarts.com\/expos\/lunivers-graphique-du-pape-de-lart-deco-jacques-emile-ruhlmann-se-devoile-au-mad\/\" target=\"_blank\" rel=\"noopener\">Jacques-Emile Ruhlmann<\/a> ou Jean Dunand, qui \u0153uvraient \u00e0 cr\u00e9er un univers total o\u00f9 <strong>mobilier, lumi\u00e8re et mat\u00e9riaux s\u2019harmonisent<\/strong>. Attendu <strong>sur les rails en 2027<\/strong>, le futur Orient-Express revendique<strong> la m\u00eame exigence<\/strong> que ses illustres pr\u00e9d\u00e9cesseurs. Chaque \u00e9l\u00e9ment, du luminaire \u00e0 la poign\u00e9e de porte, est d\u00e9velopp\u00e9 sur mesure gr\u00e2ce \u00e0 de multiples savoir-faire.<\/p>\n<p>        \u00c0 lire aussi :<br \/>\n        <a class=\"renvoi-explicite__link\" href=\"https:\/\/www.beauxarts.com\/vu\/un-wagon-de-lorient-express-superbement-customise-par-jr-sexpose-a-venise\/\" target=\"_blank\" rel=\"noopener\">Un wagon du Venice Simplon-Orient-Express superbement customis\u00e9 par JR s\u2019expose \u00e0 Venise<\/a><\/p>\n<p>Pr\u00eat \u00e0 embarquer pour de nouveaux voyages<\/p>\n<p class=\"editor-content__paragraph\">Historiquement propri\u00e9t\u00e9 de la SNCF, la marque Orient-Express a \u00e9t\u00e9<strong> rachet\u00e9e par Accor<\/strong> en 2022. Deux ans plus tard, un partenariat strat\u00e9gique est nou\u00e9 <strong>avec LVMH<\/strong> pour <strong>d\u00e9ployer cette marque embl\u00e9matique<\/strong> sous plusieurs formes\u00a0: h\u00f4tels, voilier et trains. Car la l\u00e9gende n\u2019a jamais vraiment quitt\u00e9 les rails.<\/p>\n<p>    <img loading=\"lazy\" decoding=\"async\" class=\"image__img\" src=\"https:\/\/www.europesays.com\/fr\/wp-content\/uploads\/2025\/10\/webmad_1925-2025_26-964x723.jpg\" alt=\"Le salon du futur Orient-Express\" width=\"964\" height=\"723\"\/><\/p>\n<p>Le salon du futur Orient-Express, 2025<\/p>\n<p>    i<\/p>\n<p class=\"legende__cartel\">Photo Christophe Delli\u00e8re<\/p>\n<p class=\"editor-content__paragraph\">En effet, des trains inspir\u00e9s de l\u2019Orient-Express circulent d\u00e9j\u00e0\u00a0: le<strong> <a href=\"https:\/\/www.beauxarts.com\/vu\/un-wagon-de-lorient-express-superbement-customise-par-jr-sexpose-a-venise\/\" target=\"_blank\" rel=\"noopener\">Venice Simplon-Orient-Express<\/a><\/strong>, op\u00e9r\u00e9 par Belmond (filiale de LVMH), relie Paris, Venise ou Istanbul dans une atmosph\u00e8re fastueuse\u00a0; tandis qu\u2019Accor exploite le<strong> Dolce Vita Orient-Express<\/strong>, centr\u00e9 sur l\u2019Italie et inspir\u00e9 du design des ann\u00e9es 1960. Comptez au moins <strong>3\u00a0500\u00a0\u20ac par passager et par nuit<\/strong> pour s\u2019offrir ce r\u00eave sur rails.<\/p>\n<p>    <img loading=\"lazy\" decoding=\"async\" class=\"image__img\" src=\"https:\/\/www.europesays.com\/fr\/wp-content\/uploads\/2025\/10\/webmad_1925-2025_23-964x1285.jpg\" alt=\"Le restaurant du futur Orient-Express\" width=\"964\" height=\"1285\"\/><\/p>\n<p>Le restaurant du futur Orient-Express, 2025<\/p>\n<p>    i<\/p>\n<p class=\"legende__cartel\">Photo Christophe Delli\u00e8re<\/p>\n<p class=\"editor-content__paragraph\">En 2027, la prochaine \u00e9tape s\u2019\u00e9crira avec la <strong>renaissance du Nostalgie-Istanbul-Orient-Express<\/strong>. Ses voitures historiques avaient \u00e9t\u00e9 <strong>red\u00e9couvertes en 2015<\/strong> par Arthur Mettetal, historien de l\u2019industrie ferroviaire, lors d\u2019un inventaire mondial men\u00e9 pour la SNCF.<\/p>\n<p class=\"editor-content__paragraph\">Un si\u00e8cle apr\u00e8s l\u2019apog\u00e9e de l\u2019Art d\u00e9co, l\u2019Orient Express s\u2019affirme \u00e0 nouveau comme un <strong>manifeste du luxe fran\u00e7ais<\/strong>, entre innovation et beaut\u00e9 intemporelle. Au mus\u00e9e des Arts s\u00e9coratifs, sa maquette condense<strong> tout un imaginaire<\/strong>\u00a0: celui d\u2019un train devenu \u0153uvre d\u2019art, pr\u00eat \u00e0 repartir pour un <strong>voyage mythique<\/strong>.<\/p>\n<p>        \u00c0 lire aussi :<br \/>\n        <a class=\"renvoi-explicite__link\" href=\"https:\/\/www.beauxarts.com\/expos\/de-paris-a-nancy-8-expos-festives-pour-celebrer-les-100-ans-de-lart-deco-en-beaute\/\" target=\"_blank\" rel=\"noopener\">De Paris \u00e0 Nancy, 8 expos festives pour c\u00e9l\u00e9brer les 100 ans de l\u2019Art d\u00e9co en beaut\u00e9<\/a><\/p>\n<p>  Arrow<\/p>\n<p>1925-2025. Cent ans d\u2019Art d\u00e9co<\/p>\n<p>Du 22 octobre 2025 au 26 avril 2026<\/p>\n<p class=\"url-expo\"><a href=\"https:\/\/madparis.fr\/1925-2025-Cent-ans-d-Art-deco\" target=\"_blank\" rel=\"noopener\">madparis.fr<\/a><\/p>\n<p class=\"annexe-content__infos\">Mus\u00e9e des Arts d\u00e9coratifs \u2022 107, rue de Rivoli \u2022 75001 Paris<br \/><a href=\"http:\/\/madparis.fr\/\" target=\"_blank\" rel=\"noopener\">madparis.fr<\/a><\/p>\n<p><script async src=\"\/\/www.instagram.com\/embed.js\"><\/script><\/p>\n","protected":false},"excerpt":{"rendered":"Il a suffi d\u2019un week-end pour rappeler combien la l\u00e9gende demeure intacte. Lors des Journ\u00e9es europ\u00e9ennes du patrimoine,&hellip;\n","protected":false},"author":2,"featured_media":480239,"comment_status":"","ping_status":"","sticky":false,"template":"","format":"standard","meta":{"footnotes":""},"categories":[1358],"tags":[12870,1348,1384,29407,1385,1386,58,59,1011,27,49435],"class_list":{"0":"post-480238","1":"post","2":"type-post","3":"status-publish","4":"format-standard","5":"has-post-thumbnail","7":"category-arts-et-design","8":"tag-art-moderne","9":"tag-arts","10":"tag-arts-and-design","11":"tag-arts-decoratifs","12":"tag-arts-et-design","13":"tag-design","14":"tag-divertissement","15":"tag-entertainment","16":"tag-fr","17":"tag-france","18":"tag-musee-des-arts-decoratifs"},"share_on_mastodon":{"url":"https:\/\/pubeurope.com\/@fr\/115413855288762191","error":""},"_links":{"self":[{"href":"https:\/\/www.europesays.com\/fr\/wp-json\/wp\/v2\/posts\/480238","targetHints":{"allow":["GET"]}}],"collection":[{"href":"https:\/\/www.europesays.com\/fr\/wp-json\/wp\/v2\/posts"}],"about":[{"href":"https:\/\/www.europesays.com\/fr\/wp-json\/wp\/v2\/types\/post"}],"author":[{"embeddable":true,"href":"https:\/\/www.europesays.com\/fr\/wp-json\/wp\/v2\/users\/2"}],"replies":[{"embeddable":true,"href":"https:\/\/www.europesays.com\/fr\/wp-json\/wp\/v2\/comments?post=480238"}],"version-history":[{"count":0,"href":"https:\/\/www.europesays.com\/fr\/wp-json\/wp\/v2\/posts\/480238\/revisions"}],"wp:featuredmedia":[{"embeddable":true,"href":"https:\/\/www.europesays.com\/fr\/wp-json\/wp\/v2\/media\/480239"}],"wp:attachment":[{"href":"https:\/\/www.europesays.com\/fr\/wp-json\/wp\/v2\/media?parent=480238"}],"wp:term":[{"taxonomy":"category","embeddable":true,"href":"https:\/\/www.europesays.com\/fr\/wp-json\/wp\/v2\/categories?post=480238"},{"taxonomy":"post_tag","embeddable":true,"href":"https:\/\/www.europesays.com\/fr\/wp-json\/wp\/v2\/tags?post=480238"}],"curies":[{"name":"wp","href":"https:\/\/api.w.org\/{rel}","templated":true}]}}