{"id":480240,"date":"2025-10-21T19:40:15","date_gmt":"2025-10-21T19:40:15","guid":{"rendered":"https:\/\/www.europesays.com\/fr\/480240\/"},"modified":"2025-10-21T19:40:15","modified_gmt":"2025-10-21T19:40:15","slug":"un-livre-dhorreur-offert-a-sa-fille-provoque-une-violente-dispute-familiale","status":"publish","type":"post","link":"https:\/\/www.europesays.com\/fr\/480240\/","title":{"rendered":"un livre d&rsquo;horreur offert \u00e0 sa fille provoque une violente dispute familiale"},"content":{"rendered":"<p class=\"mb-4 text-lg md:leading-8 break-words\">Tout commence lorsqu\u2019il confie sa fille de 7 ans, d\u2019origine am\u00e9ricaine, \u00e0 sa s\u0153ur pour une soir\u00e9e. Pour passer le temps, la tante d\u00e9cide de lui lire Scary Stories to Tell in the Dark (\u00ab des histoires d\u2019horreur \u00e0 lire dans le noir \u00bb), un classique am\u00e9ricain des ann\u00e9es 90, c\u00e9l\u00e8bre pour ses illustrations gla\u00e7antes et ses r\u00e9cits macabres. \u00ab <strong>Ma fille a ador\u00e9 le livre<\/strong>, tellement qu\u2019elle l\u2019a ramen\u00e9 \u00e0 la maison pour le montrer \u00e0 son petit fr\u00e8re de 5 ans, \u00bb raconte le p\u00e8re sur le site Slate. Mais l\u2019histoire prend un tour inattendu : le petit gar\u00e7on, terrifi\u00e9, refuse d\u00e9sormais de dormir sans la lumi\u00e8re et p<strong>asse une partie de ses nuits dans la chambre parentale<\/strong>. C\u2019est \u00e0 ce moment que la m\u00e8re perd compl\u00e8tement son sang-froid.<\/p>\n<p>\u00ab Pour elle, je dois choisir entre elle et les enfants ou ma s\u0153ur \u00bb<\/p>\n<p class=\"mb-4 text-lg md:leading-8 break-words\">\u00ab [Ma femme] \u00e9tait si furieuse qu\u2019elle a pass\u00e9 le livre \u00e0 la d\u00e9chiqueteuse, page par page, avant d\u2019envoyer les morceaux \u00e0 ma s\u0153ur accompagn\u00e9s d\u2019un mot furieux <strong>lui interdisant de revenir \u00e0 la maison <\/strong>ou d\u2019approcher nos enfants, \u00bb t\u00e9moigne le p\u00e8re, encore choqu\u00e9. S\u2019il comprend la col\u00e8re de sa femme, il estime qu\u2019elle est all\u00e9e beaucoup trop loin. \u00ab Pour elle, je dois choisir entre elle et les enfants ou ma s\u0153ur \u00bb explique-t-il dans sa lettre. Une situation qu\u2019il juge \u00ab d\u00e9lirante \u00bb.<\/p>\n<p>Une experte recommande une th\u00e9rapie de couple<\/p>\n<p class=\"mb-4 text-lg md:leading-8 break-words\">La chroniqueuse de Slate partage son avis. \u00ab D\u00e9truire un livre d\u2019enfance de votre&#8230;<\/p>\n<p class=\"mb-4 text-lg md:leading-8 break-words\"><a href=\"https:\/\/www.parents.fr\/actualites\/etre-parent\/elle-ne-remettra-plus-jamais-les-pieds-chez-nous-un-livre-dhorreur-offert-a-sa-fille-provoque-une-violente-dispute-familiale-1141764#at_medium=affiliate&amp;at_campaign=flux_rss&amp;at_type=Yahoo\" rel=\"nofollow noopener\" target=\"_blank\" data-ylk=\"slk:Lire la suite;elm:context_link;itc:0;sec:content-canvas\" class=\"link \">Lire la suite<\/a><\/p>\n","protected":false},"excerpt":{"rendered":"Tout commence lorsqu\u2019il confie sa fille de 7 ans, d\u2019origine am\u00e9ricaine, \u00e0 sa s\u0153ur pour une soir\u00e9e. Pour&hellip;\n","protected":false},"author":2,"featured_media":480241,"comment_status":"","ping_status":"","sticky":false,"template":"","format":"standard","meta":{"footnotes":""},"categories":[1357],"tags":[1379,58,59,195,1011,27,60338,13353,1380,60340,60339],"class_list":{"0":"post-480240","1":"post","2":"type-post","3":"status-publish","4":"format-standard","5":"has-post-thumbnail","7":"category-livres","8":"tag-books","9":"tag-divertissement","10":"tag-entertainment","11":"tag-fille","12":"tag-fr","13":"tag-france","14":"tag-histoires-dhorreur","15":"tag-le-petit-garcon","16":"tag-livres","17":"tag-scary-stories-to-tell-in-the-dark","18":"tag-therapie-de-couple"},"share_on_mastodon":{"url":"https:\/\/pubeurope.com\/@fr\/115413858659173740","error":""},"_links":{"self":[{"href":"https:\/\/www.europesays.com\/fr\/wp-json\/wp\/v2\/posts\/480240","targetHints":{"allow":["GET"]}}],"collection":[{"href":"https:\/\/www.europesays.com\/fr\/wp-json\/wp\/v2\/posts"}],"about":[{"href":"https:\/\/www.europesays.com\/fr\/wp-json\/wp\/v2\/types\/post"}],"author":[{"embeddable":true,"href":"https:\/\/www.europesays.com\/fr\/wp-json\/wp\/v2\/users\/2"}],"replies":[{"embeddable":true,"href":"https:\/\/www.europesays.com\/fr\/wp-json\/wp\/v2\/comments?post=480240"}],"version-history":[{"count":0,"href":"https:\/\/www.europesays.com\/fr\/wp-json\/wp\/v2\/posts\/480240\/revisions"}],"wp:featuredmedia":[{"embeddable":true,"href":"https:\/\/www.europesays.com\/fr\/wp-json\/wp\/v2\/media\/480241"}],"wp:attachment":[{"href":"https:\/\/www.europesays.com\/fr\/wp-json\/wp\/v2\/media?parent=480240"}],"wp:term":[{"taxonomy":"category","embeddable":true,"href":"https:\/\/www.europesays.com\/fr\/wp-json\/wp\/v2\/categories?post=480240"},{"taxonomy":"post_tag","embeddable":true,"href":"https:\/\/www.europesays.com\/fr\/wp-json\/wp\/v2\/tags?post=480240"}],"curies":[{"name":"wp","href":"https:\/\/api.w.org\/{rel}","templated":true}]}}