{"id":480242,"date":"2025-10-21T19:41:27","date_gmt":"2025-10-21T19:41:27","guid":{"rendered":"https:\/\/www.europesays.com\/fr\/480242\/"},"modified":"2025-10-21T19:41:27","modified_gmt":"2025-10-21T19:41:27","slug":"emilien-contraint-denchainer-les-voyages-depuis-son-elimination-des-12-coups-de-midi","status":"publish","type":"post","link":"https:\/\/www.europesays.com\/fr\/480242\/","title":{"rendered":"\u00c9milien contraint d&rsquo;encha\u00eener les voyages depuis son \u00e9limination des 12 Coups de midi"},"content":{"rendered":"<p>Trois mois et demi apr\u00e8s son \u00e9limination des 12 Coups de midi, \u00c9milien a chang\u00e9 de vie. Pas question pour lui de retourner \u00e0 l&rsquo;universit\u00e9, il tient \u00e0 profiter de ses nombreux cadeaux remport\u00e9s sur TF1 avant qu&rsquo;ils p\u00e9riment. Mais aussi, il se laisse une chance de percer sur la Toile.<\/p>\n<p>Le 25 septembre 2023, \u00c9milien faisait ses d\u00e9buts dans Les 12 coups de midi sur TF1. <a href=\"https:\/\/www.programme-tv.net\/biographie\/2099-reichmann-jean-luc\/\" data-link-people=\"f5b49b93-58e5-45b7-be63-499f37b1b108\" target=\"_blank\" rel=\"noopener\">Jean-Luc Reichmann<\/a> lui posait ses premi\u00e8res questions de culture g\u00e9n\u00e9rale, mais ce qu&rsquo;il ne savait pas, c&rsquo;est que cette aventure allait durer&#8230; durer&#8230; et durer&#8230; En effet, pendant des mois, il a explos\u00e9 les records de l&rsquo;\u00e9mission et d\u00e9tr\u00f4n\u00e9 tous <a href=\"https:\/\/www.programme-tv.net\/news\/tv\/92511-qui-sont-les-dix-plus-grands-gagnants-des-12-coups-de-midi-sur-tf1\/\" data-api-deeplink=\"teleloisirs:\/\/news\/92511\" target=\"_blank\" rel=\"noopener\">les plus grands Ma\u00eetres de midi<\/a> \u00e0 l&rsquo;instar de Bruno, \u00c9ric, Paul ou encore C\u00e9line. Mais <a href=\"https:\/\/www.programme-tv.net\/news\/tv\/382426-coup-de-theatre-emilien-elimine-des-12-coups-de-midi-apres-646-victoires-je-n-avais-pas-les-reponses\/\" data-api-deeplink=\"teleloisirs:\/\/news\/382426\" target=\"_blank\" rel=\"noopener\">son r\u00eave a pris fin le dimanche 6 juillet 2025 lorsqu&rsquo;il a \u00e9t\u00e9 \u00e9limin\u00e9<\/a>, apr\u00e8s plus de 647 participations et pr\u00e8s de deux ans de r\u00e8gne. \u00ab\u00a0Ce qui devait se passer est arriv\u00e9. Je savais que la fin \u00e9tait in\u00e9luctable et qu&rsquo;elle arriverait \u00e0 un moment donn\u00e9. \u00c7a fait m\u00eame des centaines de fois que je me disais que c&rsquo;\u00e9tait la derni\u00e8re\u00a0\u00bb, nous a-t-il confi\u00e9. Il est donc reparti chez lui, en Vend\u00e9e, avec une cagnotte totale de 2 566 931 euros, dont 809 881 euros en cadeaux.<\/p>\n<p>                        \u00c9milien (12 Coups de midi) a remport\u00e9 \u00ab\u00a0sept ou huit\u00a0\u00bb voyages : \u00ab\u00a0Ils ont une date de p\u00e9remption\u00a0\u00bb<\/p>\n<p>Dans un live Twitch sur la cha\u00eene de Samuel \u00c9tienne, \u00c9milien s&rsquo;est davantage livr\u00e9 sur<a href=\"https:\/\/www.programme-tv.net\/news\/tv\/382778-je-vais-prendre-le-relais-de-ma-mere-emilien-evoque-ce-quil-va-faire-de-ses-809-881-euros-de-cadeaux-gagnes-dans-les-12-coups-de-midi\/\" data-api-deeplink=\"teleloisirs:\/\/news\/382778\" target=\"_blank\" rel=\"noopener\"> les nombreux cadeaux<\/a> qu&rsquo;il a remport\u00e9s aux 12 Coups de midi. Au-del\u00e0 des voitures et autres v\u00e9hicules dont il est en possession aujourd&rsquo;hui, le champion a gagn\u00e9 plusieurs voyages. \u00ab\u00a0J&rsquo;en ai gagn\u00e9 sept ou huit\u00a0\u00bb, confie-t-il \u00e0<a href=\"https:\/\/www.programme-tv.net\/news\/tv\/385685-la-direction-de-france-televisions-tacle-samuel-etienne-sur-questions-pour-un-champion-il-fait-bien-son-travail-d-animateur-mais\/\" data-api-deeplink=\"teleloisirs:\/\/news\/385685\" target=\"_blank\" rel=\"noopener\"> l&rsquo;animateur de Questions pour un champion<\/a>. Par cons\u00e9quent, il ne cesse de partir en vadrouille ces derniers temps : \u00ab\u00a0Je suis en train de les faire effectivement pour les utiliser avant qu&rsquo;ils ne p\u00e9riment car ils ont une date de p\u00e9remption ces voyages !\u00a0\u00bb Une contrainte de temps qu&rsquo;il accepte largement. \u00ab\u00a0Je ne vais pas m&rsquo;en plaindre du tout, c&rsquo;est trop bien, je profite de fou\u00a0\u00bb, pr\u00e9cise-t-il. D&rsquo;autant plus que les s\u00e9jours sont vari\u00e9s, entre week-ends et semaines ! \u00ab\u00a0C&rsquo;est pour \u00e7a que je ne suis pas \u00e9norm\u00e9ment chez moi non plus, je suis en voyage, je suis un peu partout\u00a0\u00bb, confie-t-il.<\/p>\n<p>            \u00c9milien a pris une ann\u00e9e sabbatique pour trouver ce qu&rsquo;il veut faire apr\u00e8s<\/p>\n<p>Lorsqu&rsquo;il aura \u00e9puis\u00e9 (et profit\u00e9) tous ses voyages, \u00c9milien pourra se consacrer \u00e0 100 % \u00e0 sa carri\u00e8re sur Twitch, <a href=\"https:\/\/www.programme-tv.net\/news\/tv\/388280-je-me-donne-un-an-emilien-12-coups-de-midi-se-lance-officiellement-dans-une-carriere-de-streamer-sur-twitch\/\" data-api-deeplink=\"teleloisirs:\/\/news\/388280\" target=\"_blank\" rel=\"noopener\">lui qui se laisse du temps pour \u00e9voluer sur la plateforme<\/a>. \u00ab\u00a0Je me suis pris une ann\u00e9e sabbatique o\u00f9 je n&rsquo;ai pas repris mes \u00e9tudes, j&rsquo;avais mes voyages \u00e0 faire\u00a0\u00bb, indique-t-il, \u00ab\u00a0Et puis le stream me faisait envie\u00a0\u00bb. Il se laisse donc \u00ab\u00a0une ann\u00e9e\u00a0\u00bb pour \u00ab\u00a0voir\u00a0\u00bb si \u00e7a lui pla\u00eet et s&rsquo;il attire des internautes. \u00ab\u00a0Pour l&rsquo;ann\u00e9e prochaine, on verra&#8230;\u00a0\u00bb, conclut-il.<\/p>\n","protected":false},"excerpt":{"rendered":"Trois mois et demi apr\u00e8s son \u00e9limination des 12 Coups de midi, \u00c9milien a chang\u00e9 de vie. Pas&hellip;\n","protected":false},"author":2,"featured_media":480243,"comment_status":"","ping_status":"","sticky":false,"template":"","format":"standard","meta":{"footnotes":""},"categories":[1356],"tags":[244,58,8049,59,1011,27,60341,27173,11013,6569,252,1364,1749,1630],"class_list":{"0":"post-480242","1":"post","2":"type-post","3":"status-publish","4":"format-standard","5":"has-post-thumbnail","7":"category-television","8":"tag-commentaire","9":"tag-divertissement","10":"tag-emilien-les-12-coups-de-midi","11":"tag-entertainment","12":"tag-fr","13":"tag-france","14":"tag-les-12-coups","15":"tag-maitre-de-midi","16":"tag-samuel-etienne","17":"tag-streamers","18":"tag-television","19":"tag-tv","20":"tag-twitch","21":"tag-zapping"},"share_on_mastodon":{"url":"https:\/\/pubeurope.com\/@fr\/115413862595370083","error":""},"_links":{"self":[{"href":"https:\/\/www.europesays.com\/fr\/wp-json\/wp\/v2\/posts\/480242","targetHints":{"allow":["GET"]}}],"collection":[{"href":"https:\/\/www.europesays.com\/fr\/wp-json\/wp\/v2\/posts"}],"about":[{"href":"https:\/\/www.europesays.com\/fr\/wp-json\/wp\/v2\/types\/post"}],"author":[{"embeddable":true,"href":"https:\/\/www.europesays.com\/fr\/wp-json\/wp\/v2\/users\/2"}],"replies":[{"embeddable":true,"href":"https:\/\/www.europesays.com\/fr\/wp-json\/wp\/v2\/comments?post=480242"}],"version-history":[{"count":0,"href":"https:\/\/www.europesays.com\/fr\/wp-json\/wp\/v2\/posts\/480242\/revisions"}],"wp:featuredmedia":[{"embeddable":true,"href":"https:\/\/www.europesays.com\/fr\/wp-json\/wp\/v2\/media\/480243"}],"wp:attachment":[{"href":"https:\/\/www.europesays.com\/fr\/wp-json\/wp\/v2\/media?parent=480242"}],"wp:term":[{"taxonomy":"category","embeddable":true,"href":"https:\/\/www.europesays.com\/fr\/wp-json\/wp\/v2\/categories?post=480242"},{"taxonomy":"post_tag","embeddable":true,"href":"https:\/\/www.europesays.com\/fr\/wp-json\/wp\/v2\/tags?post=480242"}],"curies":[{"name":"wp","href":"https:\/\/api.w.org\/{rel}","templated":true}]}}