{"id":480267,"date":"2025-10-21T19:55:30","date_gmt":"2025-10-21T19:55:30","guid":{"rendered":"https:\/\/www.europesays.com\/fr\/480267\/"},"modified":"2025-10-21T19:55:30","modified_gmt":"2025-10-21T19:55:30","slug":"meurthe-et-moselle-a-nancy-saint-nicolas-inspire-un-calendrier-original-et-inedit-fabrique-en-lorraine","status":"publish","type":"post","link":"https:\/\/www.europesays.com\/fr\/480267\/","title":{"rendered":"Meurthe-et-Moselle. A Nancy, saint Nicolas inspire un calendrier original et in\u00e9dit fabriqu\u00e9 en Lorraine"},"content":{"rendered":"<p>Une simple lettre change et tout en est modifi\u00e9\u00a0: Avant. Calendrier de l\u2019Avant. Avec deux A. \u00c0 ne pas confondre avec calendrier de l\u2019Avent, qui n\u2019en a qu\u2019un seul.<\/p>\n<p>\u00c0 l\u2019office de tourisme Destination Nancy, une nouveaut\u00e9 vient donc d\u2019appara\u00eetre sur les rayons, o\u00f9 s\u2019exhibe ce double A qui change beaucoup la donne. Parce que ce calendrier qui compte les jours et adoucit l\u2019impatience de voir arriver la <a href=\"https:\/\/www.estrepublicain.fr\/culture-loisirs\/2022\/11\/07\/fetes-de-la-saint-nicolas-dates-defile-marches-toutes-les-infos-a-savoir\" target=\"_blank\" rel=\"noopener\">p\u00e9riode des f\u00eates, n\u2019a pas le p\u00e8re No\u00ebl pour horizon, mais bel et bien notre c\u00e9l\u00e8bre saint Nicolas<\/a> r\u00e9gional.<\/p>\n<p class=\"txt\">On a bien vu quel succ\u00e8s remportent les calendriers de l&rsquo;Avent [&#8230;] mais nous, on a voulu l&rsquo;adapter \u00e0 notre r\u00e9gion, \u00e0 nos traditions.<\/p>\n<p class=\"nom\">Vincent Dubois, directeur adjoint de Destination Nancy<\/p>\n<p>\u00ab\u00a0Comme tout le monde, on a bien vu quel succ\u00e8s remportent les <a href=\"https:\/\/www.estrepublicain.fr\/magazine-lifestyle\/2023\/11\/23\/calendriers-de-l-avent-et-les-plus-etonnants-de-cette-saison-sont\" target=\"_blank\" rel=\"noopener\">calendriers de l\u2019Avent sous toutes les formes<\/a> depuis quelques ann\u00e9es\u00a0\u00bb, annonce en effet Vincent Dubois, directeur adjoint chez Destination Nancy. \u00ab\u00a0Mais nous, on a eu envie de l\u2019adapter \u00e0 notre r\u00e9gion, \u00e0 nos traditions.\u00a0\u00bb<\/p>\n<p>Sur le principe, on reprend la recette qui marche\u00a0: une jolie bo\u00eete, assortie de petites cases \u00e0 ouvrir jour apr\u00e8s jour, dans lesquelles se niche chaque fois une petite surprise, une douceur ou un gadget.<\/p>\n<p>Mais puisque l\u2019\u00e9v\u00eaque de Myre en est la vedette, ce calendrier impose sa p\u00e9riode propre, \u00e0 savoir du 22\u00a0novembre au 6\u00a0d\u00e9cembre, date cl\u00e9. Soit quinze jours seulement. Et bien s\u00fbr, la forme en est adapt\u00e9e pour y c\u00e9l\u00e9brer le patron lorrain comme il se doit.<\/p>\n<p>  Madeleine, bergamote, magnet,\u00a0etc.<\/p>\n<p>La bo\u00eete s\u2019ouvre en deux volets, dont chacun reprend le <a href=\"https:\/\/www.estrepublicain.fr\/culture-loisirs\/2022\/09\/30\/saint-nicolas-s-offre-une-nouvelle-identite-visuelle\" target=\"_blank\" rel=\"noopener\">design imagin\u00e9 il y a quatre ans par Philippe Tytgat<\/a> , et repris depuis sur tous les supports de la ville pour les f\u00eates. \u00c0 noter qu\u2019en fa\u00e7ade, il partage la place avec sa part d\u2019ombre, en la personne du p\u00e8re Fouettard.<\/p>\n<p>Et dans chaque alv\u00e9ole, une petite bo\u00eete contenant le tr\u00e9sor du jour. Quinze au total, \u00e0 partager en deux familles\u00a0: douceurs et petits objets.<\/p>\n<p>Pour les douceurs, \u00ab\u00a0on a voulu collaborer avec des artisans locaux, madeleines de Liverdun, confiserie Lalonde, confiserie des Hautes Vosges\u00a0\u00bb. Pour les \u00ab\u00a0goodies\u00a0\u00bb, l\u2019OT s\u2019est tourn\u00e9e vers la soci\u00e9t\u00e9 AC2M, sise \u00e0 Fl\u00e9ville, sp\u00e9cialiste d\u2019objets publicitaires.<\/p>\n<p>\u00ab\u00a0L&rsquo;\u00e9quipe de l&rsquo;office (de tourisme) a proc\u00e9d\u00e9 \u00e0 toutes les mises en bo\u00eete de chacune des surprises.\u00a0\u00bb<\/p>\n<p>Si ce n\u2019est que chacun des objets (type magnet, pin\u2019s, porte-cl\u00e9s,\u00a0etc.) est con\u00e7u, l\u00e0 encore \u00e0 l\u2019effigie, du saint patron des Lorrains.<\/p>\n<p>Et le tout est rang\u00e9 dans petites et grandes bo\u00eetes, fabriqu\u00e9es par une imprimerie locale elle aussi. \u00ab\u00a0C\u2019est l\u2019\u00e9quipe de l\u2019office qui a proc\u00e9d\u00e9 \u00e0 toutes les mises en bo\u00eete de chacune des surprises.\u00a0\u00bb<\/p>\n<p>En cette ann\u00e9e de lancement, il en a \u00e9t\u00e9 fabriqu\u00e9 500 unit\u00e9s au total. Vendues 49\u00a0\u20ac chacune. Pour 15 jours \u00ab\u00a0d\u2019Avant\u00a0\u00bb seulement, on pourrait consid\u00e9rer que ce n\u2019est pas donn\u00e9\u00a0! \u00ab\u00a0Mais on a voulu proposer quelque chose de qualit\u00e9. Et on ne peut pas produire local et low cost \u00e0 la fois.\u00a0\u00bb<\/p>\n<p>Qui veut (s\u2019)en faire le pr\u00e9sent peut le trouver d\u2019ores et d\u00e9j\u00e0 en boutique. Le chrono, lui, ne sera lanc\u00e9 que dans exactement un mois\u00a0!<\/p>\n","protected":false},"excerpt":{"rendered":"Une simple lettre change et tout en est modifi\u00e9\u00a0: Avant. Calendrier de l\u2019Avant. Avec deux A. \u00c0 ne&hellip;\n","protected":false},"author":2,"featured_media":480268,"comment_status":"","ping_status":"","sticky":false,"template":"","format":"standard","meta":{"footnotes":""},"categories":[9635],"tags":[1111,11,3602,1707,1704,1706,1705,10174,1777,674,1011,27,775,1757,1702,1703,12,25],"class_list":{"0":"post-480267","1":"post","2":"type-post","3":"status-publish","4":"format-standard","5":"has-post-thumbnail","7":"category-nancy","8":"tag-actu","9":"tag-actualites","10":"tag-edition-bar-le-duc","11":"tag-edition-luneville","12":"tag-edition-nancy-et-agglomeration","13":"tag-edition-pont-a-mousson","14":"tag-edition-toul","15":"tag-edition-verdun","16":"tag-eu","17":"tag-europe","18":"tag-fr","19":"tag-france","20":"tag-grand-est","21":"tag-insolite","22":"tag-nancy","23":"tag-nancy-ville-54b","24":"tag-news","25":"tag-republique-francaise"},"share_on_mastodon":{"url":"https:\/\/pubeurope.com\/@fr\/115413917520849272","error":""},"_links":{"self":[{"href":"https:\/\/www.europesays.com\/fr\/wp-json\/wp\/v2\/posts\/480267","targetHints":{"allow":["GET"]}}],"collection":[{"href":"https:\/\/www.europesays.com\/fr\/wp-json\/wp\/v2\/posts"}],"about":[{"href":"https:\/\/www.europesays.com\/fr\/wp-json\/wp\/v2\/types\/post"}],"author":[{"embeddable":true,"href":"https:\/\/www.europesays.com\/fr\/wp-json\/wp\/v2\/users\/2"}],"replies":[{"embeddable":true,"href":"https:\/\/www.europesays.com\/fr\/wp-json\/wp\/v2\/comments?post=480267"}],"version-history":[{"count":0,"href":"https:\/\/www.europesays.com\/fr\/wp-json\/wp\/v2\/posts\/480267\/revisions"}],"wp:featuredmedia":[{"embeddable":true,"href":"https:\/\/www.europesays.com\/fr\/wp-json\/wp\/v2\/media\/480268"}],"wp:attachment":[{"href":"https:\/\/www.europesays.com\/fr\/wp-json\/wp\/v2\/media?parent=480267"}],"wp:term":[{"taxonomy":"category","embeddable":true,"href":"https:\/\/www.europesays.com\/fr\/wp-json\/wp\/v2\/categories?post=480267"},{"taxonomy":"post_tag","embeddable":true,"href":"https:\/\/www.europesays.com\/fr\/wp-json\/wp\/v2\/tags?post=480267"}],"curies":[{"name":"wp","href":"https:\/\/api.w.org\/{rel}","templated":true}]}}