{"id":480269,"date":"2025-10-21T19:57:14","date_gmt":"2025-10-21T19:57:14","guid":{"rendered":"https:\/\/www.europesays.com\/fr\/480269\/"},"modified":"2025-10-21T19:57:14","modified_gmt":"2025-10-21T19:57:14","slug":"mhsc-nancy-bonne-nouvelle-pour-zoumana-camara-qui-dispose-enfin-dun-groupe-au-complet-pour-affronter-les-lorrains","status":"publish","type":"post","link":"https:\/\/www.europesays.com\/fr\/480269\/","title":{"rendered":"MHSC-Nancy\u00a0: bonne nouvelle pour Zoumana Camara qui dispose enfin d\u2019un groupe au complet pour affronter les Lorrains"},"content":{"rendered":"<p>\n                                                                Les deux d\u00e9fenseurs de Montpellier Th\u00e9o Sainte-Luce et Ya\u00ebl Mouanga, remis d\u2019une blessure, ont repris l\u2019entra\u00eenement mardi 21\u00a0octobre et postulent \u00e0 une place pour recevoir les Lorrains samedi \u00e0 la Mosson.\n                            <\/p>\n<p>Il n\u2019en manque plus un. Le lat\u00e9ral gauche Th\u00e9o Sainte-Luce et le d\u00e9fenseur central Ya\u00ebl Mouanga, r\u00e9tabli\u00a0d\u2019une l\u00e9sion \u00e0 une cuisse contract\u00e9e fin septembre, ont pris part mardi 21\u00a0octobre \u00e0 l\u2019entra\u00eenement sous un ciel chagrin \u00e0 Grammont. L\u2019un et l\u2019autre sont donc disponibles pour jouer samedi (14\u00a0h) \u00e0 la Mosson face \u00e0 Nancy lors de la 11e journ\u00e9e de Ligue 2.<\/p>\n<p>Avec leur retour conjugu\u00e9, l\u2019entra\u00eeneur Zoumana Camara dispose de l\u2019int\u00e9gralit\u00e9 de son effectif pour la premi\u00e8re fois de la saison. Il b\u00e9n\u00e9ficie d\u2019une vari\u00e9t\u00e9 de possibilit\u00e9s pour constituer pour le moins son groupe de 18 joueurs. \u00c0 un moment, o\u00f9 Montpellier (7e) peut recoller au haut de la Ligue 2 ou s\u2019immiscer dans le sillage des leaders.<\/p>\n<p>Mbuku apte aussi<\/p>\n<p>Outre les bless\u00e9s, Camara r\u00e9cup\u00e8re \u00e9galement l\u2019attaquant Nathana\u00ebl Mbuku, laiss\u00e9 au repos samedi \u00e0 Dunkerque apr\u00e8s son aller-retour en R\u00e9publique d\u00e9mocratique du Congo pour une qualification pour les barrages africains \u00e0 la Coupe du monde.<\/p>\n<p>Tant\u00f4t \u00e0 droite, tant\u00f4t \u00e0 gauche de l\u2019attaque, Mbuku, pr\u00eat\u00e9 par le club allemand d\u2019Augsbourg, a d\u00e9but\u00e9 les neuf premiers matchs de la saison. Il postule \u00e0 une place occup\u00e9e par Victor Orakpo, passeur d\u00e9cisif dans le Nord, et Nicolas Pays.<\/p>\n","protected":false},"excerpt":{"rendered":"Les deux d\u00e9fenseurs de Montpellier Th\u00e9o Sainte-Luce et Ya\u00ebl Mouanga, remis d\u2019une blessure, ont repris l\u2019entra\u00eenement mardi 21\u00a0octobre&hellip;\n","protected":false},"author":2,"featured_media":480270,"comment_status":"","ping_status":"","sticky":false,"template":"","format":"standard","meta":{"footnotes":""},"categories":[9635],"tags":[1111,11,1777,674,1011,27,775,1702,12,25],"class_list":{"0":"post-480269","1":"post","2":"type-post","3":"status-publish","4":"format-standard","5":"has-post-thumbnail","7":"category-nancy","8":"tag-actu","9":"tag-actualites","10":"tag-eu","11":"tag-europe","12":"tag-fr","13":"tag-france","14":"tag-grand-est","15":"tag-nancy","16":"tag-news","17":"tag-republique-francaise"},"share_on_mastodon":{"url":"https:\/\/pubeurope.com\/@fr\/115413925548947119","error":""},"_links":{"self":[{"href":"https:\/\/www.europesays.com\/fr\/wp-json\/wp\/v2\/posts\/480269","targetHints":{"allow":["GET"]}}],"collection":[{"href":"https:\/\/www.europesays.com\/fr\/wp-json\/wp\/v2\/posts"}],"about":[{"href":"https:\/\/www.europesays.com\/fr\/wp-json\/wp\/v2\/types\/post"}],"author":[{"embeddable":true,"href":"https:\/\/www.europesays.com\/fr\/wp-json\/wp\/v2\/users\/2"}],"replies":[{"embeddable":true,"href":"https:\/\/www.europesays.com\/fr\/wp-json\/wp\/v2\/comments?post=480269"}],"version-history":[{"count":0,"href":"https:\/\/www.europesays.com\/fr\/wp-json\/wp\/v2\/posts\/480269\/revisions"}],"wp:featuredmedia":[{"embeddable":true,"href":"https:\/\/www.europesays.com\/fr\/wp-json\/wp\/v2\/media\/480270"}],"wp:attachment":[{"href":"https:\/\/www.europesays.com\/fr\/wp-json\/wp\/v2\/media?parent=480269"}],"wp:term":[{"taxonomy":"category","embeddable":true,"href":"https:\/\/www.europesays.com\/fr\/wp-json\/wp\/v2\/categories?post=480269"},{"taxonomy":"post_tag","embeddable":true,"href":"https:\/\/www.europesays.com\/fr\/wp-json\/wp\/v2\/tags?post=480269"}],"curies":[{"name":"wp","href":"https:\/\/api.w.org\/{rel}","templated":true}]}}