{"id":480287,"date":"2025-10-21T20:06:48","date_gmt":"2025-10-21T20:06:48","guid":{"rendered":"https:\/\/www.europesays.com\/fr\/480287\/"},"modified":"2025-10-21T20:06:48","modified_gmt":"2025-10-21T20:06:48","slug":"thorigne-fouillard-25-ans-de-cooperation-avec-la-ville-malienne-sibi-sibi","status":"publish","type":"post","link":"https:\/\/www.europesays.com\/fr\/480287\/","title":{"rendered":"Thorign\u00e9-Fouillard. 25\u00a0ans de coop\u00e9ration avec la ville malienne Sibi-Sibi"},"content":{"rendered":"<p>Mardi soir, les membres de l\u2019association Thorign\u00e9 Mali se sont retrouv\u00e9s dans la salle du conseil municipal pour c\u00e9l\u00e9brer les vingt-cinq\u00a0ans de coop\u00e9ration humanitaire avec le village de Sibi-Sibi au Mali. Les deux repr\u00e9sentants de l\u2019association au Mali, Ya\u00efgu\u00e9r\u00e9 Tembely et Boukary Sanogo, de l\u2019ONG YA-G-TU, \u00e9taient invit\u00e9s, mais faute de visa ils n\u2019\u00e9taient pas pr\u00e9sents. La technologie faisant, c\u2019est en visioconf\u00e9rence que les deux Maliens ont particip\u00e9 \u00e0 cette r\u00e9union festive.<\/p>\n<p>Le maire de Thorign\u00e9-Fouillard, Ga\u00ebl Lefeuvre, a f\u00e9licit\u00e9 l\u2019association pour son action qui a permis d\u2019am\u00e9liorer le quotidien de plusieurs milliers de Maliens. Jean-Jacques Herv\u00e9, pr\u00e9sident de Thorign\u00e9 Mali, ajoute\u00a0: \u00a0La commune, qui est \u00e0 l\u2019origine du projet il y a vingt-cinq\u00a0ans, conforte la justesse de notre mission, notamment pour le financement de l\u2019\u00e9cole du village. Un lien d\u2019amiti\u00e9 s\u2019est cr\u00e9\u00e9 entre les acteurs convaincus. L\u2019amiti\u00e9 entre les peuples n\u2019est pas un vain mot.\u00a0<\/p>\n<p>Ya\u00efgu\u00e9r\u00e9 Tembely et Boukary Sanogo ont exprim\u00e9 leurs remerciements pour cet engagement au profit des enfants (600\u00a0\u00e9l\u00e8ves sont scolaris\u00e9s).<\/p>\n<p>L\u2019association Thorign\u00e9 Mali a cl\u00f4tur\u00e9 sa semaine sp\u00e9ciale, jeudi soir, avec son assembl\u00e9e g\u00e9n\u00e9rale, ne d\u00e9sesp\u00e9rant pas de recevoir les deux correspondants maliens de l\u2019association dans un avenir proche.<\/p>\n<p>\u00a0<\/p>\n","protected":false},"excerpt":{"rendered":"Mardi soir, les membres de l\u2019association Thorign\u00e9 Mali se sont retrouv\u00e9s dans la salle du conseil municipal pour&hellip;\n","protected":false},"author":2,"featured_media":480288,"comment_status":"","ping_status":"","sticky":false,"template":"","format":"standard","meta":{"footnotes":""},"categories":[2821],"tags":[13204,1111,11,1764,829,10463,1777,674,1011,27,60344,12,584,25,56163,4182,4824],"class_list":{"0":"post-480287","1":"post","2":"type-post","3":"status-publish","4":"format-standard","5":"has-post-thumbnail","7":"category-rennes","8":"tag-13204","9":"tag-actu","10":"tag-actualites","11":"tag-ans","12":"tag-bretagne","13":"tag-cooperation","14":"tag-eu","15":"tag-europe","16":"tag-fr","17":"tag-france","18":"tag-malienne","19":"tag-news","20":"tag-rennes","21":"tag-republique-francaise","22":"tag-sibi-sibi","23":"tag-thorigne-fouillard","24":"tag-ville"},"share_on_mastodon":{"url":"https:\/\/pubeurope.com\/@fr\/115413964802519823","error":""},"_links":{"self":[{"href":"https:\/\/www.europesays.com\/fr\/wp-json\/wp\/v2\/posts\/480287","targetHints":{"allow":["GET"]}}],"collection":[{"href":"https:\/\/www.europesays.com\/fr\/wp-json\/wp\/v2\/posts"}],"about":[{"href":"https:\/\/www.europesays.com\/fr\/wp-json\/wp\/v2\/types\/post"}],"author":[{"embeddable":true,"href":"https:\/\/www.europesays.com\/fr\/wp-json\/wp\/v2\/users\/2"}],"replies":[{"embeddable":true,"href":"https:\/\/www.europesays.com\/fr\/wp-json\/wp\/v2\/comments?post=480287"}],"version-history":[{"count":0,"href":"https:\/\/www.europesays.com\/fr\/wp-json\/wp\/v2\/posts\/480287\/revisions"}],"wp:featuredmedia":[{"embeddable":true,"href":"https:\/\/www.europesays.com\/fr\/wp-json\/wp\/v2\/media\/480288"}],"wp:attachment":[{"href":"https:\/\/www.europesays.com\/fr\/wp-json\/wp\/v2\/media?parent=480287"}],"wp:term":[{"taxonomy":"category","embeddable":true,"href":"https:\/\/www.europesays.com\/fr\/wp-json\/wp\/v2\/categories?post=480287"},{"taxonomy":"post_tag","embeddable":true,"href":"https:\/\/www.europesays.com\/fr\/wp-json\/wp\/v2\/tags?post=480287"}],"curies":[{"name":"wp","href":"https:\/\/api.w.org\/{rel}","templated":true}]}}