{"id":480300,"date":"2025-10-21T20:13:14","date_gmt":"2025-10-21T20:13:14","guid":{"rendered":"https:\/\/www.europesays.com\/fr\/480300\/"},"modified":"2025-10-21T20:13:14","modified_gmt":"2025-10-21T20:13:14","slug":"un-cadre-endommage-decouvert-lors-de-verifications-de-securite-apres-le-cambriolage-du-louvre","status":"publish","type":"post","link":"https:\/\/www.europesays.com\/fr\/480300\/","title":{"rendered":"un cadre endommag\u00e9 d\u00e9couvert lors de v\u00e9rifications de s\u00e9curit\u00e9 apr\u00e8s le cambriolage du Louvre"},"content":{"rendered":"<p>\n    Identifi\u00e9es lundi dans les galeries de l\u2019\u00e9tablissement nantais, les d\u00e9gradations pass\u00e9es inaper\u00e7ues pourraient \u00eatre li\u00e9es \u00e0 une tentative de vol. Une plainte devrait \u00eatre d\u00e9pos\u00e9e \u00abrapidement\u00bb, annonce la direction du mus\u00e9e.<\/p>\n<p class=\"fig-paragraph\">Les v\u00e9rifications n\u2019ont pas \u00e9t\u00e9 men\u00e9es en vain. Organis\u00e9e lundi 20 octobre, au lendemain\u00a0<a href=\"http:\/\/www.lefigaro.fr\/actualite-france\/rachida-dati-annonce-un-braquage-au-musee-du-louvre-ce-matin-le-site-ferme-20251019\" target=\"_blank\" data-fig-type=\"NewsFlash\" rel=\"noopener\" data-gtm-custom-categorie=\"navigation\" data-gtm-custom-action=\"crossclick\" data-gtm-custom-label=\"Contextuel\" data-gtm-event=\"customEventSPE\" data-fig-domain=\"LEFIGARO\">du vol, au Louvre, de plusieurs joyaux de la Couronne de France<\/a>, une inspection des \u00e9tablissements mus\u00e9aux de la\u00a0<a href=\"https:\/\/www.lefigaro.fr\/nantes\" target=\"_blank\" data-fig-type=\"Section\" rel=\"sponsored noopener\" data-gtm-custom-categorie=\"navigation\" data-gtm-custom-action=\"crossclick\" data-gtm-custom-label=\"Contextuel\" data-gtm-event=\"customEventSPE\" data-fig-domain=\"LEFIGARO\">ville de Nantes<\/a>\u00a0a mis au jour une anomalie. Les examens r\u00e9alis\u00e9s sur la s\u00e9curisation du mus\u00e9e d\u2019arts ont r\u00e9v\u00e9l\u00e9 qu\u2019une cheville portant le cadre d\u2019une \u0153uvre expos\u00e9e en salle avait \u00e9t\u00e9 arrach\u00e9e, endommageant l\u2019encadrement. Un incident qui avait jusqu\u2019alors \u00e9chapp\u00e9 \u00e0 la vigilance de l\u2019\u00e9tablissement &#8211; et qui pourrait \u00eatre li\u00e9 \u00e0 un acte malveillant.<\/p>\n<p class=\"fig-paragraph\">La direction du mus\u00e9e a annonc\u00e9 au Figaro son intention de porter plainte \u00abrapidement\u00bb. Une enqu\u00eate a \u00e9t\u00e9 ouverte d\u00e8s lundi par la brigade nantaise d\u2019atteinte aux biens. L\u2019\u0153uvre concern\u00e9e est une huile sur bois de l\u2019artiste fran\u00e7ais\u00a0<a href=\"https:\/\/www.lefigaro.fr\/arts-expositions\/2014\/07\/04\/03015-20140704ARTFIG00297-carpeaux-le-second-empire-des-sens.php\" target=\"_blank\" data-fig-type=\"Article\" rel=\"noopener\" data-gtm-custom-categorie=\"navigation\" data-gtm-custom-action=\"crossclick\" data-gtm-custom-label=\"Contextuel\" data-gtm-event=\"customEventSPE\" data-fig-domain=\"LEFIGARO\">Jean-Baptiste Carpeaux<\/a>\u00a0(1827-1875), Paul Foucart enfant. Propri\u00e9t\u00e9 du mus\u00e9e des Beaux-Arts de Valenciennes, ce tableau de petit format &#8211; 35,4 x 26,8 cm &#8211; et dat\u00e9 de 1860 se trouve depuis 2022 en d\u00e9p\u00f4t au mus\u00e9e d\u2019arts de Nantes.<\/p>\n<p>                                    <a class=\"fig-a11y-skip a11y-hidden\" href=\"#fig-a11y-skip-main-inarticle\"><br \/>\n        Passer la publicit\u00e9<br \/>\n    <\/a><\/p>\n<p>L\u00e9g\u00e8rement endommag\u00e9<\/p>\n<p class=\"fig-paragraph\">Tutelle du mus\u00e9e d\u2019arts, Nantes M\u00e9tropole a confirm\u00e9 mardi la d\u00e9couverte de \u00abtraces suspectes\u00bb lors de la tourn\u00e9e d\u2019inspection organis\u00e9e la veille. Les sp\u00e9cialistes ont constat\u00e9 que l\u2019\u0153uvre, intacte, a gliss\u00e9 vers la droite, laissant appara\u00eetre un jour avec le cadre. \u00abLe mus\u00e9e mobilise tous les moyens \u00e0 disposition pour contribuer \u00e0 la clarification de l\u2019\u00e9v\u00e9nement, sachant que les dispositifs de s\u00e9curit\u00e9 existants font que seul le cadre a \u00e9t\u00e9 l\u00e9g\u00e8rement endommag\u00e9\u00bb, a pr\u00e9cis\u00e9 une porte-parole de la collectivit\u00e9.<\/p>\n<p class=\"fig-paragraph\">D\u2019apr\u00e8s nos confr\u00e8res d\u2019<a href=\"https:\/\/www.ouest-france.fr\/societe\/faits-divers\/mystere-au-musee-darts-de-nantes-une-tentative-de-vol-mise-au-jour-apres-le-casse-du-louvre-8290b96a-ae5a-11f0-a31a-15cd1a4e259d\" target=\"_blank\" rel=\"sponsored noopener\" data-gtm-custom-categorie=\"navigation\" data-gtm-custom-action=\"crossclick\" data-gtm-custom-label=\"Contextuel\" data-gtm-event=\"customEventSPE\">Ouest France<\/a>, la police judiciaire nantaise serait d\u2019ores et d\u00e9j\u00e0 intervenue pour proc\u00e9der aux constatations ainsi qu\u2019\u00e0 des pr\u00e9l\u00e8vements. Les images issues des cam\u00e9ras de vid\u00e9osurveillance seront \u00e9galement mobilis\u00e9es pour t\u00e2cher de mieux comprendre la date \u00e0 laquelle l\u2019incident a pu se produire. Pour l\u2019heure, aucune piste ne serait toutefois privil\u00e9gi\u00e9e. Malgr\u00e9 la plainte \u00e0 venir, la piste d\u2019une \u00e9ventuelle d\u00e9gradation volontaire ou involontaire reste \u00e9galement envisag\u00e9e.<\/p>\n","protected":false},"excerpt":{"rendered":"Identifi\u00e9es lundi dans les galeries de l\u2019\u00e9tablissement nantais, les d\u00e9gradations pass\u00e9es inaper\u00e7ues pourraient \u00eatre li\u00e9es \u00e0 une tentative&hellip;\n","protected":false},"author":2,"featured_media":480301,"comment_status":"","ping_status":"","sticky":false,"template":"","format":"standard","meta":{"footnotes":""},"categories":[2818],"tags":[1111,11,1777,674,1011,27,3048,766,12,2636,25],"class_list":{"0":"post-480300","1":"post","2":"type-post","3":"status-publish","4":"format-standard","5":"has-post-thumbnail","7":"category-nantes","8":"tag-actu","9":"tag-actualites","10":"tag-eu","11":"tag-europe","12":"tag-fr","13":"tag-france","14":"tag-musee","15":"tag-nantes","16":"tag-news","17":"tag-pays-de-la-loire","18":"tag-republique-francaise"},"share_on_mastodon":{"url":"https:\/\/pubeurope.com\/@fr\/115413988520190106","error":""},"_links":{"self":[{"href":"https:\/\/www.europesays.com\/fr\/wp-json\/wp\/v2\/posts\/480300","targetHints":{"allow":["GET"]}}],"collection":[{"href":"https:\/\/www.europesays.com\/fr\/wp-json\/wp\/v2\/posts"}],"about":[{"href":"https:\/\/www.europesays.com\/fr\/wp-json\/wp\/v2\/types\/post"}],"author":[{"embeddable":true,"href":"https:\/\/www.europesays.com\/fr\/wp-json\/wp\/v2\/users\/2"}],"replies":[{"embeddable":true,"href":"https:\/\/www.europesays.com\/fr\/wp-json\/wp\/v2\/comments?post=480300"}],"version-history":[{"count":0,"href":"https:\/\/www.europesays.com\/fr\/wp-json\/wp\/v2\/posts\/480300\/revisions"}],"wp:featuredmedia":[{"embeddable":true,"href":"https:\/\/www.europesays.com\/fr\/wp-json\/wp\/v2\/media\/480301"}],"wp:attachment":[{"href":"https:\/\/www.europesays.com\/fr\/wp-json\/wp\/v2\/media?parent=480300"}],"wp:term":[{"taxonomy":"category","embeddable":true,"href":"https:\/\/www.europesays.com\/fr\/wp-json\/wp\/v2\/categories?post=480300"},{"taxonomy":"post_tag","embeddable":true,"href":"https:\/\/www.europesays.com\/fr\/wp-json\/wp\/v2\/tags?post=480300"}],"curies":[{"name":"wp","href":"https:\/\/api.w.org\/{rel}","templated":true}]}}