{"id":480305,"date":"2025-10-21T20:16:15","date_gmt":"2025-10-21T20:16:15","guid":{"rendered":"https:\/\/www.europesays.com\/fr\/480305\/"},"modified":"2025-10-21T20:16:15","modified_gmt":"2025-10-21T20:16:15","slug":"voici-a-quoi-il-va-servir","status":"publish","type":"post","link":"https:\/\/www.europesays.com\/fr\/480305\/","title":{"rendered":"voici \u00e0 quoi il va servir"},"content":{"rendered":"<p>            Par<br \/>\n        <strong><br \/>\n            <a href=\"https:\/\/actu.fr\/auteur\/margot-fournie\" title=\"Consulter tous les articles de Margot Fournie\" rel=\"nofollow noopener\" target=\"_blank\">Margot Fournie<\/a><br \/>\n        <\/strong><\/p>\n<p>        Publi\u00e9 le<\/p>\n<p>            21 oct. 2025 \u00e0 18h52        <\/p>\n<p>Auparavant les ateliers, les r\u00e9serves et les salles de r\u00e9p\u00e9tition de l\u2019<a href=\"https:\/\/actu.fr\/occitanie\/toulouse_31555\/ce-lieu-culturel-de-toulouse-est-le-meilleur-de-france-selon-une-radio-specialisee_60672824.html\" rel=\"nofollow noopener\" target=\"_blank\">Op\u00e9ra national du Capitole<\/a> \u00e9taient r\u00e9partis entre <strong>six sites<\/strong> \u00e0 <a href=\"https:\/\/actu.fr\/toulouse\/\" rel=\"nofollow noopener\" target=\"_blank\">Toulouse<\/a>, mais aussi \u00e0 Lespinasse. Ce n\u2019est maintenant plus le cas. L\u2019Atelier a \u00e9t\u00e9 inaugur\u00e9 le 20\u00a0octobre, \u00e0 Montaudran. Le b\u00e2timent de <strong>10\u2009000\u00a0m2<\/strong> va permettre de <strong>stocker les d\u00e9cors<\/strong>, de <strong>conserver plus de 15\u2009000 costumes <\/strong>et bien plus. On vous en fait la visite.<\/p>\n<p>Une halle pour conserver 43 d\u00e9cors de spectacles<\/p>\n<p class=\" wall-content\">Le nouveau b\u00e2timent comprend une halle monumentale. Forte de ses 5\u2009000\u00a0m2, elle va servir \u00e0 entreposer les d\u00e9cors des op\u00e9ras et des ballets.<\/p>\n<p class=\" wall-content\">\u00ab\u2009Pour le moment, seulement le d\u00e9cor de Carmen y est stock\u00e9. Il y a aussi quelques \u00e9l\u00e9ments de La Passag\u00e8re de Weinberg\u2009\u00bb, avance Claire Roserot de Melin, directrice g\u00e9n\u00e9rale du Capitole, en glissant qu\u2019 \u00ab\u2009\u00e0 la fin de la saison, il y aura <strong>43 d\u00e9cors dans la halle<\/strong>.\u2009\u00bb<\/p>\n<p>    <img   decoding=\"async\" loading=\"lazy\" src=\"https:\/\/www.europesays.com\/fr\/wp-content\/uploads\/2025\/10\/la-tour-de-montage-est-le-lieu-ou-sont-produits-les-decors-des-ballets-et-des-operas-960x640.jpg\" alt=\"La tour de montage est le lieu o\u00f9 sont produits les d\u00e9cors des ballets et des op\u00e9ras.\" width=\"960\" height=\"640\"\/><br \/>\n    La tour de montage est le lieu o\u00f9 sont produits les d\u00e9cors des ballets et des op\u00e9ras. (\u00a9Margot Fourni\u00e9 \/ actu Toulouse)Un lieu de production pour les d\u00e9cors<\/p>\n<p class=\" wall-content\">Juste \u00e0 c\u00f4t\u00e9 de ce premier espace, se trouve la \u00ab\u2009tour de montage\u2009\u00bb. Proportionn\u00e9e aux dimensions de la sc\u00e8ne du Capitole, c\u2019est le lieu <strong>o\u00f9 sont fabriqu\u00e9s les d\u00e9cors<\/strong>. Pour le moment, c\u2019est celui de La Passag\u00e8re qui est en production. Dans quelques semaines, les artisans d\u2019art commenceront celui de <a href=\"https:\/\/actu.fr\/occitanie\/toulouse_31555\/sortir-a-toulouse-opera-un-chef-doeuvre-tres-attendu-ouvre-la-saison-au-theatre-du-capitole_63208100.html\" rel=\"nofollow noopener\" target=\"_blank\">Don Giovanni, op\u00e9ra \u00e0 ne pas manquer<\/a>.<\/p>\n<p class=\" wall-content\">\u00ab\u2009Dans nos \u00e9quipes il y a <strong>60 artisans d\u2019art<\/strong>. Parmi eux, il y a des menuisiers, des personnes qui travaillent les m\u00e9taux, le bois. On a aussi des personnes qui savent peindre les toiles comme au XVIIIe\u00a0si\u00e8cle. C\u2019est <strong>un savoir-faire pr\u00e9cieux<\/strong>\u2009\u00bb, souligne la directrice.<\/p>\n<p>Votre r\u00e9gion, votre actu !<\/p>\n<p>Recevez chaque jour les infos qui comptent pour vous.<\/p>\n<p>\t<a href=\"https:\/\/actu.fr\/newsletter\" class=\"ac-btn ac-btn--corner ac-btn--medium ac-btn--blue800\" rel=\"nofollow noopener\" target=\"_blank\">S&rsquo;incrire<\/a><\/p>\n<p class=\" wall-content\">Elle en profite pour ajouter que \u00ab\u2009<a href=\"https:\/\/actu.fr\/occitanie\/toulouse_31555\/le-saviez-vous-l-opera-de-toulouse-est-l-un-des-derniers-a-fabriquer-ses-perruques_59817405.html\" rel=\"nofollow noopener\" target=\"_blank\">les perruqui\u00e8res<\/a>\u00a0n\u2019ont pas d\u00e9m\u00e9nag\u00e9. Elles sont rest\u00e9es au Capitole. Elles sont aussi maquilleuses. C\u2019\u00e9tait plus simple qu\u2019elles restent sur place.\u2009\u00bb<\/p>\n<p>    <img   decoding=\"async\" loading=\"lazy\" src=\"https:\/\/www.europesays.com\/fr\/wp-content\/uploads\/2025\/10\/dans-latelier-de-couture-les-costumieres-sont-en-train-de-finir-les-vetements-qui-vont-etre-porter-d.jpeg\" alt=\"Dans l'atelier de couture, les costumi\u00e8res sont en train de finir les v\u00eatements qui vont \u00eatre porter durant l'op\u00e9ra Don Giovanni.\" width=\"960\" height=\"640\"\/><br \/>\n    Dans l\u2019atelier de couture, les costumi\u00e8res sont en train de finir les v\u00eatements qui vont \u00eatre port\u00e9s durant l\u2019op\u00e9ra Don Giovanni. (\u00a9Margot Fourni\u00e9 \/ actu Toulouse)Deux ateliers de couture pour les costumes<\/p>\n<p class=\" wall-content\">Un peu plus loin, on retrouve l\u2019aile habit\u00e9e, avec un espace de convivialit\u00e9. Le premier \u00e9tage est reli\u00e9 au<strong> studio de r\u00e9p\u00e9tition du ballet<\/strong> de l\u2019Op\u00e9ra par une passerelle. Mais c\u2019est surtout l\u2019\u00e9tage des ateliers de couture. <strong>L\u2019atelier \u00ab\u2009flou\u2009\u00bb<\/strong> s\u2019occupe des <strong>costumes pour les femmes<\/strong>, pendant que l\u2019atelier \u00ab\u2009le tailleur\u2009\u00bb confectionne les v\u00eatements pour les hommes. Un espace est d\u00e9di\u00e9 \u00e0 la <strong>teinture des v\u00eatements<\/strong>.<\/p>\n<p>    <img   decoding=\"async\" loading=\"lazy\" src=\"https:\/\/www.europesays.com\/fr\/wp-content\/uploads\/2025\/10\/dans-lespace-de-stockage-de-latelier-sont-conserves-plus-de-15000-costumes-960x640.jpg\" alt=\"Dans l'espace de stockage de l'Atelier sont conserv\u00e9s plus de 15000 costumes dans des temp\u00e9ratures et une humidit\u00e9 contr\u00f4l\u00e9es.\" width=\"960\" height=\"640\"\/><br \/>\n    Dans l\u2019espace de stockage de l\u2019Atelier sont conserv\u00e9s plus de 15000 costumes dans des temp\u00e9ratures et une humidit\u00e9 contr\u00f4l\u00e9es. (\u00a9Margot Fourni\u00e9 \/ actu Toulouse)Un auditorium et un lieu de stockage pour les costumes<\/p>\n<p class=\" wall-content\">Au deuxi\u00e8me \u00e9tage, il y a un auditorium. Il sert de studio d\u2019enregistrement et de lieu de r\u00e9p\u00e9tition pour le ch\u0153ur de l\u2019op\u00e9ra et la ma\u00eetrise compos\u00e9e d\u2019une <strong>cinquantaine d\u2019enfants<\/strong>.<\/p>\n<p class=\" wall-content\">\u00c0 l\u2019\u00e9tage sup\u00e9rieur, dans un d\u00e9p\u00f4t de 2000 m2 sont conserv\u00e9s <strong>entre 15\u2009000\u00a0et 18\u2009000<\/strong> costumes. Certains v\u00eatements ont une cinquantaine d\u2019ann\u00e9es.<\/p>\n<p>    <img   decoding=\"async\" loading=\"lazy\" src=\"https:\/\/www.europesays.com\/fr\/wp-content\/uploads\/2025\/10\/mesurant-10-000-m2-latelier-nouveau-lieu-de-stokage-et-de-production-de-lopera-national-du-capitole-.jpeg\" alt=\"400 personnes travaillent actuellement dans le nouveau lieu.\" width=\"960\" height=\"640\"\/><br \/>\n    400\u00a0personnes travaillent actuellement dans le nouveau lieu. (\u00a9Margot Fourni\u00e9 \/ actu Toulouse)400\u00a0personnes travaillent sur le nouveau site<\/p>\n<p class=\" wall-content\">L\u2019ensemble a co\u00fbt\u00e9 <strong>26,5\u00a0millions d\u2019euros<\/strong>. La somme a \u00e9t\u00e9 financ\u00e9e \u00e0 89\u2009% par Toulouse M\u00e9tropole avec une participation \u00e0 hauteur de 11\u2009% du Conseil r\u00e9gional Occitanie.<\/p>\n<p class=\" wall-content\">L\u2019objectif de cette cr\u00e9ation \u00e9tait de <strong>raccourcir les d\u00e9lais de production<\/strong> des spectacles en centralisant les services, mais aussi de <strong>r\u00e9duire les co\u00fbts logistiques<\/strong> tout en offrant de meilleures conditions de travail aux 400\u00a0personnes, artisans d\u2019art et artistes, qui s\u2019y rendent.<\/p>\n<p class=\" wall-content\">Personnalisez votre actualit\u00e9 en ajoutant vos villes et m\u00e9dias en favori avec <a href=\"https:\/\/moncompte.actu.fr\" title=\"D\u00e9couvez Mon Actu\" rel=\"nofollow noopener\" data-trk=\"{&quot;cta&quot;:{&quot;action&quot;:&quot;https:\\\/\\\/moncompte.actu.fr&quot;,&quot;category&quot;:&quot;mon compte&quot;,&quot;from&quot;:&quot;article footer&quot;,&quot;name&quot;:&quot;Mon actu&quot;,&quot;type&quot;:&quot;cta&quot;}}\" target=\"_blank\">Mon Actu<\/a>.<\/p>\n","protected":false},"excerpt":{"rendered":"Par Margot Fournie Publi\u00e9 le 21 oct. 2025 \u00e0 18h52 Auparavant les ateliers, les r\u00e9serves et les salles&hellip;\n","protected":false},"author":2,"featured_media":480306,"comment_status":"","ping_status":"","sticky":false,"template":"","format":"standard","meta":{"footnotes":""},"categories":[2816],"tags":[1111,11,1777,674,1011,27,1652,12,2680,7165,25,2312,2086],"class_list":{"0":"post-480305","1":"post","2":"type-post","3":"status-publish","4":"format-standard","5":"has-post-thumbnail","7":"category-toulouse","8":"tag-actu","9":"tag-actualites","10":"tag-eu","11":"tag-europe","12":"tag-fr","13":"tag-france","14":"tag-loisirs-culture","15":"tag-news","16":"tag-occitanie","17":"tag-opera","18":"tag-republique-francaise","19":"tag-toulouse","20":"tag-travaux"},"share_on_mastodon":{"url":"https:\/\/pubeurope.com\/@fr\/115414000397993676","error":""},"_links":{"self":[{"href":"https:\/\/www.europesays.com\/fr\/wp-json\/wp\/v2\/posts\/480305","targetHints":{"allow":["GET"]}}],"collection":[{"href":"https:\/\/www.europesays.com\/fr\/wp-json\/wp\/v2\/posts"}],"about":[{"href":"https:\/\/www.europesays.com\/fr\/wp-json\/wp\/v2\/types\/post"}],"author":[{"embeddable":true,"href":"https:\/\/www.europesays.com\/fr\/wp-json\/wp\/v2\/users\/2"}],"replies":[{"embeddable":true,"href":"https:\/\/www.europesays.com\/fr\/wp-json\/wp\/v2\/comments?post=480305"}],"version-history":[{"count":0,"href":"https:\/\/www.europesays.com\/fr\/wp-json\/wp\/v2\/posts\/480305\/revisions"}],"wp:featuredmedia":[{"embeddable":true,"href":"https:\/\/www.europesays.com\/fr\/wp-json\/wp\/v2\/media\/480306"}],"wp:attachment":[{"href":"https:\/\/www.europesays.com\/fr\/wp-json\/wp\/v2\/media?parent=480305"}],"wp:term":[{"taxonomy":"category","embeddable":true,"href":"https:\/\/www.europesays.com\/fr\/wp-json\/wp\/v2\/categories?post=480305"},{"taxonomy":"post_tag","embeddable":true,"href":"https:\/\/www.europesays.com\/fr\/wp-json\/wp\/v2\/tags?post=480305"}],"curies":[{"name":"wp","href":"https:\/\/api.w.org\/{rel}","templated":true}]}}