{"id":480311,"date":"2025-10-21T20:19:37","date_gmt":"2025-10-21T20:19:37","guid":{"rendered":"https:\/\/www.europesays.com\/fr\/480311\/"},"modified":"2025-10-21T20:19:37","modified_gmt":"2025-10-21T20:19:37","slug":"compositions-chaine-tv-heure-et-cotes-20","status":"publish","type":"post","link":"https:\/\/www.europesays.com\/fr\/480311\/","title":{"rendered":"Compositions, Cha\u00eene TV, Heure et Cotes"},"content":{"rendered":"<p style=\"text-align: justify;\"><strong>LIGUE EUROPA 2025-2026 \u2013 \u00c0 quelle heure et sur quelle cha\u00eene TV suivre le match de Ligue Europa entre le Lille OSC et le PAOK ? Retrouvez \u00e9galement les compositions des deux \u00e9quipes.<\/strong><\/p>\n<p style=\"text-align: justify;\">La rencontre entre le <a href=\"https:\/\/dicodusport.fr\/blog\/mercato-losc-2025-2026-le-tableau-complet-des-transferts-arrivees-et-departs\/\" target=\"_blank\" rel=\"noopener\"><strong>Lille OSC<\/strong><\/a> et le <strong>PAOK<\/strong>, comptant pour la troisi\u00e8me journ\u00e9e de Ligue Europa 2025\/2026, aura lieu jeudi 23 octobre 2025 \u00e0 21h00, au Stade Pierre-Mauroy de Lille.<\/p>\n<p>Lille pour la passe de trois ?<\/p>\n<p style=\"text-align: justify;\">Bien parti en Ligue 1, <strong>Lille<\/strong> a connu une p\u00e9riode compliqu\u00e9e. Deux d\u00e9faites d\u2019affil\u00e9e \u00e0 Lens puis contre Lyon, et un nul face au PSG avant la tr\u00eave internationale, et les Dogues avaient gliss\u00e9 au classement. Mais ils ont mis fin \u00e0 cette mauvaise passe en allant s\u2019imposer \u00e0 Nantes dimanche soir, se repla\u00e7ant ainsi dans le Top 6.<\/p>\n<p><a href=\"https:\/\/dicodusport.fr\/blog\/ligue-europa-2025-2026-j2-performance-xxl-du-losc-qui-simpose-a-rome\/\" class=\"vlp-link\" title=\"Ligue Europa 2025\/2026 (J2) : Performance XXL du LOSC, qui s&#039;impose \u00e0 Rome\" target=\"_blank\" rel=\"noopener\"><img loading=\"lazy\" decoding=\"async\" style=\"max-width: 792px;\" width=\"792\" height=\"445\" class=\"attachment-800x445 size-800x445 perfmatters-lazy\" alt=\"Ligue Europa 20252026 (J2) Performance XXL du LOSC, qui s'impose \u00e0 Rome\" src=\"https:\/\/www.europesays.com\/fr\/wp-content\/uploads\/2025\/10\/Ligue-Europa-20252026-J2-Performance-XXL-du-LOSC-qui-simpose-a-Rome.png\"  data-\/><\/p>\n<p>Ligue Europa 2025\/2026 (J2) : Performance XXL du LOSC, qui s&rsquo;impose \u00e0 Rome<\/p>\n<p>LIGUE EUROPA 2025\/2026 &#8211; Familier des exploits europ\u00e9ens, Lille a livr\u00e9 une performance exceptionnelle au Stadio Olimpico pour aller chercher une victoire de prestige, 1-0, face \u00e0 l&rsquo;AS Rome. <\/p>\n<p>Lire l&rsquo;article<\/p>\n<p>dicodusport.fr<\/p>\n<p style=\"text-align: justify;\">En Ligue Europa, le LOSC a d\u00e9marr\u00e9 sur les chapeaux de roue, dominant d\u2019abord Brann \u00e0 domicile avant d\u2019aller d\u00e9crocher un succ\u00e8s retentissant sur la pelouse de l\u2019AS Rome en d\u00e9but de mois. Lille est d\u00e9j\u00e0 sur la voie royale pour une qualification directe, avec en prime un match abordable ce jeudi. Le <strong>PAOK<\/strong> n\u2019a pris qu\u2019un point en deux matchs europ\u00e9ens cette saison, mais est en t\u00eate de son championnat avec cinq victoires en sept matchs, la derni\u00e8re sur la pelouse de l\u2019AEK.<\/p>\n<p style=\"text-align: justify;\">Les deux \u00e9quipes ne se sont jamais crois\u00e9es en comp\u00e9tition officielle. Chez les bookmakers, Lille est le grand favori de cette rencontre.<\/p>\n<p>Ligue Europa : Le programme TV de Lille \u2013 PAOK<br \/>\nJeudi 23 octobre 2025<\/p>\n<p style=\"text-align: justify;\"><b>Match diffus\u00e9 sur Canal+<\/b><b>\u00a0: <\/b>D\u00e9but du match \u00e0<strong> 21h00.<\/strong><\/p>\n<p>Les compositions officielles de Lille \u2013 PAOK<br \/>\nLa composition de Lille<\/p>\n<p style=\"text-align: justify;\">\u00c0 venir<\/p>\n<p>La composition de Brann<\/p>\n<p style=\"text-align: justify;\">\u00c0 venir<\/p>\n<p>Les cotes de Lille \u2013 PAOK<\/p>\n<p style=\"text-align: justify;\">Tentez votre chance en profitant de votre <a href=\"https:\/\/www.winamax.fr\/registration\/landing\/affiliation_Bonus100?banid=33423\" target=\"_blank\" rel=\"noopener\">1er d\u00e9p\u00f4t doubl\u00e9 jusqu\u2019\u00e0 100 \u20ac<\/a> direct en paris gratuits sur Winamax !<\/p>\n<p>\n<a href=\"https:\/\/dicodusport.fr\/blog\/offres\/abonnements-sans-pub\/\" target=\"_blank\" rel=\"noopener\"><img loading=\"lazy\" decoding=\"async\" class=\"alignnone size-full wp-image-501284 perfmatters-lazy\" alt=\"\" width=\"1200\" height=\"200\" src=\"https:\/\/www.europesays.com\/fr\/wp-content\/uploads\/2025\/04\/Abonnements-sans-pubs-Dicodusport.png\"\/><\/a><\/p>\n","protected":false},"excerpt":{"rendered":"LIGUE EUROPA 2025-2026 \u2013 \u00c0 quelle heure et sur quelle cha\u00eene TV suivre le match de Ligue Europa&hellip;\n","protected":false},"author":2,"featured_media":480312,"comment_status":"","ping_status":"","sticky":false,"template":"","format":"standard","meta":{"footnotes":""},"categories":[2815],"tags":[1111,11,2113,1777,674,63,1011,27,811,5843,1307,44780,12,502,25],"class_list":{"0":"post-480311","1":"post","2":"type-post","3":"status-publish","4":"format-standard","5":"has-post-thumbnail","7":"category-lille","8":"tag-actu","9":"tag-actualites","10":"tag-breve","11":"tag-eu","12":"tag-europe","13":"tag-football","14":"tag-fr","15":"tag-france","16":"tag-hauts-de-france","17":"tag-ligue-europa","18":"tag-lille","19":"tag-lille-osc","20":"tag-news","21":"tag-programme-tv","22":"tag-republique-francaise"},"share_on_mastodon":{"url":"https:\/\/pubeurope.com\/@fr\/115414012464879586","error":""},"_links":{"self":[{"href":"https:\/\/www.europesays.com\/fr\/wp-json\/wp\/v2\/posts\/480311","targetHints":{"allow":["GET"]}}],"collection":[{"href":"https:\/\/www.europesays.com\/fr\/wp-json\/wp\/v2\/posts"}],"about":[{"href":"https:\/\/www.europesays.com\/fr\/wp-json\/wp\/v2\/types\/post"}],"author":[{"embeddable":true,"href":"https:\/\/www.europesays.com\/fr\/wp-json\/wp\/v2\/users\/2"}],"replies":[{"embeddable":true,"href":"https:\/\/www.europesays.com\/fr\/wp-json\/wp\/v2\/comments?post=480311"}],"version-history":[{"count":0,"href":"https:\/\/www.europesays.com\/fr\/wp-json\/wp\/v2\/posts\/480311\/revisions"}],"wp:featuredmedia":[{"embeddable":true,"href":"https:\/\/www.europesays.com\/fr\/wp-json\/wp\/v2\/media\/480312"}],"wp:attachment":[{"href":"https:\/\/www.europesays.com\/fr\/wp-json\/wp\/v2\/media?parent=480311"}],"wp:term":[{"taxonomy":"category","embeddable":true,"href":"https:\/\/www.europesays.com\/fr\/wp-json\/wp\/v2\/categories?post=480311"},{"taxonomy":"post_tag","embeddable":true,"href":"https:\/\/www.europesays.com\/fr\/wp-json\/wp\/v2\/tags?post=480311"}],"curies":[{"name":"wp","href":"https:\/\/api.w.org\/{rel}","templated":true}]}}