{"id":480315,"date":"2025-10-21T20:21:23","date_gmt":"2025-10-21T20:21:23","guid":{"rendered":"https:\/\/www.europesays.com\/fr\/480315\/"},"modified":"2025-10-21T20:21:23","modified_gmt":"2025-10-21T20:21:23","slug":"le-magasin-gifi-de-la-valentine-a-marseille-cible-par-un-braquage","status":"publish","type":"post","link":"https:\/\/www.europesays.com\/fr\/480315\/","title":{"rendered":"Le magasin Gifi de la Valentine \u00e0 Marseille cibl\u00e9 par un braquage"},"content":{"rendered":"<p>L&rsquo;heure de la fermeture approchait, ce soir du mardi 21 octobre 2025 pour les magasins de la zone commerciale de la Valentine, sur l&rsquo;avenue des Peintres-Roux \u00e0 Marseille, lorsque vers 18h40, plusieurs silhouettes encagoul\u00e9es ont fait irruption dans l&rsquo;enseigne de d\u00e9coration <a href=\"https:\/\/www.laprovence.com\/article\/economie\/2698836797151715\/gifi-annonce-avoir-obtenu-le-soutien-de-ses-banques-pour-assurer-son-avenir\" target=\"_blank\" rel=\"noopener\">Gifi<\/a>.<\/p>\n<p>Les hommes masqu\u00e9s et gant\u00e9s, a priori au nombre de trois, porteurs d&rsquo;au moins une arme de poing, voire d&rsquo;une arme longue, ont<a href=\"https:\/\/www.laprovence.com\/article\/faits-divers-justice\/1225655809317615\/braquage-en-pleine-nuit-dans-une-bijouterie-de-la-galerie-marchande-hyper-u-a-pertuis\" target=\"_blank\" rel=\"noopener\"> braqu\u00e9<\/a> le magasin et son personnel.<\/p>\n<p>Aucun bless\u00e9 n&rsquo;est \u00e0 d\u00e9plorer<\/p>\n<p>En quelques instants, ils se sont empar\u00e9s d&rsquo;un butin encore ind\u00e9termin\u00e9, avant de prendre la fuite \u00e0 bord d&rsquo;une voiture, rest\u00e9e \u00e0 l&rsquo;arr\u00eat devant l&rsquo;enseigne durant le vol.<\/p>\n<p>Aucun coup de feu n&rsquo;a toutefois \u00e9t\u00e9 tir\u00e9. Les services de police sont actuellement sur les lieux afin de proc\u00e9der aux constatations d&rsquo;usage. Aucun bless\u00e9 n&rsquo;est \u00e0 d\u00e9plorer.<\/p>\n","protected":false},"excerpt":{"rendered":"L&rsquo;heure de la fermeture approchait, ce soir du mardi 21 octobre 2025 pour les magasins de la zone&hellip;\n","protected":false},"author":2,"featured_media":480316,"comment_status":"","ping_status":"","sticky":false,"template":"","format":"standard","meta":{"footnotes":""},"categories":[2814],"tags":[17,1111,11,6941,1102,48090,1777,674,274,1011,27,2075,18358,884,12,5912,882,25,39748],"class_list":{"0":"post-480315","1":"post","2":"type-post","3":"status-publish","4":"format-standard","5":"has-post-thumbnail","7":"category-marseille","8":"tag-17","9":"tag-actu","10":"tag-actualites","11":"tag-braquage","12":"tag-breakingnews","13":"tag-cible","14":"tag-eu","15":"tag-europe","16":"tag-faits-divers-justice","17":"tag-fr","18":"tag-france","19":"tag-gifi","20":"tag-magasin","21":"tag-marseille","22":"tag-news","23":"tag-par","24":"tag-provence-alpes-cote-dazur","25":"tag-republique-francaise","26":"tag-valentine"},"share_on_mastodon":{"url":"https:\/\/pubeurope.com\/@fr\/115414019852998078","error":""},"_links":{"self":[{"href":"https:\/\/www.europesays.com\/fr\/wp-json\/wp\/v2\/posts\/480315","targetHints":{"allow":["GET"]}}],"collection":[{"href":"https:\/\/www.europesays.com\/fr\/wp-json\/wp\/v2\/posts"}],"about":[{"href":"https:\/\/www.europesays.com\/fr\/wp-json\/wp\/v2\/types\/post"}],"author":[{"embeddable":true,"href":"https:\/\/www.europesays.com\/fr\/wp-json\/wp\/v2\/users\/2"}],"replies":[{"embeddable":true,"href":"https:\/\/www.europesays.com\/fr\/wp-json\/wp\/v2\/comments?post=480315"}],"version-history":[{"count":0,"href":"https:\/\/www.europesays.com\/fr\/wp-json\/wp\/v2\/posts\/480315\/revisions"}],"wp:featuredmedia":[{"embeddable":true,"href":"https:\/\/www.europesays.com\/fr\/wp-json\/wp\/v2\/media\/480316"}],"wp:attachment":[{"href":"https:\/\/www.europesays.com\/fr\/wp-json\/wp\/v2\/media?parent=480315"}],"wp:term":[{"taxonomy":"category","embeddable":true,"href":"https:\/\/www.europesays.com\/fr\/wp-json\/wp\/v2\/categories?post=480315"},{"taxonomy":"post_tag","embeddable":true,"href":"https:\/\/www.europesays.com\/fr\/wp-json\/wp\/v2\/tags?post=480315"}],"curies":[{"name":"wp","href":"https:\/\/api.w.org\/{rel}","templated":true}]}}