{"id":480317,"date":"2025-10-21T20:22:16","date_gmt":"2025-10-21T20:22:16","guid":{"rendered":"https:\/\/www.europesays.com\/fr\/480317\/"},"modified":"2025-10-21T20:22:16","modified_gmt":"2025-10-21T20:22:16","slug":"ce-quartier-de-louest-lyonnais-va-changer-de-visage","status":"publish","type":"post","link":"https:\/\/www.europesays.com\/fr\/480317\/","title":{"rendered":"ce quartier de l\u2019Ouest lyonnais va \u00ab changer de visage \u00bb"},"content":{"rendered":"<p>Nich\u00e9 entre le chemin des Aub\u00e9pines et l\u2019avenue de la Table de Pierre, dans le quartier Bel-Air \u00e0 Francheville, voil\u00e0 quinze ans que ce site industriel, anciennement propri\u00e9t\u00e9 d\u2019Auriva, est \u00e0 l\u2019abandon. En 2019, le foncier \u2013 qui comprend \u00e9galement le pr\u00e9 aux Taureaux de l\u2019autre c\u00f4t\u00e9 du chemin des Aub\u00e9pines \u2013 a \u00e9t\u00e9 acquis par Eiffage, partenaire de la Ville de Francheville et la M\u00e9tropole de Lyon, en vue de transformer le site de 5,65 hectares en quartier mixte, comprenant des logements, des activit\u00e9s \u00e9conomiques et des espaces publics, \u00e0 l\u2019horizon 2030.<\/p>\n<p>15 % de logements accessibles \u00e0 la propri\u00e9t\u00e9<\/p>\n<p>F&#8230;<\/p>\n","protected":false},"excerpt":{"rendered":"Nich\u00e9 entre le chemin des Aub\u00e9pines et l\u2019avenue de la Table de Pierre, dans le quartier Bel-Air \u00e0&hellip;\n","protected":false},"author":2,"featured_media":480318,"comment_status":"","ping_status":"","sticky":false,"template":"","format":"standard","meta":{"footnotes":""},"categories":[1889],"tags":[1111,11,2430,3154,1057,1777,674,1011,27,25241,1908,2428,10425,12,25,2429,15674,3151,104],"class_list":{"0":"post-480317","1":"post","2":"type-post","3":"status-publish","4":"format-standard","5":"has-post-thumbnail","7":"category-lyon","8":"tag-actu","9":"tag-actualites","10":"tag-auvergne-rhone-alpes","11":"tag-edition-sud-lyonnais","12":"tag-education","13":"tag-eu","14":"tag-europe","15":"tag-fr","16":"tag-france","17":"tag-francheville","18":"tag-logement","19":"tag-lyon","20":"tag-maternelle-elementaire","21":"tag-news","22":"tag-republique-francaise","23":"tag-rhone","24":"tag-sainte-foy-les-lyon-bassin","25":"tag-selection-de-la-redaction-69","26":"tag-societe"},"share_on_mastodon":{"url":"https:\/\/pubeurope.com\/@fr\/115414023883864353","error":""},"_links":{"self":[{"href":"https:\/\/www.europesays.com\/fr\/wp-json\/wp\/v2\/posts\/480317","targetHints":{"allow":["GET"]}}],"collection":[{"href":"https:\/\/www.europesays.com\/fr\/wp-json\/wp\/v2\/posts"}],"about":[{"href":"https:\/\/www.europesays.com\/fr\/wp-json\/wp\/v2\/types\/post"}],"author":[{"embeddable":true,"href":"https:\/\/www.europesays.com\/fr\/wp-json\/wp\/v2\/users\/2"}],"replies":[{"embeddable":true,"href":"https:\/\/www.europesays.com\/fr\/wp-json\/wp\/v2\/comments?post=480317"}],"version-history":[{"count":0,"href":"https:\/\/www.europesays.com\/fr\/wp-json\/wp\/v2\/posts\/480317\/revisions"}],"wp:featuredmedia":[{"embeddable":true,"href":"https:\/\/www.europesays.com\/fr\/wp-json\/wp\/v2\/media\/480318"}],"wp:attachment":[{"href":"https:\/\/www.europesays.com\/fr\/wp-json\/wp\/v2\/media?parent=480317"}],"wp:term":[{"taxonomy":"category","embeddable":true,"href":"https:\/\/www.europesays.com\/fr\/wp-json\/wp\/v2\/categories?post=480317"},{"taxonomy":"post_tag","embeddable":true,"href":"https:\/\/www.europesays.com\/fr\/wp-json\/wp\/v2\/tags?post=480317"}],"curies":[{"name":"wp","href":"https:\/\/api.w.org\/{rel}","templated":true}]}}