{"id":480319,"date":"2025-10-21T20:23:17","date_gmt":"2025-10-21T20:23:17","guid":{"rendered":"https:\/\/www.europesays.com\/fr\/480319\/"},"modified":"2025-10-21T20:23:17","modified_gmt":"2025-10-21T20:23:17","slug":"lyon-un-locataire-confidentiel-va-louer-la-totalite-de-lart-building","status":"publish","type":"post","link":"https:\/\/www.europesays.com\/fr\/480319\/","title":{"rendered":"Lyon : un locataire confidentiel va louer la totalit\u00e9 de l&rsquo;Art building"},"content":{"rendered":"<p><img loading=\"lazy\" decoding=\"async\" alt=\"\u00a9 Frederic Bonnamour - Dans le 6e arrondissement de Lyon, l'immeuble de bureaux construit par l'architecte Tony Garnier d\u00e9veloppe 6 000 m\u00e8tres carr\u00e9s.\" data-zoom-src=\"https:\/\/www.europesays.com\/fr\/wp-content\/uploads\/2025\/10\/initial-immeuble-art-building-location-emblematique-arioste-immobilier-credit-frederic-bonnamour.jpg\" data-zoomable=\"\" height=\"702\" src=\"https:\/\/www.europesays.com\/fr\/wp-content\/uploads\/2025\/10\/initial-immeuble-art-building-location-emblematique-arioste-immobilier-credit-frederic-bonnamour.jpg\" width=\"1248\"\/>  <\/p>\n<p class=\"article-desc\">\u00a9 Frederic Bonnamour &#8211; Dans le 6e arrondissement de Lyon, l&rsquo;immeuble de bureaux construit par l&rsquo;architecte Tony Garnier d\u00e9veloppe 6 000 m\u00e8tres carr\u00e9s. <\/p>\n<p>L&rsquo;immobilier tertiaire lyonnais continue de r\u00e9sister. <strong>Arioste immobilier<\/strong> et <strong>Nacarat<\/strong> viennent de signer la location de <strong>l\u2019Art building<\/strong>. Cet<strong>\u00a0immeuble embl\u00e9matique de 6 000 m2<\/strong> sis au 26 boulevard des Belges. Situ\u00e9 dans le sixi\u00e8me arrondissement de Lyon, le b\u00e2timent a \u00e9t\u00e9 construit en 1913 <strong>par l&rsquo;architecte Tony Garnier.<\/strong>\u00a0 <\/p>\n<p>Art building \u00e0 Lyon : une livraison pr\u00e9vue au 2e trimestre 2026 <\/p>\n<p>L&rsquo;identit\u00e9 du futur locataire qui occupera les 6 000 m2 du b\u00e2timent n&rsquo;a pas filtr\u00e9. Pour rappel l&rsquo;immeuble dont <strong>la livraison est pr\u00e9vue au 2e trimestre 2026<\/strong>, a fait l\u2019objet d\u2019une <strong>restructuration lourde<\/strong> men\u00e9e par Arioste immobilier et <a href=\"https:\/\/mesinfos.fr\/73100-aix-les-bains\/aix-les-bains-cette-residence-seniors-assure-la-mixite-sociale-224356.html\" rel=\"noopener\" target=\"_blank\">Nacarat<\/a> et a \u00e9t\u00e9 enti\u00e8rement restructur\u00e9 pour retrouver son esth\u00e9tique originelle. <\/p>\n<p>Les travaux engag\u00e9s ont permis ainsi de restituer l\u2019esth\u00e9tique originelle, avec une attention particuli\u00e8re port\u00e9e aux menuiseries, aux fa\u00e7ades, ainsi qu\u2019\u00e0 la reconstruction de l\u2019\u00e9dicule initial jamais construit jusqu\u2019alors.\u00a0 <\/p>\n<p>Conclue <strong>sur la base d\u2019un loyer prime de 370 euros HT HC\/m2\/an<\/strong>, l\u2019op\u00e9ration a \u00e9t\u00e9 men\u00e9e en exclusivit\u00e9 par Sorovim\u00a0(conseil mandant) et Rudigoz &amp; associ\u00e9s Knight Frank (conseil preneur).<\/p>\n","protected":false},"excerpt":{"rendered":"\u00a9 Frederic Bonnamour &#8211; Dans le 6e arrondissement de Lyon, l&rsquo;immeuble de bureaux construit par l&rsquo;architecte Tony Garnier&hellip;\n","protected":false},"author":2,"featured_media":480320,"comment_status":"","ping_status":"","sticky":false,"template":"","format":"standard","meta":{"footnotes":""},"categories":[1889],"tags":[1111,11,2430,1777,674,1011,27,7658,57129,2428,12,25],"class_list":{"0":"post-480319","1":"post","2":"type-post","3":"status-publish","4":"format-standard","5":"has-post-thumbnail","7":"category-lyon","8":"tag-actu","9":"tag-actualites","10":"tag-auvergne-rhone-alpes","11":"tag-eu","12":"tag-europe","13":"tag-fr","14":"tag-france","15":"tag-immobilier-dentreprise","16":"tag-immobilier-de-bureaux","17":"tag-lyon","18":"tag-news","19":"tag-republique-francaise"},"share_on_mastodon":{"url":"https:\/\/pubeurope.com\/@fr\/115414028217437259","error":""},"_links":{"self":[{"href":"https:\/\/www.europesays.com\/fr\/wp-json\/wp\/v2\/posts\/480319","targetHints":{"allow":["GET"]}}],"collection":[{"href":"https:\/\/www.europesays.com\/fr\/wp-json\/wp\/v2\/posts"}],"about":[{"href":"https:\/\/www.europesays.com\/fr\/wp-json\/wp\/v2\/types\/post"}],"author":[{"embeddable":true,"href":"https:\/\/www.europesays.com\/fr\/wp-json\/wp\/v2\/users\/2"}],"replies":[{"embeddable":true,"href":"https:\/\/www.europesays.com\/fr\/wp-json\/wp\/v2\/comments?post=480319"}],"version-history":[{"count":0,"href":"https:\/\/www.europesays.com\/fr\/wp-json\/wp\/v2\/posts\/480319\/revisions"}],"wp:featuredmedia":[{"embeddable":true,"href":"https:\/\/www.europesays.com\/fr\/wp-json\/wp\/v2\/media\/480320"}],"wp:attachment":[{"href":"https:\/\/www.europesays.com\/fr\/wp-json\/wp\/v2\/media?parent=480319"}],"wp:term":[{"taxonomy":"category","embeddable":true,"href":"https:\/\/www.europesays.com\/fr\/wp-json\/wp\/v2\/categories?post=480319"},{"taxonomy":"post_tag","embeddable":true,"href":"https:\/\/www.europesays.com\/fr\/wp-json\/wp\/v2\/tags?post=480319"}],"curies":[{"name":"wp","href":"https:\/\/api.w.org\/{rel}","templated":true}]}}