{"id":480323,"date":"2025-10-21T20:26:16","date_gmt":"2025-10-21T20:26:16","guid":{"rendered":"https:\/\/www.europesays.com\/fr\/480323\/"},"modified":"2025-10-21T20:26:16","modified_gmt":"2025-10-21T20:26:16","slug":"nicolas-sarkozy-en-prison-deux-policiers-charges-de-la-securite-de-lex-president-installes-dans-une-cellule-voisine","status":"publish","type":"post","link":"https:\/\/www.europesays.com\/fr\/480323\/","title":{"rendered":"Nicolas Sarkozy en prison\u00a0: deux policiers charg\u00e9s de la s\u00e9curit\u00e9 de l\u2019ex-pr\u00e9sident install\u00e9s dans une cellule voisine"},"content":{"rendered":"<p class=\"paragraph text_align_left lp-f-body-02\">Un pr\u00e9sident en prison c\u2019est un \u00e9v\u00e9nement in\u00e9dit dans l\u2019histoire de France. Dans ce contexte, et au regard des craintes qui entourent sa s\u00e9curit\u00e9 dans l\u2019univers carc\u00e9ral, <a href=\"https:\/\/www.leparisien.fr\/politique\/financement-libyen-lancien-president-de-la-republique-nicolas-sarkozy-incarcere-a-la-prison-de-la-sante-21-10-2025-4TBM3OTTEJHWXCLFFBUDBIT2VU.php\" target=\"_blank\" rel=\"noreferrer noopener\">Nicolas Sarkozy a \u00e9t\u00e9 incarc\u00e9r\u00e9<\/a> avec deux policiers charg\u00e9s de sa protection, <a href=\"https:\/\/www.tf1info.fr\/justice-faits-divers\/en-direct-l-ancien-president-nicolas-sarkozy-incarcere-ce-mardi-a-la-prison-de-la-sante-a-paris-les-dernieres-informations-de-ce-mardi-21-octobre-2025-2401755.html\" target=\"_blank\" rel=\"noreferrer noopener\">selon des informations de TF 1-LCI<\/a> que Le Parisien est en mesure de confirmer de sources officielles.<\/p>\n<p class=\"paragraph text_align_left lp-f-body-02\">Il s\u2019agit de ses gardes du corps habituels issus du SDLP, ancien service de protection des hautes personnalit\u00e9s. Selon nos confr\u00e8res, les deux officiers ont \u00e9t\u00e9 install\u00e9s dans la cellule voisine. Ces fonctionnaires de police, d\u00e9pendant du SDLP, donc de la Direction g\u00e9n\u00e9rale de la Police Nationale, ont \u00e9t\u00e9 mobilis\u00e9s apr\u00e8s \u00e9valuation de l\u2019UCLAT (Unit\u00e9 de coordination de la lutte antiterroriste). Cette d\u00e9cision a \u00e9t\u00e9 prise lundi \u00e0 la suite d\u2019une r\u00e9union \u00e0 la direction g\u00e9n\u00e9rale de la police nationale.<\/p>\n<p class=\"paragraph text_align_left lp-f-body-02\">Nicolas Sarkozy a \u00e9t\u00e9 \u00e9crou\u00e9 ce mardi matin \u00e0 la prison parisienne de la Sant\u00e9. <a href=\"https:\/\/www.leparisien.fr\/politique\/nicolas-sarkozy-en-prison-comment-fonctionne-la-procedure-de-mise-en-liberte-enclenchee-par-lancien-president-21-10-2025-JWXFFIJSXBAMHE4QUBOLF3OD6Y.php\" target=\"_blank\" rel=\"noreferrer noopener\">\u00ab Il fera 3 semaines ou un mois <\/a>\u00bb de d\u00e9tention, a d\u00e9clar\u00e9 son avocat Christophe Ingrain sur la cha\u00eene d\u2019information en continu.<\/p>\n<p>Plac\u00e9 \u00e0 l\u2019isolement<\/p>\n<p class=\"paragraph text_align_left lp-f-body-02\">L\u2019ex-pr\u00e9sident est pourtant plac\u00e9 \u00e0 l\u2019isolement, quartier r\u00e9serv\u00e9 \u00e0 certains d\u00e9tenus pour leur s\u00e9curit\u00e9. Selon un fonctionnaire connaissant les lieux, le quartier de l\u2019isolement est compos\u00e9 de quinze cellules.<\/p>\n<p class=\"lp-card-podcast-highlighting__title  lp-f-subtitle-05\">[2\/2] Drogues dures et corps plong\u00e9 dans l\u2019acide\u00a0: la d\u00e9rive sordide de deux \u00e9tudiants brillants<\/p>\n<p class=\"lp-card-podcast-highlighting__description lp-f-ui-05\">Crime story raconte chaque semaine les grandes affaires criminelles.<\/p>\n<p><a class=\"lp-card-podcast-highlighting__call-to-action\" data-page-type=\"HP\" data-block-name=\"podcast-highlight\">\u00c9couter<\/a><\/p>\n<p class=\"paragraph text_align_left lp-f-body-02\">Ce r\u00e9gime va permettre d\u2019assurer \u00e0 la fois \u00ab la s\u00e9curit\u00e9 de M. Sarkozy et le bon ordre de l\u2019\u00e9tablissement \u00bb, a expliqu\u00e9 sur RTL le directeur de l\u2019administration p\u00e9nitentiaire, S\u00e9bastien Cauwel.<\/p>\n<p class=\"paragraph text_align_left lp-f-body-02\">C\u2019est \u00ab tout sauf un traitement de faveur \u00bb, a insist\u00e9 Christophe Ingrain, devant les portes de La Sant\u00e9 o\u00f9 il venait de laisser son client.<\/p>\n<p class=\"paragraph text_align_left lp-f-body-02\">L\u2019ancien pr\u00e9sident s\u2019est pr\u00e9sent\u00e9 \u00e0 la Sant\u00e9 ce mardi matin. \u00ab Il est rentr\u00e9, il a salu\u00e9 les personnes qui l\u2019attendaient pour ex\u00e9cuter les formalit\u00e9s de la d\u00e9tention \u00bb, a racont\u00e9 son avocat.<\/p>\n<p>Paquetage et rondes r\u00e9guli\u00e8res<\/p>\n<p class=\"paragraph text_align_left lp-f-body-02\">Apr\u00e8s le placement sous \u00e9crou et la fouille, les d\u00e9tenus sont conduits en cellule. Pour les personnalit\u00e9s sensibles, il est mis en place une proc\u00e9dure de \u00ab blocage \u00bb, destin\u00e9e \u00e0 pr\u00e9venir toute interaction avec les autres d\u00e9tenus.<\/p>\n<p class=\"paragraph text_align_left lp-f-body-02\">Un paquetage contenant du linge de maison, des sous-v\u00eatements, du papier-toilette, de la vaisselle et des couverts y attend les arrivants, soumis les premiers jours \u00e0 une proc\u00e9dure d\u2019\u00e9valuation de leur \u00e9tat psychologique : la nuit, \u00e0 intervalles r\u00e9guliers, un surveillant allume la lumi\u00e8re et contr\u00f4le par l\u2019\u0153illeton, selon un agent.<\/p>\n<p class=\"paragraph text_align_left lp-f-body-02\">\u00ab Il est dans une cellule de 9 m2, il y a du bruit tout le temps \u00bb, a comment\u00e9 en fin d\u2019apr\u00e8s-midi son avocat et ami Jean-Michel Darrois, apr\u00e8s son premier entretien au parloir avec Nicolas Sarkozy.<\/p>\n<p class=\"paragraph text_align_left lp-f-body-02\">La pi\u00e8ce est \u00e9quip\u00e9e d\u2019un lit et d\u2019un bureau riv\u00e9s au sol, d\u2019une chaise en plastique, d\u2019\u00e9tag\u00e8res, d\u2019une douche et de toilettes sans rabat, d\u2019une plaque chauffante, d\u2019un r\u00e9frig\u00e9rateur et d\u2019une t\u00e9l\u00e9vision (payants), d\u2019un p\u00eale-m\u00eale en bois pour des photos, selon un ancien d\u00e9tenu.<\/p>\n<p><img decoding=\"async\" class=\"image \" loading=\"lazy\" src=\"https:\/\/www.europesays.com\/fr\/wp-content\/uploads\/2025\/10\/7MHILHVSE5FLLEWXSGF7JFFVZM.jpg\" alt=\"\" align=\"\" data-rubrique-principale=\"\" data-article-type=\"\" fetchpriority=\"auto\"\/><\/p>\n<p class=\"paragraph text_align_left lp-f-body-02\">Nicolas Sarkozy pourra utiliser un t\u00e9l\u00e9phone mural (payant) pour appeler des num\u00e9ros pr\u00e9enregistr\u00e9s. Ses conversations pourront \u00eatre enregistr\u00e9es. Il ne pourra pas \u00eatre appel\u00e9.<\/p>\n<p>Promenades solitaires<\/p>\n<p class=\"paragraph text_align_left lp-f-body-02\">Selon Me Ingrain, il aura droit \u00e0 \u00ab une heure de sortie par jour dans une cour grillag\u00e9e, seul \u00bb. Cette cour n\u2019a pas de vis-\u00e0-vis. S\u00e9bastien Cauwel a \u00e9voqu\u00e9 des promenades \u00ab deux fois par jour \u00bb.<\/p>\n<p class=\"paragraph text_align_left lp-f-body-02\">Selon un planning \u00e9tabli, il aura \u00e9galement acc\u00e8s \u00e0 une des trois salles de sport du quartier d\u2019isolement, toujours seul, ainsi qu\u2019\u00e0 une petite pi\u00e8ce faisant office de biblioth\u00e8que. Le reste du temps, l\u2019ancien pr\u00e9sident restera \u00ab enferm\u00e9 en cellule \u00bb et b\u00e9n\u00e9ficiera, comme les autres d\u00e9tenus, de \u00ab trois droits de visite par semaine de sa famille \u00bb, selon Me Ingrain. Il pourra voir \u00ab ses avocats quand il le souhaite \u00bb.<\/p>\n<p class=\"paragraph text_align_left lp-f-body-02\">\u00ab Il envisage de passer son temps en \u00e9crivant, en faisant le plus de sport possible, en recevant les visites de sa famille et de ses avocats \u00bb, a d\u00e9clar\u00e9 Me Darrois. Ses repas seront servis par un fonctionnaire et non, comme dans les autres secteurs de La Sant\u00e9, par un autre d\u00e9tenu, un \u00ab auxi \u00bb. \u00ab L\u2019objectif est qu\u2019il ne croise jamais d\u2019autre d\u00e9tenu, ni dans sa cellule, ni dans les salles d\u2019activit\u00e9, ni en cour de promenade, ni \u00e0 l\u2019occasion des parloirs \u00bb, a ajout\u00e9 ma\u00eetre Cauwel.<\/p>\n<p class=\"paragraph text_align_left lp-f-body-02\">Pour sa premi\u00e8re journ\u00e9e en d\u00e9tention, \u00ab il a fait du sport \u00bb, \u00ab il a commenc\u00e9 \u00e0 \u00e9crire son livre \u00bb, a comment\u00e9 sobrement Me Darrois, visiblement \u00e9mu par la situation de son client pas comme les autres.<\/p>\n","protected":false},"excerpt":{"rendered":"Un pr\u00e9sident en prison c\u2019est un \u00e9v\u00e9nement in\u00e9dit dans l\u2019histoire de France. Dans ce contexte, et au regard&hellip;\n","protected":false},"author":2,"featured_media":480324,"comment_status":"","ping_status":"","sticky":false,"template":"","format":"standard","meta":{"footnotes":""},"categories":[1888],"tags":[1111,1928,11,1927,898,8936,1777,674,118,1011,27,12,1926,626,1925,316,25],"class_list":{"0":"post-480323","1":"post","2":"type-post","3":"status-publish","4":"format-standard","5":"has-post-thumbnail","7":"category-paris","8":"tag-actu","9":"tag-actu-paris","10":"tag-actualites","11":"tag-actualites-paris","12":"tag-alerte","13":"tag-breaking-news","14":"tag-eu","15":"tag-europe","16":"tag-faits-divers","17":"tag-fr","18":"tag-france","19":"tag-news","20":"tag-news-paris","21":"tag-paris","22":"tag-paris-news","23":"tag-politique","24":"tag-republique-francaise"},"share_on_mastodon":{"url":"https:\/\/pubeurope.com\/@fr\/115414040168677997","error":""},"_links":{"self":[{"href":"https:\/\/www.europesays.com\/fr\/wp-json\/wp\/v2\/posts\/480323","targetHints":{"allow":["GET"]}}],"collection":[{"href":"https:\/\/www.europesays.com\/fr\/wp-json\/wp\/v2\/posts"}],"about":[{"href":"https:\/\/www.europesays.com\/fr\/wp-json\/wp\/v2\/types\/post"}],"author":[{"embeddable":true,"href":"https:\/\/www.europesays.com\/fr\/wp-json\/wp\/v2\/users\/2"}],"replies":[{"embeddable":true,"href":"https:\/\/www.europesays.com\/fr\/wp-json\/wp\/v2\/comments?post=480323"}],"version-history":[{"count":0,"href":"https:\/\/www.europesays.com\/fr\/wp-json\/wp\/v2\/posts\/480323\/revisions"}],"wp:featuredmedia":[{"embeddable":true,"href":"https:\/\/www.europesays.com\/fr\/wp-json\/wp\/v2\/media\/480324"}],"wp:attachment":[{"href":"https:\/\/www.europesays.com\/fr\/wp-json\/wp\/v2\/media?parent=480323"}],"wp:term":[{"taxonomy":"category","embeddable":true,"href":"https:\/\/www.europesays.com\/fr\/wp-json\/wp\/v2\/categories?post=480323"},{"taxonomy":"post_tag","embeddable":true,"href":"https:\/\/www.europesays.com\/fr\/wp-json\/wp\/v2\/tags?post=480323"}],"curies":[{"name":"wp","href":"https:\/\/api.w.org\/{rel}","templated":true}]}}