{"id":480325,"date":"2025-10-21T20:27:15","date_gmt":"2025-10-21T20:27:15","guid":{"rendered":"https:\/\/www.europesays.com\/fr\/480325\/"},"modified":"2025-10-21T20:27:15","modified_gmt":"2025-10-21T20:27:15","slug":"novak-djokovic-declare-forfait-le-serbe-verra-t-il-un-jour-la-defense","status":"publish","type":"post","link":"https:\/\/www.europesays.com\/fr\/480325\/","title":{"rendered":"Novak Djokovic d\u00e9clare forfait, le Serbe verra-t-il un jour la D\u00e9fense ?"},"content":{"rendered":"<p class=\"mb-4 text-lg md:leading-8 break-words\"><strong>coup dur &#8211; Le Serbe ne disputera pas le tournoi parisien qui commence lundi<\/strong><\/p>\n<p class=\"mb-4 text-lg md:leading-8 break-words\"><a href=\"https:\/\/www.20minutes.fr\/sport\/tennis\/4177781-20251007-tennis-chaleur-humidite-novak-djokovic-ecroule-court-apres-enorme-point-gagne-quand-match?at_medium=RSS%20feed&amp;at_campaign=ynews&amp;utm_source=yahoo&amp;utm_medium=rss&amp;utm_campaign=news_feed&amp;utm_content=in_article_link\" rel=\"nofollow noopener\" target=\"_blank\" data-ylk=\"slk:Il avait souffert, \u00e9norm\u00e9ment souffert \u00e0 Shanghai;elm:context_link;itc:0;sec:content-canvas\" class=\"link \">Il avait souffert, \u00e9norm\u00e9ment souffert \u00e0 Shanghai<\/a>. Epuis\u00e9 apr\u00e8s des points \u00e0 rallonge, Novak Djokovic avait m\u00eame craqu\u00e9 en demi-finale <a href=\"https:\/\/www.20minutes.fr\/sport\/4178743-20251012-tennis-valentin-vacherot-remporte-masters-1000-shanghai-face-cousin-francais-arthur-rinderknech?at_medium=RSS%20feed&amp;at_campaign=ynews&amp;utm_source=yahoo&amp;utm_medium=rss&amp;utm_campaign=news_feed&amp;utm_content=in_article_link\" rel=\"nofollow noopener\" target=\"_blank\" data-ylk=\"slk:face \u00e0 la surprise mon\u00e9gasque Valentin Vacherot;elm:context_link;itc:0;sec:content-canvas\" class=\"link \">face \u00e0 la surprise mon\u00e9gasque Valentin Vacherot<\/a>. M\u00eame dans un grand \u00e9tat de fatigue, le Serbe avait quand m\u00eame d\u00e9cid\u00e9 de participer au Six Kings Slam, un tournoi exhibition en Arabie saoudite, la semaine derni\u00e8re.<\/p>\n<p class=\"mb-4 text-lg md:leading-8 break-words\">Autant dire que, s\u2019il a rempli son portefeuille, l\u2019ancien n\u00b01 mondial n\u2019a pas am\u00e9lior\u00e9 son \u00e9tat physique, et avait m\u00eame abandonn\u00e9 face \u00e0 Taylor Fritz dans le match pour la troisi\u00e8me place. On aurait pu penser, na\u00efvement, que Novak Djokovic pr\u00e9f\u00e9rait se r\u00e9server en vue du <a href=\"https:\/\/www.20minutes.fr\/sport\/tennis\/4180767-20251021-masters-1000-paris-apres-cousinade-shanghai-arthur-rinderknech-arthur-vacherot-invites?at_medium=RSS%20feed&amp;at_campaign=ynews&amp;utm_source=yahoo&amp;utm_medium=rss&amp;utm_campaign=news_feed&amp;utm_content=in_article_link\" rel=\"nofollow noopener\" target=\"_blank\" data-ylk=\"slk:Masters 1000 de Paris;elm:context_link;itc:0;sec:content-canvas\" class=\"link \">Masters 1000 de Paris<\/a>. Il n\u2019en est rien puisque le Serbe a indiqu\u00e9 qu\u2019il ne disputerait pas le tournoi dans la capitale.<\/p>\n<p class=\"mb-4 text-lg md:leading-8 break-words\">\u00ab\u00a0Cher Paris, malheureusement, je ne participerai pas au tournoi cette ann\u00e9e, a annonc\u00e9 le Djoker dans une story publi\u00e9e sur Instagram. J\u2019ai d\u2019\u00e9normes souvenirs et de grands succ\u00e8s au fil des ans, notamment en remportant le titre \u00e0 sept reprises. J\u2019esp\u00e8re vous voir l\u2019ann\u00e9e prochaine.\u00a0\u00bb Mais, \u00e0 38 ans, et alors qu\u2019il souffre de plus en plus physiquement, Djokovic verra-t-il le tournoi \u00e0 La D\u00e9fense un jour\u00a0?<\/p>\n<p class=\"mb-4 text-lg md:leading-8 break-words\"><a href=\"https:\/\/www.20minutes.fr\/sport\/tennis\/4180778-20251021-masters-1000-paris-novak-djokovic-declare-forfait-serbe-verra-jour-defense?at_medium=RSS%20feed&amp;at_campaign=ynews&amp;utm_source=yahoo&amp;utm_medium=rss&amp;utm_campaign=news_feed&amp;utm_content=read_more_link&quot;\" rel=\"nofollow noopener\" target=\"_blank\" data-ylk=\"slk:Lire la suite sur 20minutes;elm:context_link;itc:0;sec:content-canvas\" class=\"link \">Lire la suite sur 20minutes<\/a><\/p>\n<p>\u00c0 lire aussi :<br \/><a href=\"https:\/\/www.20minutes.fr\/sport\/tennis\/4177781-20251007-tennis-chaleur-humidite-novak-djokovic-ecroule-court-apres-enorme-point-gagne-quand-match?at_medium=RSS%20feed&amp;at_campaign=ynews&amp;utm_source=yahoo&amp;utm_medium=rss&amp;utm_campaign=news_feed&amp;utm_content=related_content_link\" rel=\"nofollow noopener\" target=\"_blank\" data-ylk=\"slk:Shanghai\u00a0: Chaleur, humidit\u00e9\u2026 Novak Djokovic s\u2019\u00e9croule apr\u00e8s un \u00e9norme point mais gagne quand m\u00eame le match;elm:context_link;itc:0;sec:content-canvas\" class=\"link \">Shanghai\u00a0: Chaleur, humidit\u00e9\u2026 Novak Djokovic s\u2019\u00e9croule apr\u00e8s un \u00e9norme point mais gagne quand m\u00eame le match<\/a><br \/><a href=\"https:\/\/www.20minutes.fr\/sport\/tennis\/4180767-20251021-masters-1000-paris-apres-cousinade-shanghai-arthur-rinderknech-arthur-vacherot-invites?at_medium=RSS%20feed&amp;at_campaign=ynews&amp;utm_source=yahoo&amp;utm_medium=rss&amp;utm_campaign=news_feed&amp;utm_content=related_content_link\" rel=\"nofollow noopener\" target=\"_blank\" data-ylk=\"slk:Masters 1000 de Paris\u00a0: Apr\u00e8s leur cousinade \u00e0 Shanghai, Arthur Rinderknech et Arthur Vacherot invit\u00e9s;elm:context_link;itc:0;sec:content-canvas\" class=\"link \">Masters 1000 de Paris\u00a0: Apr\u00e8s leur cousinade \u00e0 Shanghai, Arthur Rinderknech et Arthur Vacherot invit\u00e9s<\/a><\/p>\n","protected":false},"excerpt":{"rendered":"coup dur &#8211; Le Serbe ne disputera pas le tournoi parisien qui commence lundi Il avait souffert, \u00e9norm\u00e9ment&hellip;\n","protected":false},"author":2,"featured_media":480326,"comment_status":"","ping_status":"","sticky":false,"template":"","format":"standard","meta":{"footnotes":""},"categories":[1888],"tags":[1111,1928,11,1927,1777,674,1011,27,12,1926,6433,626,1925,25,60348],"class_list":{"0":"post-480325","1":"post","2":"type-post","3":"status-publish","4":"format-standard","5":"has-post-thumbnail","7":"category-paris","8":"tag-actu","9":"tag-actu-paris","10":"tag-actualites","11":"tag-actualites-paris","12":"tag-eu","13":"tag-europe","14":"tag-fr","15":"tag-france","16":"tag-news","17":"tag-news-paris","18":"tag-novak-djokovic","19":"tag-paris","20":"tag-paris-news","21":"tag-republique-francaise","22":"tag-serbe"},"share_on_mastodon":{"url":"https:\/\/pubeurope.com\/@fr\/115414043490209601","error":""},"_links":{"self":[{"href":"https:\/\/www.europesays.com\/fr\/wp-json\/wp\/v2\/posts\/480325","targetHints":{"allow":["GET"]}}],"collection":[{"href":"https:\/\/www.europesays.com\/fr\/wp-json\/wp\/v2\/posts"}],"about":[{"href":"https:\/\/www.europesays.com\/fr\/wp-json\/wp\/v2\/types\/post"}],"author":[{"embeddable":true,"href":"https:\/\/www.europesays.com\/fr\/wp-json\/wp\/v2\/users\/2"}],"replies":[{"embeddable":true,"href":"https:\/\/www.europesays.com\/fr\/wp-json\/wp\/v2\/comments?post=480325"}],"version-history":[{"count":0,"href":"https:\/\/www.europesays.com\/fr\/wp-json\/wp\/v2\/posts\/480325\/revisions"}],"wp:featuredmedia":[{"embeddable":true,"href":"https:\/\/www.europesays.com\/fr\/wp-json\/wp\/v2\/media\/480326"}],"wp:attachment":[{"href":"https:\/\/www.europesays.com\/fr\/wp-json\/wp\/v2\/media?parent=480325"}],"wp:term":[{"taxonomy":"category","embeddable":true,"href":"https:\/\/www.europesays.com\/fr\/wp-json\/wp\/v2\/categories?post=480325"},{"taxonomy":"post_tag","embeddable":true,"href":"https:\/\/www.europesays.com\/fr\/wp-json\/wp\/v2\/tags?post=480325"}],"curies":[{"name":"wp","href":"https:\/\/api.w.org\/{rel}","templated":true}]}}