{"id":480335,"date":"2025-10-21T20:32:09","date_gmt":"2025-10-21T20:32:09","guid":{"rendered":"https:\/\/www.europesays.com\/fr\/480335\/"},"modified":"2025-10-21T20:32:09","modified_gmt":"2025-10-21T20:32:09","slug":"le-belize-signe-un-accord-de-tiers-pays-sur-avec-le-gouvernement-trump","status":"publish","type":"post","link":"https:\/\/www.europesays.com\/fr\/480335\/","title":{"rendered":"Le Belize signe un accord de \u00abtiers pays s\u00fbr\u00bb avec le gouvernement Trump"},"content":{"rendered":"<p>Le Belize, petit pays d\u2019Am\u00e9rique centrale, a sign\u00e9 un accord de \u00abtiers pays s\u00fbr\u00bb avec les \u00c9tats-Unis, ont annonc\u00e9 lundi les deux parties, alors que l\u2019administration Trump cherche \u00e0 acc\u00e9l\u00e9rer les expulsions et \u00e0 dissuader les migrants de venir vers le nord.<\/p>\n<p>Le contenu de cet accord n\u2019\u00e9tait pas encore clair, mais il intervient alors que le pr\u00e9sident am\u00e9ricain, Donald Trump, exerce une pression croissante sur les pays d\u2019Am\u00e9rique latine et d\u2019Afrique pour qu\u2019ils l\u2019aident \u00e0 mettre en \u0153uvre son programme d\u2019immigration.<\/p>\n<p>Cet accord semble similaire \u00e0 un accord pass\u00e9 avec le Paraguay, annonc\u00e9 par le D\u00e9partement d\u2019\u00c9tat am\u00e9ricain en ao\u00fbt, qui pr\u00e9voyait un accord de \u00abtiers pays s\u00fbr\u00bb permettant aux demandeurs d\u2019asile actuellement pr\u00e9sents aux \u00c9tats-Unis de demander une protection dans ce pays sud-am\u00e9ricain.<\/p>\n<p>Au cours du premier mandat de Donald Trump, les \u00c9tats-Unis ont sign\u00e9 plusieurs accords de ce type qui obligeaient les demandeurs d\u2019asile \u00e0 demander une protection dans d\u2019autres pays, comme le Guatemala, avant de poursuivre leur route vers le nord.<\/p>\n<p>Cette politique a \u00e9t\u00e9 critiqu\u00e9e comme une fa\u00e7on d\u00e9tourn\u00e9e de compliquer la demande d\u2019asile aux \u00c9tats-Unis pour les migrants, et a ensuite \u00e9t\u00e9 annul\u00e9e par l\u2019administration Biden.<\/p>\n<p>Plus t\u00f4t cette ann\u00e9e, le Panama et le Costa Rica ont \u00e9galement accept\u00e9 des vols am\u00e9ricains transportant des centaines de personnes expuls\u00e9es originaires de pays asiatiques \u2013 sans qualifier ces accords d\u2019accords de \u00abtiers pays tiers s\u00fbrs\u00bb \u2013, plongeant ainsi les migrants dans une sorte de vide juridique international. <\/p>\n<p>Les \u00c9tats-Unis ont \u00e9galement sign\u00e9 des accords, notamment des accords d\u2019expulsion, avec le Soudan du Sud, l\u2019Eswatini et le Rwanda, pays d\u00e9chir\u00e9s par la guerre.<\/p>\n<p>Le gouvernement du Belize a d\u00e9clar\u00e9 lundi dans un communiqu\u00e9 qu\u2019il \u00abconserve un droit de veto absolu sur les transferts, avec des restrictions sur les nationalit\u00e9s, un plafond pour les personnes transf\u00e9r\u00e9es et des contr\u00f4les de s\u00e9curit\u00e9 complets\u00bb.<\/p>\n<p>Le gouvernement de ce pays majoritairement rural, coinc\u00e9 entre le Mexique et le Guatemala, a r\u00e9it\u00e9r\u00e9 son \u00abengagement envers le droit international et les principes humanitaires, tout en garantissant de solides garanties nationales\u00bb. Aucune personne consid\u00e9r\u00e9e comme une menace pour la s\u00e9curit\u00e9 publique ne sera autoris\u00e9e \u00e0 entrer dans le pays, a-t-il d\u00e9clar\u00e9. <\/p>\n<p>Lundi, le Bureau des affaires de l\u2019h\u00e9misph\u00e8re occidental du D\u00e9partement d\u2019\u00c9tat a remerci\u00e9 le Belize dans une publication sur les r\u00e9seaux sociaux, qualifiant l\u2019accord de \u00abjalon important pour mettre fin \u00e0 l\u2019immigration clandestine, mettre un terme aux abus du syst\u00e8me d\u2019asile de notre pays et renforcer notre engagement commun \u00e0 relever ensemble les d\u00e9fis de notre h\u00e9misph\u00e8re\u00bb.<\/p>\n<p>Cette d\u00e9cision a suscit\u00e9 des critiques virulentes de la part des responsables politiques b\u00e9liziens, qui ont vivement critiqu\u00e9 l\u2019accord. Ils l\u2019ont qualifi\u00e9 de \u00abd\u00e9cision aux cons\u00e9quences nationales profondes\u00bb, annonc\u00e9e avec un manque de transparence de la part du gouvernement. <\/p>\n<p>L\u2019accord doit \u00eatre ratifi\u00e9 par le S\u00e9nat b\u00e9lizien pour entrer en vigueur.<\/p>\n<p>\u00abCet accord, de par sa nature m\u00eame, pourrait remodeler les syst\u00e8mes d\u2019immigration et d\u2019asile du Belize, imposer de nouvelles charges financi\u00e8res aux contribuables et soulever de graves questions de souverainet\u00e9 et de s\u00e9curit\u00e9 nationales\u00bb, a \u00e9crit Tracy Taegar Panton, cheffe de file de l\u2019opposition au parlement b\u00e9lizien, sur les r\u00e9seaux sociaux.<\/p>\n<p>\u00abLe Belize ne peut ni ne doit servir de d\u00e9potoir \u00e0 des individus que d\u2019autres pays refusent d\u2019accueillir\u00a0\u00bb, a-t-elle aussi \u00e9crit.<\/p>\n","protected":false},"excerpt":{"rendered":"Le Belize, petit pays d\u2019Am\u00e9rique centrale, a sign\u00e9 un accord de \u00abtiers pays s\u00fbr\u00bb avec les \u00c9tats-Unis, ont&hellip;\n","protected":false},"author":2,"featured_media":480336,"comment_status":"","ping_status":"","sticky":false,"template":"","format":"standard","meta":{"footnotes":""},"categories":[1589],"tags":[11,73,1866,1854,4576,15225,12,1864,1865,1863,308],"class_list":{"0":"post-480335","1":"post","2":"type-post","3":"status-publish","4":"format-standard","5":"has-post-thumbnail","7":"category-etats-unis","8":"tag-actualites","9":"tag-etats-unis","10":"tag-etats-unis-damerique","11":"tag-https-lactualite-com-sujet-international","12":"tag-https-lactualite-com-sujet-politique","13":"tag-https-lactualite-com-sujet-social","14":"tag-news","15":"tag-united-states","16":"tag-united-states-of-america","17":"tag-us","18":"tag-usa"},"share_on_mastodon":{"url":"https:\/\/pubeurope.com\/@fr\/115414063217909606","error":""},"_links":{"self":[{"href":"https:\/\/www.europesays.com\/fr\/wp-json\/wp\/v2\/posts\/480335","targetHints":{"allow":["GET"]}}],"collection":[{"href":"https:\/\/www.europesays.com\/fr\/wp-json\/wp\/v2\/posts"}],"about":[{"href":"https:\/\/www.europesays.com\/fr\/wp-json\/wp\/v2\/types\/post"}],"author":[{"embeddable":true,"href":"https:\/\/www.europesays.com\/fr\/wp-json\/wp\/v2\/users\/2"}],"replies":[{"embeddable":true,"href":"https:\/\/www.europesays.com\/fr\/wp-json\/wp\/v2\/comments?post=480335"}],"version-history":[{"count":0,"href":"https:\/\/www.europesays.com\/fr\/wp-json\/wp\/v2\/posts\/480335\/revisions"}],"wp:featuredmedia":[{"embeddable":true,"href":"https:\/\/www.europesays.com\/fr\/wp-json\/wp\/v2\/media\/480336"}],"wp:attachment":[{"href":"https:\/\/www.europesays.com\/fr\/wp-json\/wp\/v2\/media?parent=480335"}],"wp:term":[{"taxonomy":"category","embeddable":true,"href":"https:\/\/www.europesays.com\/fr\/wp-json\/wp\/v2\/categories?post=480335"},{"taxonomy":"post_tag","embeddable":true,"href":"https:\/\/www.europesays.com\/fr\/wp-json\/wp\/v2\/tags?post=480335"}],"curies":[{"name":"wp","href":"https:\/\/api.w.org\/{rel}","templated":true}]}}