{"id":480350,"date":"2025-10-21T20:40:14","date_gmt":"2025-10-21T20:40:14","guid":{"rendered":"https:\/\/www.europesays.com\/fr\/480350\/"},"modified":"2025-10-21T20:40:14","modified_gmt":"2025-10-21T20:40:14","slug":"championnat-de-france-minimes-garcons-nicolas-viroleau-vainqueur-sur-le-fil","status":"publish","type":"post","link":"https:\/\/www.europesays.com\/fr\/480350\/","title":{"rendered":"Championnat de France Minimes Gar\u00e7ons : Nicolas Viroleau vainqueur sur le fil"},"content":{"rendered":"<p>\u00c9voluant \u00e0 la maison, les joueurs du <strong>golf de Biarritz Le Phare<\/strong> avaient \u00e0 c\u0153ur de faire honneur \u00e0 leurs couleurs et de remporter le <strong>troph\u00e9e Yan Le Quellec<\/strong> pour faire \u00e9cho \u00e0 la victoire de leur co\u00e9quipi\u00e8re <strong>Romane Tresnard<\/strong> chez les U16 Filles, mais les Biarrots sont tomb\u00e9s sur un <strong>Nicolas Viroleau<\/strong> tout simplement imperturbable dans la derni\u00e8re droite. En t\u00eate au d\u00e9part du quatri\u00e8me tour ce mardi, le licenci\u00e9 du <strong>UGolf Mionnay Garden<\/strong> a align\u00e9 huit pars pour boucler sa ronde, quand ses adversaires directs sont tous partis \u00e0 la faute sur les derniers trous.<\/p>\n<p>Avec des scores de 68, 66, 65 et 70 pour un total de 269 (-7), le joueur originaire de La R\u00e9union a donc conserv\u00e9 l&rsquo;avantage pour s&rsquo;adjuger ce <strong>championnat de France Minimes Gar\u00e7ons<\/strong>, qui marque sa premi\u00e8re grande victoire sur le plan national. Il a termin\u00e9 avec un coup d&rsquo;avance sur <strong>Rafael Amiel<\/strong> (RCF La Boulie), deux sur <strong>Giovanni Brul\u00e9<\/strong> (Biarritz) et <strong>Paul Martin<\/strong> (Bordelais), et trois sur <strong>Anthony Nadal<\/strong> (Biarritz).<\/p>\n","protected":false},"excerpt":{"rendered":"\u00c9voluant \u00e0 la maison, les joueurs du golf de Biarritz Le Phare avaient \u00e0 c\u0153ur de faire honneur&hellip;\n","protected":false},"author":2,"featured_media":480351,"comment_status":"","ping_status":"","sticky":false,"template":"","format":"standard","meta":{"footnotes":""},"categories":[1418],"tags":[1011,27,1472,60],"class_list":{"0":"post-480350","1":"post","2":"type-post","3":"status-publish","4":"format-standard","5":"has-post-thumbnail","7":"category-golf","8":"tag-fr","9":"tag-france","10":"tag-golf","11":"tag-sports"},"share_on_mastodon":{"url":"https:\/\/pubeurope.com\/@fr\/115414094702196822","error":""},"_links":{"self":[{"href":"https:\/\/www.europesays.com\/fr\/wp-json\/wp\/v2\/posts\/480350","targetHints":{"allow":["GET"]}}],"collection":[{"href":"https:\/\/www.europesays.com\/fr\/wp-json\/wp\/v2\/posts"}],"about":[{"href":"https:\/\/www.europesays.com\/fr\/wp-json\/wp\/v2\/types\/post"}],"author":[{"embeddable":true,"href":"https:\/\/www.europesays.com\/fr\/wp-json\/wp\/v2\/users\/2"}],"replies":[{"embeddable":true,"href":"https:\/\/www.europesays.com\/fr\/wp-json\/wp\/v2\/comments?post=480350"}],"version-history":[{"count":0,"href":"https:\/\/www.europesays.com\/fr\/wp-json\/wp\/v2\/posts\/480350\/revisions"}],"wp:featuredmedia":[{"embeddable":true,"href":"https:\/\/www.europesays.com\/fr\/wp-json\/wp\/v2\/media\/480351"}],"wp:attachment":[{"href":"https:\/\/www.europesays.com\/fr\/wp-json\/wp\/v2\/media?parent=480350"}],"wp:term":[{"taxonomy":"category","embeddable":true,"href":"https:\/\/www.europesays.com\/fr\/wp-json\/wp\/v2\/categories?post=480350"},{"taxonomy":"post_tag","embeddable":true,"href":"https:\/\/www.europesays.com\/fr\/wp-json\/wp\/v2\/tags?post=480350"}],"curies":[{"name":"wp","href":"https:\/\/api.w.org\/{rel}","templated":true}]}}