{"id":480356,"date":"2025-10-21T20:43:14","date_gmt":"2025-10-21T20:43:14","guid":{"rendered":"https:\/\/www.europesays.com\/fr\/480356\/"},"modified":"2025-10-21T20:43:14","modified_gmt":"2025-10-21T20:43:14","slug":"stefanos-tsitsipas-declare-forfait-a-vienne-six-jours-apres-sa-participation-au-six-kings-slam-lequipe","status":"publish","type":"post","link":"https:\/\/www.europesays.com\/fr\/480356\/","title":{"rendered":"Stefanos Tsitsipas d\u00e9clare forfait \u00e0 Vienne six jours apr\u00e8s sa participation au Six Kings Slam &#8211; L&#039;\u00c9quipe"},"content":{"rendered":"<ol>\n<li><a href=\"https:\/\/news.google.com\/rss\/articles\/CBMi2wFBVV95cUxPRF90b3MxdVozXzlMMlZzWkxOYzdHd29ESEVEdERiUE5hUnJIay1Vc1YxZVE0RGltd2N4RWRPOWFra3B4OTlOYXpEVERVYTZXMy1XaDMtSWNjSjZJbXlQeU9HN3p2RTYzM2Y2cG9wbk5ZYzY5ZXUxVG95UUQxVlBvbEtma3U1UEVNSjZyUDJ6VUVhNmFCMkRqYVVLem11ZENuYkRjY2xpZkNYUlhDaXVRRnM1T0VBS1dpUF9aYlVPLU9IZENyWDlfc0F6a1R1WncyQ2ZEblRBX0d0QU0?oc=5\" target=\"_blank\" rel=\"nofollow noopener\">Stefanos Tsitsipas d\u00e9clare forfait \u00e0 Vienne six jours apr\u00e8s sa participation au Six Kings Slam<\/a>&nbsp;&nbsp;L&rsquo;\u00c9quipe<\/li>\n<li><a href=\"https:\/\/news.google.com\/rss\/articles\/CBMihAFBVV95cUxPRndkT1hNV09CeWp0ZkZyUDFWRC1BdG9pa2NXRm1oQVB0OU92RldzR29jR2UtN2VaUjJpWmx2ZWpDQVJKMVNWX214S1JIaG9WS0VQSjEwMTR2ZHhhelczM2lpTHRENEdvR1hoWlhMMWZkQnZGQnhyanJsbWp2RU43RW55Vmk?oc=5\" target=\"_blank\" rel=\"nofollow noopener\">Musetti \u00e9carte Medjedovic et rejoint les huiti\u00e8mes de finale \u00e0 Vienne<\/a>&nbsp;&nbsp;Tennis Temple<\/li>\n<li><a href=\"https:\/\/news.google.com\/rss\/articles\/CBMijwFBVV95cUxNaUc3T2lfTHVxeVBad3IxejgtLWpxOERFMmpMTkJ0b0FxaElNOEZjcmo2aGdsMGcyZWVSUUJQQUJ5YzRkZUoyb2tocXFic2UwbG82NDdqY2hKekU1cmVnVXZORnJoUDFSeWZ6S3ZENTc1RmJoeWZtSHc5MzN2TjFGWk1ZRDBQWkpfT3VpT19tbw?oc=5\" target=\"_blank\" rel=\"nofollow noopener\">ATP &#8211; Vienne &gt; Tsitsipas, un nouveau forfait qui fait jaser<\/a>&nbsp;&nbsp;We Love Tennis<\/li>\n<li><a href=\"https:\/\/news.google.com\/rss\/articles\/CBMiigFBVV95cUxPaTdJSHptUUd0OEd0Ul9kTzA2bTd4NFg0NnQyVTZxRGw1b2gwUmpZeWU2LVU5MnZCN0FLdlk4aWJUQ0xTVEN4U2EwUnFjQlV0WEh5dy1wSGRwN2tSZFVqOTJGenJSOWt3TV9zXy1PU0hrb0ZuaktrVzdwSHZqWU5RQmsxQlpQSTFpckE?oc=5\" target=\"_blank\" rel=\"nofollow noopener\">Pronostic Stefanos Tsitsipas &#8211; Lorenzo Musetti, ATP Vienne<\/a>&nbsp;&nbsp;SportyTrader<\/li>\n<li><a href=\"https:\/\/news.google.com\/rss\/articles\/CBMipAFBVV95cUxQdE9Ob3hRN3NmUVRuOTFTakM0aVNRam1ackpLeWltVlM1UGVXZm1SOEw4VnZPUnA3VkZ5N0JIQ0VKVHhXX0F3UmkyQWRfU2RjZExvU3FIUnFQaGtLeVpqSEQ3Ylg1YVhkbVJzMkRRTnMxaUZzczZIYTY5WU1EZDhHQUVjUC16QVU0M09EVnJ4d19xVFFUSHdTc3habEVXT0ktWFY2Sw?oc=5\" target=\"_blank\" rel=\"nofollow noopener\">Stefanos Tsitsipas d\u00e9clare forfait pour le tournoi de Vienne<\/a>&nbsp;&nbsp;Univers Tennis<\/li>\n<\/ol>\n","protected":false},"excerpt":{"rendered":"Stefanos Tsitsipas d\u00e9clare forfait \u00e0 Vienne six jours apr\u00e8s sa participation au Six Kings Slam&nbsp;&nbsp;L&rsquo;\u00c9quipe Musetti \u00e9carte Medjedovic&hellip;\n","protected":false},"author":2,"featured_media":480357,"comment_status":"","ping_status":"","sticky":false,"template":"","format":"standard","meta":{"footnotes":""},"categories":[1415],"tags":[1011,27,60,1467],"class_list":{"0":"post-480356","1":"post","2":"type-post","3":"status-publish","4":"format-standard","5":"has-post-thumbnail","7":"category-tennis","8":"tag-fr","9":"tag-france","10":"tag-sports","11":"tag-tennis"},"share_on_mastodon":{"url":"https:\/\/pubeurope.com\/@fr\/115414106321512613","error":""},"_links":{"self":[{"href":"https:\/\/www.europesays.com\/fr\/wp-json\/wp\/v2\/posts\/480356","targetHints":{"allow":["GET"]}}],"collection":[{"href":"https:\/\/www.europesays.com\/fr\/wp-json\/wp\/v2\/posts"}],"about":[{"href":"https:\/\/www.europesays.com\/fr\/wp-json\/wp\/v2\/types\/post"}],"author":[{"embeddable":true,"href":"https:\/\/www.europesays.com\/fr\/wp-json\/wp\/v2\/users\/2"}],"replies":[{"embeddable":true,"href":"https:\/\/www.europesays.com\/fr\/wp-json\/wp\/v2\/comments?post=480356"}],"version-history":[{"count":0,"href":"https:\/\/www.europesays.com\/fr\/wp-json\/wp\/v2\/posts\/480356\/revisions"}],"wp:featuredmedia":[{"embeddable":true,"href":"https:\/\/www.europesays.com\/fr\/wp-json\/wp\/v2\/media\/480357"}],"wp:attachment":[{"href":"https:\/\/www.europesays.com\/fr\/wp-json\/wp\/v2\/media?parent=480356"}],"wp:term":[{"taxonomy":"category","embeddable":true,"href":"https:\/\/www.europesays.com\/fr\/wp-json\/wp\/v2\/categories?post=480356"},{"taxonomy":"post_tag","embeddable":true,"href":"https:\/\/www.europesays.com\/fr\/wp-json\/wp\/v2\/tags?post=480356"}],"curies":[{"name":"wp","href":"https:\/\/api.w.org\/{rel}","templated":true}]}}