{"id":480358,"date":"2025-10-21T20:45:20","date_gmt":"2025-10-21T20:45:20","guid":{"rendered":"https:\/\/www.europesays.com\/fr\/480358\/"},"modified":"2025-10-21T20:45:20","modified_gmt":"2025-10-21T20:45:20","slug":"parlons-motogp-voici-ce-quil-sest-vraiment-passe-en-2015","status":"publish","type":"post","link":"https:\/\/www.europesays.com\/fr\/480358\/","title":{"rendered":"Parlons MotoGP\u00a0: Voici ce qu\u2019il s\u2019est vraiment pass\u00e9 en 2015"},"content":{"rendered":"<p><strong>Il est l\u2019heure. Depuis longtemps, je d\u00e9sire aborder un<br \/>\nsujet br\u00fblant qui f\u00eate ses dix ans\u00a0; Sepang 2015, \u00e9v\u00e9nement<br \/>\nmajeur de l\u2019histoire du MotoGP et de mon parcours de passionn\u00e9. Mon<br \/>\nplus grand d\u00e9fi ne sera pas de vous convaincre, non, mais de<br \/>\nr\u00e9sumer ma pens\u00e9e en 3000 mots ou presque. Pour cette raison, cette<br \/>\nanalyse sera divis\u00e9e en deux parties, une aujourd\u2019hui, et une<br \/>\ndemain. Alors, sans perdre de temps, c\u2019est<br \/>\nparti\u00a0!<\/strong><\/p>\n<p>\u00a0<\/p>\n<p>Pr\u00e9ambule<\/p>\n<p>\u00a0<\/p>\n<p>Je sais que ce sujet est particuli\u00e8rement sensible, et<br \/>\n<strong>c\u2019est pourquoi je suis dans l\u2019obligation de faire un<br \/>\ndisclaimer<\/strong>.<\/p>\n<p><strong>Premi\u00e8rement<\/strong>, ce que je vais dire dans cet<br \/>\narticle n\u2019engage que moi, et pas la r\u00e9daction du site.<\/p>\n<p><strong>Deuxi\u00e8mement<\/strong>, je n\u2019ai aucune attache<br \/>\n\u00e9motionnelle envers les deux protagonistes que nous allons \u00e9tudier,<br \/>\n\u00e0 savoir, <strong><a href=\"https:\/\/www.paddock-gp.com\/parlons-motogp-marc-marquez-vient-de-changer-de-dimension\/\" target=\"_blank\" rel=\"noopener\">Marc Marquez<\/a><\/strong> et<br \/>\nValentino Rossi. Mon idole de jeunesse se nommait Jorge Lorenzo,<br \/>\ndonc autant vous dire que j\u2019\u00e9tais plus que satisfait de l\u2019issue de<br \/>\ncette affaire. C\u2019est peut-\u00eatre pour \u00e7a qu\u2019elle m\u2019a tant passionn\u00e9e<br \/>\net que je suis capable d\u2019en parler de mani\u00e8re tout \u00e0 fait<br \/>\nd\u00e9tach\u00e9e.<\/p>\n<p><strong>Derni\u00e8rement<\/strong>, et cela devrait para\u00eetre logique<br \/>\npour tout humain de plus de 16 ans, inutile de s\u2019insulter pour une<br \/>\nbrouille qui date d\u2019il y a dix ans \u2013 et de s\u2019insulter tout court,<br \/>\nd\u2019ailleurs. Je sais que c\u2019est in\u00e9vitable, mais si vous \u00eates<br \/>\nincapable d\u2019aborder objectivement ce sujet, que vous m\u2019insultez,<br \/>\ncar vous n\u2019\u00eates pas d\u2019accord avec mes conclusions, alors vous avez<br \/>\nun probl\u00e8me. Le rem\u00e8de sera difficile \u00e0 trouver, mais je vous<br \/>\ninvite \u00e0 lire De la constance du sage de S\u00e9n\u00e8que pour<br \/>\ncommencer.<\/p>\n<p>\u00a0<\/p>\n<p><img loading=\"lazy\" decoding=\"async\" aria-describedby=\"caption-attachment-1341060\" class=\"size-full wp-image-1341060\" src=\"https:\/\/www.europesays.com\/fr\/wp-content\/uploads\/2025\/10\/2015-4-e1761060718383.jpeg\" alt=\"MotoGP 2015\" width=\"800\" height=\"533\"\/><\/p>\n<p id=\"caption-attachment-1341060\" class=\"wp-caption-text\">On ne va<br \/>\npas beaucoup parler de Pedrosa, mais c\u2019est bien lui qui a remport\u00e9<br \/>\nle Grand Prix de Malaisie 2015. Photo : Box Repsol<\/p>\n<p>\u00a0<\/p>\n<p>Contexte<\/p>\n<p>\u00a0<\/p>\n<p>J\u2019imagine que, si vous lisez cette chronique, vous \u00eates<br \/>\npassionn\u00e9s depuis un bon moment, et que vous savez globalement ce<br \/>\nqu\u2019il s\u2019est pass\u00e9 \u00e0 l\u2019\u00e9poque. Cependant, si vous \u00eates un fan plus<br \/>\nr\u00e9cent, je me ferai un plaisir de vous expliquer davantage la<br \/>\nsituation en commentaires si vous le d\u00e9sirez. N\u2019h\u00e9sitez pas \u00e0 me<br \/>\ndemander des pr\u00e9cisions si vous n\u2019avez pas v\u00e9cu cela\u00a0;<br \/>\n<strong>il n\u2019y a aucune honte \u00e0 \u00eatre plus jeune, retenez bien cette<br \/>\nphrase<\/strong>.<\/p>\n<p>Lorsque la saison 2015 a d\u00e9but\u00e9, Marc Marquez, chez Honda<br \/>\nRepsol, \u00e9tait tenant du titre, apr\u00e8s une campagne monstrueuse en<br \/>\n2014. \u00c0 cause d\u2019un exc\u00e8s d\u2019engagement et d\u2019une performance<br \/>\nimpressionnante des deux pilotes Yamaha Valentino Rossi et<br \/>\n<strong><a href=\"https:\/\/www.paddock-gp.com\/parlons-motogp-voici-le-seul-pilote-qui-a-rivalise-avec-marc-marquez\/\" target=\"_blank\" rel=\"noopener\">Jorge Lorenzo<\/a><\/strong>, Marquez<br \/>\ns\u2019est rapidement retrouv\u00e9 en difficult\u00e9 au classement g\u00e9n\u00e9ral.<br \/>\nRossi, neuf fois champion du monde, \u00e9tait le plus r\u00e9gulier, mais<br \/>\npas le plus rapide. Jorge Lorenzo, gr\u00e2ce \u00e0 quatre victoires<br \/>\ncons\u00e9cutives t\u00f4t dans la saison, <strong>s\u2019est rapidement oppos\u00e9 en<br \/>\nrival de Rossi<\/strong>, comme au bon vieux temps.<\/p>\n<p>Avant d\u2019arriver au Grand Prix d\u2019Australie, nous avions<br \/>\ndonc\u00a0: <strong>Valentino Rossi<\/strong>, leader du<br \/>\nchampionnat, mais sous la menace de son co\u00e9quipier plus v\u00e9loce<br \/>\n<strong>Jorge Lorenzo<\/strong>, <strong>Marc Marquez<\/strong><br \/>\ntroisi\u00e8me d\u00e9croch\u00e9 du championnat, mais capable de remporter des<br \/>\ncourses, et <strong>Dani Pedrosa<\/strong> en arbitre, l\u2019autre<br \/>\nofficiel Honda.<\/p>\n<p>\u00a0<\/p>\n<p>Le plus beau Grand Prix de tous les temps\u00a0?<\/p>\n<p>\u00a0<\/p>\n<p>Il faut savoir que Marc Marquez, adoub\u00e9 (pour de vrai ou pour de<br \/>\nfaux) par Valentino Rossi \u00e0 ses d\u00e9buts en <a href=\"https:\/\/www.motogp.com\/fr\/\" target=\"_blank\" rel=\"noopener\">MotoGP<\/a>, s\u2019\u00e9tait d\u00e9j\u00e0 accroch\u00e9 plusieurs fois avec<br \/>\n\u00ab\u00a0The Doctor\u00a0\u00bb lors de cet exercice. Il s\u2019est fait<br \/>\nfaucher \u00e0 Termas de Rio Hondo, et <strong>a tent\u00e9 de le d\u00e9passer de<br \/>\nmani\u00e8re muscl\u00e9e \u00e0 Assen<\/strong>, dans le dernier virage.<\/p>\n<p>\u00a0<\/p>\n<p><img loading=\"lazy\" decoding=\"async\" aria-describedby=\"caption-attachment-1341063\" class=\"size-full wp-image-1341063\" src=\"https:\/\/www.europesays.com\/fr\/wp-content\/uploads\/2025\/10\/2015-5-e1761060866280.jpeg\" alt=\"MotoGP 2015\" width=\"800\" height=\"533\"\/><\/p>\n<p id=\"caption-attachment-1341063\" class=\"wp-caption-text\">Marc<br \/>\nMarquez n\u2019\u00e9tait pas aussi populaire qu\u2019aujourd\u2019hui, mais il \u00e9tait<br \/>\ntr\u00e8s aim\u00e9 des fans de Rossi. Photo : Box Repsol<\/p>\n<p>\u00a0<\/p>\n<p>La situation \u00e9tait tr\u00e8s tendue avant le d\u00e9part du GP<br \/>\nd\u2019Australie. Lorenzo et Rossi \u00e9taient rivaux depuis 2008, et<br \/>\nMarquez, en \u00e9lectron libre, commen\u00e7ait \u00e0 s\u00e9rieusement agacer Rossi.<br \/>\nDurant cette fameuse course \u00e0 Phillip Island, <strong>Lorenzo<br \/>\nsemblait se diriger vers une victoire certaine<\/strong>, mais<br \/>\nMarquez, qui avait bataill\u00e9 plus \u00e0 l\u2019arri\u00e8re une bonne partie de<br \/>\nl\u2019\u00e9preuve, le remonta sur la fin et remporta la mise.<br \/>\n<strong>D\u00e9tail tr\u00e8s important\u00a0<\/strong>: Rossi se fit battre<br \/>\npar Andrea Iannone pour le gain de la troisi\u00e8me place.<\/p>\n<p>\u00a0<\/p>\n<p>Affrontement l\u00e9gendaire<\/p>\n<p>\u00a0<\/p>\n<p>Cette course \u00e9tait magnifique, l\u2019une des plus belles de<br \/>\nl\u2019histoire. Je me souviens pertinemment des commentaires apr\u00e8s<br \/>\ncette \u00e9preuve : personne n\u2019avait rien relev\u00e9 d\u2019anormal. Puis vient<br \/>\nla conf\u00e9rence de presse du Grand Prix de Malaisie, qui, comme en<br \/>\n2025, suit l\u2019Australie. Alors qu\u2019il m\u00e8ne toujours le championnat de<br \/>\nneuf points, <strong>Valentino Rossi choque la plan\u00e8te en accusant<br \/>\nMarquez d\u2019aider Lorenzo \u00e0 remporter ce titre<\/strong>. Feuilles de<br \/>\ntemps \u00e0 l\u2019appui, il veut prouver que Marc l\u2019aurait ralenti \u00e0<br \/>\nPhillip Island pour l\u2019emp\u00eacher de remonter Lorenzo. Dans la salle,<br \/>\n<strong>personne n\u2019en croit ses yeux<\/strong>, Marc Marquez en<br \/>\npremier.<\/p>\n<p>Je vous la fais courte, mais les mots \u00e9taient durs \u00e0 entendre.<br \/>\nLorenzo, pr\u00e9sent \u00e9galement, ass\u00e8ne alors une remarque\u00a0:<br \/>\n<strong>\u00ab\u00a0Il m\u2019a tellement aid\u00e9 qu\u2019il m\u2019a<br \/>\nbattu\u00a0!\u00a0\u00bb<\/strong>. Lors de la course, Pedrosa<br \/>\ns\u2019envole, bient\u00f4t suivi par Lorenzo. Derri\u00e8re, Marquez se retrouve<br \/>\naux c\u00f4t\u00e9s de Rossi, et les deux ne se l\u00e2chent plus. Dans<br \/>\nl\u2019avant-dernier virage, l\u2019Italien semble mettre un coup de pied \u00e0<br \/>\nMarquez, qui chute. Rossi, non p\u00e9nalis\u00e9, termine troisi\u00e8me, dans la<br \/>\ncacophonie la plus totale. La sanction arrive plus tard\u00a0: il<br \/>\ndoit partir dernier \u00e0 Valence, finale du championnat. Lors de cette<br \/>\nultime \u00e9preuve, <strong>Lorenzo s\u2019impose devant Marquez, Pedrosa<br \/>\nfinit troisi\u00e8me, et Rossi remonte quatri\u00e8me<\/strong>. \u00ab\u00a0Por<br \/>\nFuera\u00a0\u00bb triomphe pour la cinqui\u00e8me fois de sa carri\u00e8re, pour<br \/>\nmon plus grand plaisir. Je ne sais pas comment j\u2019aurais pu vous<br \/>\nr\u00e9sumer ceci de mani\u00e8re plus concise.<\/p>\n<p>\u00a0<\/p>\n<p>Qui est le fautif\u00a0?<\/p>\n<p>\u00a0<\/p>\n<p>Maintenant que nous avons tous les \u00e9l\u00e9ments, en gros,<br \/>\npenchons-nous sur les conclusions. Mon avis est plut\u00f4t simple \u00e0<br \/>\nr\u00e9sumer\u00a0: <strong>d\u2019apr\u00e8s moi, le principal fautif est<br \/>\nValentino Rossi, mais Marc Marquez a aussi des torts<\/strong>. Je<br \/>\nm\u2019explique. Tout d\u2019abord, comme beaucoup de gens, j\u2019ai trouv\u00e9 cette<br \/>\nsc\u00e8ne en conf\u00e9rence de presse absolument pitoyable (mais<br \/>\nentertaining\u00a0!), <strong>indigne de la l\u00e9gende de<br \/>\nVale\u2019<\/strong>. Ce qu\u2019il disait ne faisait aucun sens, et la<br \/>\nremarque de Jorge Lorenzo r\u00e9sume tout. Pourquoi Marquez aurait-il<br \/>\naid\u00e9 Lorenzo en le battant \u00e0 trois courses du terme, alors qu\u2019il<br \/>\naurait tr\u00e8s bien pu faire semblant de rester deuxi\u00e8me ou troisi\u00e8me<br \/>\nafin d\u2019emb\u00eater Rossi s\u2019il avait voulu\u00a0? De plus, Andrea<br \/>\nIannone, compatriote de Rossi, ne s\u2019est pas g\u00ean\u00e9 pour le<br \/>\ndoubler.<\/p>\n<p>\u00a0<\/p>\n<p><img loading=\"lazy\" decoding=\"async\" aria-describedby=\"caption-attachment-1341065\" class=\"size-full wp-image-1341065\" src=\"https:\/\/www.europesays.com\/fr\/wp-content\/uploads\/2025\/10\/Sepang-2015-3-e1761061052248.jpeg\" alt=\"\" width=\"800\" height=\"533\"\/><\/p>\n<p id=\"caption-attachment-1341065\" class=\"wp-caption-text\">Rossi<br \/>\nn\u2019a pas dit que la v\u00e9rit\u00e9 sur le Grand Prix de Phillip Island.<br \/>\nPhoto : Box Repsol<\/p>\n<p>\u00a0<\/p>\n<p>Cela fait directement \u00e9cho \u00e0 un d\u00e9faut de Valentino Rossi.<br \/>\n<strong>Ce dernier n\u2019a jamais \u00e9t\u00e9 tr\u00e8s bon sous la<br \/>\npression<\/strong>, comme c\u2019\u00e9tait le cas en 2006, lors de la finale<br \/>\n\u00e0 Valence contre Nicky Hayden. Tous les champions ont des failles,<br \/>\net celle-ci lui a co\u00fbt\u00e9 tr\u00e8s cher. Les mots employ\u00e9s \u00e0 l\u2019\u00e9gard de<br \/>\nMarc Marquez ne pouvaient que mettre en rogne l\u2019Espagnol, compar\u00e9 \u00e0<br \/>\nun pilote moins honn\u00eate encore que Max Biaggi. Je ne sais pas si un<br \/>\ncoup de pied a r\u00e9ellement \u00e9t\u00e9 donn\u00e9, car de nombreux pilotes disent<br \/>\nque oui, et d\u2019autres r\u00e9futent cette th\u00e8se. En tout cas, Rossi a<br \/>\nbien \u00e9cart\u00e9, c\u2019est certain. Pour moi, ce championnat est perdu en<br \/>\nconf\u00e9rence de presse, bien avant cet accrochage historique et la<br \/>\nchute de Marc Marquez. Tenir un avantage de neuf points sur deux<br \/>\ncourses face \u00e0 Lorenzo, c\u2019\u00e9tait chaud, mais je pense que Rossi<br \/>\naurait pu le faire \u00e0 la r\u00e9guli\u00e8re. Il s\u2019est lui-m\u00eame tir\u00e9 une balle<br \/>\ndans le pied, et a perdu ce championnat tout seul, avec son<br \/>\norgueil. Dans la m\u00eame veine, <strong>il me para\u00eet impensable que<br \/>\nMarc Marquez ait aid\u00e9 Jorge Lorenzo \u00e0 Phillip Island<\/strong>, mais<br \/>\n\u00e9galement \u00e0 Valence, o\u00f9 l\u2019officiel Yamaha \u00e9tait au-dessus.<\/p>\n<p>\u00a0<\/p>\n<p>Les torts de Marquez<\/p>\n<p>\u00a0<\/p>\n<p>Tout n\u2019est pas tout noir ou tout blanc. <strong>Marc Marquez<br \/>\na\u00a0interf\u00e9r\u00e9 dans cette lutte pour le titre, \u00e0 un moment bien<br \/>\npr\u00e9cis<\/strong>. Voyez-vous, au d\u00e9but du Grand Prix de Malaisie,<br \/>\nMarquez s\u2019est fait doubler par Lorenzo, comme si de rien n\u2019\u00e9tait.<br \/>\nIl n\u2019a m\u00eame pas essay\u00e9 de riposter dans l\u2019encha\u00eenement suivant.<br \/>\nSelon moi, il attendait Valentino Rossi pour l\u2019harceler, car il<br \/>\nn\u2019avait pas support\u00e9 ses propos en conf\u00e9rence de presse. Et,<br \/>\neffectivement, on le voyait tourner autour du n\u00b046, il ne le<br \/>\nl\u00e2chait plus, entra\u00eenant l\u2019incompr\u00e9hension de \u00ab\u00a0The<br \/>\nDoctor\u00a0\u00bb. Sur le principe, c\u2019est incorrect, mais un grand<br \/>\nchampion comme Rossi n\u2019aurait jamais d\u00fb lancer cette pol\u00e9mique.<br \/>\n<strong>Je vois \u00e7a comme un retour de b\u00e2ton\u00a0: on ne peut pas<br \/>\nprof\u00e9rer de telles calomnies sans s\u2019attendre \u00e0 une r\u00e9action de la<br \/>\npart du concern\u00e9<\/strong>. Si Lorenzo avait pris un meilleur<br \/>\nd\u00e9part, Marquez aurait eu la m\u00eame strat\u00e9gie, j\u2019en suis convaincu.<br \/>\nMais le hic, c\u2019est qu\u2019il a, d\u2019apr\u00e8s moi, laiss\u00e9 passer Lorenzo pour<br \/>\nse retrouver au niveau de Rossi et cela a interf\u00e9r\u00e9, par<br \/>\nd\u00e9finition, dans la course au titre.<\/p>\n<p>\u00a0<\/p>\n<p>Conclusion<\/p>\n<p>\u00a0<\/p>\n<p><strong>Jorge Lorenzo a remport\u00e9 un championnat largement<br \/>\nm\u00e9rit\u00e9<\/strong>, car il a \u00e9t\u00e9 le meilleur pilote de cette saison,<br \/>\nd\u2019assez loin d\u2019ailleurs. Valentino Rossi ne peut s\u2019en prendre qu\u2019\u00e0<br \/>\nlui-m\u00eame, car il s\u2019est mis un b\u00e2ton (voire une grume) dans sa jante<br \/>\navant lors de cette conf\u00e9rence de presse, ce qui n\u2019aide pas pour<br \/>\nrouler, vous en conviendrez. <strong>La direction de course n\u2019a<br \/>\nmalheureusement pas fait son job<\/strong>, car, si les experts<br \/>\npouvaient confirmer qu\u2019un coup de pied avait bien \u00e9t\u00e9 donn\u00e9, il<br \/>\naurait d\u00fb recevoir un drapeau noir, et partir normalement \u00e0<br \/>\nValence. Apr\u00e8s, la situation n\u2019avait jamais \u00e9t\u00e9 aussi tendue dans<br \/>\nl\u2019histoire, donc je peux comprendre leur h\u00e9sitation, mais ils<br \/>\nauraient d\u00fb trancher. Leur passivit\u00e9 donne finalement des billes \u00e0<br \/>\nRossi, et \u00e7a, c\u2019est injuste. Marquez, lui, a r\u00e9agi comme un humain,<br \/>\net pour cette raison, <strong>je ne peux pas lui en<br \/>\nvouloir.<\/strong><\/p>\n<p>Demain, nous reviendrons sur \u00ab\u00a0l\u2019apr\u00e8s\u00a0\u00bb Sepang 2015,<br \/>\net tout ce que cela a engendr\u00e9. <strong>Je suis curieux d\u2019avoir<br \/>\nvotre avis, alors, dites-le-moi en commentaires\u00a0!<\/strong><\/p>\n<p>\u00a0<\/p>\n<p><img loading=\"lazy\" decoding=\"async\" aria-describedby=\"caption-attachment-1341067\" class=\"size-full wp-image-1341067\" src=\"https:\/\/www.europesays.com\/fr\/wp-content\/uploads\/2025\/10\/Sepang-2015-2-e1761061249634.jpeg\" alt=\"\" width=\"800\" height=\"533\"\/><\/p>\n<p id=\"caption-attachment-1341067\" class=\"wp-caption-text\">Moi,<br \/>\nj\u2019ai beaucoup appr\u00e9ci\u00e9 cette course. C\u2019\u00e9tait fou en tant que<br \/>\nspectateur. Photo : Box Repsol<\/p>\n<p>\u00a0<\/p>\n<p>Photo de couverture : MotoGP<\/p>\n","protected":false},"excerpt":{"rendered":"Il est l\u2019heure. Depuis longtemps, je d\u00e9sire aborder un sujet br\u00fblant qui f\u00eate ses dix ans\u00a0; Sepang 2015,&hellip;\n","protected":false},"author":2,"featured_media":480359,"comment_status":"","ping_status":"","sticky":false,"template":"","format":"standard","meta":{"footnotes":""},"categories":[1413],"tags":[1011,27,1457,1456,60],"class_list":{"0":"post-480358","1":"post","2":"type-post","3":"status-publish","4":"format-standard","5":"has-post-thumbnail","7":"category-moto","8":"tag-fr","9":"tag-france","10":"tag-moto","11":"tag-motocycle","12":"tag-sports"},"share_on_mastodon":{"url":"https:\/\/pubeurope.com\/@fr\/115414115132120502","error":""},"_links":{"self":[{"href":"https:\/\/www.europesays.com\/fr\/wp-json\/wp\/v2\/posts\/480358","targetHints":{"allow":["GET"]}}],"collection":[{"href":"https:\/\/www.europesays.com\/fr\/wp-json\/wp\/v2\/posts"}],"about":[{"href":"https:\/\/www.europesays.com\/fr\/wp-json\/wp\/v2\/types\/post"}],"author":[{"embeddable":true,"href":"https:\/\/www.europesays.com\/fr\/wp-json\/wp\/v2\/users\/2"}],"replies":[{"embeddable":true,"href":"https:\/\/www.europesays.com\/fr\/wp-json\/wp\/v2\/comments?post=480358"}],"version-history":[{"count":0,"href":"https:\/\/www.europesays.com\/fr\/wp-json\/wp\/v2\/posts\/480358\/revisions"}],"wp:featuredmedia":[{"embeddable":true,"href":"https:\/\/www.europesays.com\/fr\/wp-json\/wp\/v2\/media\/480359"}],"wp:attachment":[{"href":"https:\/\/www.europesays.com\/fr\/wp-json\/wp\/v2\/media?parent=480358"}],"wp:term":[{"taxonomy":"category","embeddable":true,"href":"https:\/\/www.europesays.com\/fr\/wp-json\/wp\/v2\/categories?post=480358"},{"taxonomy":"post_tag","embeddable":true,"href":"https:\/\/www.europesays.com\/fr\/wp-json\/wp\/v2\/tags?post=480358"}],"curies":[{"name":"wp","href":"https:\/\/api.w.org\/{rel}","templated":true}]}}