{"id":480360,"date":"2025-10-21T20:46:13","date_gmt":"2025-10-21T20:46:13","guid":{"rendered":"https:\/\/www.europesays.com\/fr\/480360\/"},"modified":"2025-10-21T20:46:13","modified_gmt":"2025-10-21T20:46:13","slug":"piastri-insiste-sur-le-fait-quil-reste-le-favori-pour-le-titre-malgre-sa-baisse-de-forme","status":"publish","type":"post","link":"https:\/\/www.europesays.com\/fr\/480360\/","title":{"rendered":"Piastri insiste sur le fait qu&rsquo;il reste le favori pour le titre malgr\u00e9 sa baisse de forme"},"content":{"rendered":"<p>Piastri a admis que l&rsquo;am\u00e9lioration de Red Bull a rendu la vie plus difficile aux avant-postes : \u00ab\u00a0Max et Red Bull ont d\u00e9finitivement trouv\u00e9 beaucoup de rythme depuis la pause estivale\u00a0\u00bb, a-t-il d\u00e9clar\u00e9, \u00ab\u00a0Nous avons vu des flashs plus t\u00f4t dans l&rsquo;ann\u00e9e, mais c&rsquo;est constant depuis Zandvoort. Ils ont \u00e9t\u00e9 tr\u00e8s forts r\u00e9cemment, mais je crois toujours que nous pouvons les \u00e9galer si nous revenons \u00e0 notre niveau\u00a0\u00bb.<\/p>\n<p>Lorsqu&rsquo;on lui a demand\u00e9 s&rsquo;il ressentait d\u00e9sormais plus de pression de la part de Verstappen, Piastri est rest\u00e9 calme. \u00ab\u00a0Pas n\u00e9cessairement\u00a0\u00bb, a-t-il r\u00e9pondu. \u00ab\u00a0Il est \u00e9videmment rapide, mais pour moi, le plus important est de comprendre pourquoi Austin a \u00e9t\u00e9 difficile et de retrouver la forme que nous avions plus t\u00f4t dans la saison. Il reste encore beaucoup de chemin \u00e0 parcourir. Max a combl\u00e9 l&rsquo;\u00e9cart assez rapidement, mais il n&rsquo;est pas vraiment mince \u00e0 cinq courses de la fin. Si nous retrouvons notre rythme, je pense que tout se fera tout seul\u00a0\u00bb.<\/p>\n<p>L&rsquo;Australien, qui a d\u00e9j\u00e0 d\u00e9montr\u00e9 sa capacit\u00e9 \u00e0 g\u00e9rer les luttes pour le titre dans les cat\u00e9gories juniors, a d\u00e9clar\u00e9 qu&rsquo;il ne s&rsquo;attardait pas sur les points perdus : \u00ab\u00a0J&rsquo;ai \u00e9t\u00e9 dans des luttes aussi serr\u00e9es, sinon plus, que celle-ci, a-t-il expliqu\u00e9, je sais que les choses peuvent encore bien tourner et je crois fermement que je peux remporter le championnat. Les derniers week-ends ont \u00e9t\u00e9 d\u00e9licats, mais c&rsquo;est la performance qui fait gagner les championnats, pas les points. Plus on va vite, plus on gagne de points, et c&rsquo;est tout ce sur quoi je me concentre\u00a0\u00bb.<\/p>\n","protected":false},"excerpt":{"rendered":"Piastri a admis que l&rsquo;am\u00e9lioration de Red Bull a rendu la vie plus difficile aux avant-postes : \u00ab\u00a0Max&hellip;\n","protected":false},"author":2,"featured_media":480361,"comment_status":"","ping_status":"","sticky":false,"template":"","format":"standard","meta":{"footnotes":""},"categories":[1412],"tags":[1451,1452,1453,1454,1455,1011,27,60],"class_list":{"0":"post-480360","1":"post","2":"type-post","3":"status-publish","4":"format-standard","5":"has-post-thumbnail","7":"category-f1","8":"tag-f1","9":"tag-formula-1","10":"tag-formula1","11":"tag-formule-1","12":"tag-formule1","13":"tag-fr","14":"tag-france","15":"tag-sports"},"share_on_mastodon":{"url":"https:\/\/pubeurope.com\/@fr\/115414118630989132","error":""},"_links":{"self":[{"href":"https:\/\/www.europesays.com\/fr\/wp-json\/wp\/v2\/posts\/480360","targetHints":{"allow":["GET"]}}],"collection":[{"href":"https:\/\/www.europesays.com\/fr\/wp-json\/wp\/v2\/posts"}],"about":[{"href":"https:\/\/www.europesays.com\/fr\/wp-json\/wp\/v2\/types\/post"}],"author":[{"embeddable":true,"href":"https:\/\/www.europesays.com\/fr\/wp-json\/wp\/v2\/users\/2"}],"replies":[{"embeddable":true,"href":"https:\/\/www.europesays.com\/fr\/wp-json\/wp\/v2\/comments?post=480360"}],"version-history":[{"count":0,"href":"https:\/\/www.europesays.com\/fr\/wp-json\/wp\/v2\/posts\/480360\/revisions"}],"wp:featuredmedia":[{"embeddable":true,"href":"https:\/\/www.europesays.com\/fr\/wp-json\/wp\/v2\/media\/480361"}],"wp:attachment":[{"href":"https:\/\/www.europesays.com\/fr\/wp-json\/wp\/v2\/media?parent=480360"}],"wp:term":[{"taxonomy":"category","embeddable":true,"href":"https:\/\/www.europesays.com\/fr\/wp-json\/wp\/v2\/categories?post=480360"},{"taxonomy":"post_tag","embeddable":true,"href":"https:\/\/www.europesays.com\/fr\/wp-json\/wp\/v2\/tags?post=480360"}],"curies":[{"name":"wp","href":"https:\/\/api.w.org\/{rel}","templated":true}]}}