{"id":480370,"date":"2025-10-21T20:51:16","date_gmt":"2025-10-21T20:51:16","guid":{"rendered":"https:\/\/www.europesays.com\/fr\/480370\/"},"modified":"2025-10-21T20:51:16","modified_gmt":"2025-10-21T20:51:16","slug":"decouvrez-le-livre-parfume-jardine-avec-daphnee-de-melanie-gregoire-et-catherine-petit-vivre-a-la-campagne","status":"publish","type":"post","link":"https:\/\/www.europesays.com\/fr\/480370\/","title":{"rendered":"D\u00e9couvrez le livre parfum\u00e9 \u00ab Jardine avec Daphn\u00e9e \u00bb de M\u00e9lanie Gr\u00e9goire et Catherine Petit \u2013 Vivre \u00e0 la campagne"},"content":{"rendered":"<p><img fetchpriority=\"high\" decoding=\"async\" class=\"aligncenter size-full wp-image-6874\" src=\"https:\/\/www.europesays.com\/fr\/wp-content\/uploads\/2025\/10\/jardine-avec-daphnee-melanie-gregoire-catherine-petit-livre-parfume-900.jpg\" alt=\"\" width=\"900\" height=\"600\"  \/><br \/>\nUn monde \u00e0 sentir et \u00e0 d\u00e9couvrir<\/p>\n<p><strong>D\u00e8s 6 ans<\/strong><\/p>\n<p>Un jardin enchant\u00e9, des parfums qui font voyager et des rencontres inoubliables : Jardine avec Daphn\u00e9e invite les jeunes lecteurs \u00e0 explorer le monde du jardinage d\u2019une fa\u00e7on unique et multisensorielle. Un premier ouvrage jeunesse sign\u00e9 par l\u2019horticultrice M\u00e9lanie Gr\u00e9goire.<\/p>\n<p>En vacances chez ses grands-parents, Daphn\u00e9e s\u2019attend \u00e0 s\u2019ennuyer dans leur jardin. Mais tr\u00e8s vite, les parfums enchanteurs des plantes la mettent sur la piste d\u2019aventures inattendues. Une rose l\u2019emm\u00e8ne en Angleterre, la menthe l\u2019invite au Maroc, les fraises lui susurrent des secrets venus de France\u2026 Chaque fragrance \u2013 \u00e0 gratter et \u00e0 sentir gr\u00e2ce aux six pastilles int\u00e9gr\u00e9es au livre \u2013 ouvre une fen\u00eatre sur le monde et l\u2019art du jardinage. Entre surprises et d\u00e9couvertes, la fillette apprend \u00e0 cultiver, \u00e0 observer la nature et surtout, \u00e0 cultiver des liens pr\u00e9cieux avec ses grands-parents.<\/p>\n<p>\u00c0 travers le r\u00e9cit de Jardine avec Daphn\u00e9e, M\u00e9lanie Gr\u00e9goire nous offre une exp\u00e9rience \u00e0 la fois ludique, \u00e9ducative et \u00e9mouvante. Les jeunes lecteurs y apprennent les secrets des plantes rencontr\u00e9es au fil de l\u2019histoire \u00e0 l\u2019aide de fiches techniques simples et claires, incluant des trucs pratiques pour les cultiver. Les illustrations lumineuses et po\u00e9tiques de Catherine Petit enrichissent le documentaire de fa\u00e7on magnifique. Le livre favorise les \u00e9changes : adultes et enfants peuvent humer et explorer ensemble chaque page, transformant ce moment de lecture en immersion dans un monde de couleurs et de parfums. Une invitation \u00e0 s\u2019\u00e9merveiller, \u00e0 apprendre, et \u00e0 cr\u00e9er des souvenirs pr\u00e9cieux\u2026 au jardin et dans le coeur.<\/p>\n<p><strong>M\u00e9lanie Gr\u00e9goire, auteure<\/strong><\/p>\n<p>Issue d\u2019une famille d\u2019horticulteurs, M\u00e9lanie Gr\u00e9goire est pratiquement \u00ab n\u00e9e dans les choux \u00bb. Auteure des livres Les quatre saisons de votre potager, Plantes vertes et Carnet du jardinier, elle a toujours aim\u00e9 partager ses trucs et le savoir acquis gr\u00e2ce \u00e0 sa famille et \u00e0 ses \u00e9tudes en horticulture. Que ce soit \u00e0 la t\u00e9l\u00e9vision, \u00e0 la radio ou par l\u2019interm\u00e9diaire d\u2019un livre, d\u2019un carnet, M\u00e9lanie rend le jardinage facile et agr\u00e9able. C\u2019est avec humour et simplicit\u00e9 qu\u2019elle vous accompagne dans votre potager. Jardine avec Daphn\u00e9e \u2013 Un livre parfum\u00e9 est son premier titre destin\u00e9 au jeune public.<\/p>\n<p><strong>Catherine Petit, illustratrice<\/strong><\/p>\n<p>Catherine Petit est n\u00e9e \u00e0 Montr\u00e9al en 1981, dans une famille qui lui a transmis la passion du travail artistique et manuel. Apr\u00e8s des \u00e9tudes en arts plastiques et en design de pr\u00e9sentation, Catherine d\u00e9marre son entreprise de peinture murale pour laquelle elle travaille toujours. Parall\u00e8lement \u00e0 la r\u00e9alisation de murales, Catherine \u00e9tudie le droit et devient avocate. Il lui aura fallu porter des tailleurs et des talons hauts dans les tours du centre-ville pour finalement s\u2019apercevoir que son bonheur se trouvait bel et bien dans ses papiers et ses crayons. Depuis 2016, Catherine a r\u00e9alis\u00e9 les illustrations de plus de 25 livres et romans jeunesse.<\/p>\n<p><strong>Qu\u00e9bec Am\u00e9rique, M\u00e9lanie Gr\u00e9goire \u2013 auteure et Catherine Petit \u2013 illustratrice, 15 octobre 2025, 40 pages<\/strong><\/p>\n<p>Par Qu\u00e9bec Am\u00e9rique<\/p>\n","protected":false},"excerpt":{"rendered":"Un monde \u00e0 sentir et \u00e0 d\u00e9couvrir D\u00e8s 6 ans Un jardin enchant\u00e9, des parfums qui font voyager&hellip;\n","protected":false},"author":2,"featured_media":480371,"comment_status":"","ping_status":"","sticky":false,"template":"","format":"standard","meta":{"footnotes":""},"categories":[1357],"tags":[1379,58,59,1011,27,1380],"class_list":{"0":"post-480370","1":"post","2":"type-post","3":"status-publish","4":"format-standard","5":"has-post-thumbnail","7":"category-livres","8":"tag-books","9":"tag-divertissement","10":"tag-entertainment","11":"tag-fr","12":"tag-france","13":"tag-livres"},"share_on_mastodon":{"url":"https:\/\/pubeurope.com\/@fr\/115414137964179128","error":""},"_links":{"self":[{"href":"https:\/\/www.europesays.com\/fr\/wp-json\/wp\/v2\/posts\/480370","targetHints":{"allow":["GET"]}}],"collection":[{"href":"https:\/\/www.europesays.com\/fr\/wp-json\/wp\/v2\/posts"}],"about":[{"href":"https:\/\/www.europesays.com\/fr\/wp-json\/wp\/v2\/types\/post"}],"author":[{"embeddable":true,"href":"https:\/\/www.europesays.com\/fr\/wp-json\/wp\/v2\/users\/2"}],"replies":[{"embeddable":true,"href":"https:\/\/www.europesays.com\/fr\/wp-json\/wp\/v2\/comments?post=480370"}],"version-history":[{"count":0,"href":"https:\/\/www.europesays.com\/fr\/wp-json\/wp\/v2\/posts\/480370\/revisions"}],"wp:featuredmedia":[{"embeddable":true,"href":"https:\/\/www.europesays.com\/fr\/wp-json\/wp\/v2\/media\/480371"}],"wp:attachment":[{"href":"https:\/\/www.europesays.com\/fr\/wp-json\/wp\/v2\/media?parent=480370"}],"wp:term":[{"taxonomy":"category","embeddable":true,"href":"https:\/\/www.europesays.com\/fr\/wp-json\/wp\/v2\/categories?post=480370"},{"taxonomy":"post_tag","embeddable":true,"href":"https:\/\/www.europesays.com\/fr\/wp-json\/wp\/v2\/tags?post=480370"}],"curies":[{"name":"wp","href":"https:\/\/api.w.org\/{rel}","templated":true}]}}