{"id":480382,"date":"2025-10-21T20:57:11","date_gmt":"2025-10-21T20:57:11","guid":{"rendered":"https:\/\/www.europesays.com\/fr\/480382\/"},"modified":"2025-10-21T20:57:11","modified_gmt":"2025-10-21T20:57:11","slug":"prince-william-impitoyable-il-serait-pret-a-tout-pour-ecarter-le-prince-andrew-de-la-famille-royale","status":"publish","type":"post","link":"https:\/\/www.europesays.com\/fr\/480382\/","title":{"rendered":"Prince William impitoyable ? Il serait pr\u00eat \u00e0 tout pour \u00e9carter le prince Andrew de la famille royale"},"content":{"rendered":"<p data-start=\"272\" data-end=\"817\">C\u2019est une d\u00e9cision qui a secou\u00e9<br \/>\nla famille royale britannique. Le 17 octobre 2025, le prince Andrew<br \/>\na annonc\u00e9 qu\u2019il ne ferait plus usage de ses titres royaux,<br \/>\nnotamment celui <a href=\"https:\/\/www.closermag.fr\/royautes\/prince-andrew-ce-jeune-membre-de-la-famille-royale-qui-pourrait-recuperer-le-titre-de-duc-dyork-3588225\" target=\"_blank\" rel=\"noopener\"><br \/>\nde Duc d\u00a0\u00bbYork<\/a>, et qu\u2019il renon\u00e7ait \u00e0 certains honneurs qui lui<br \/>\navaient \u00e9t\u00e9 conf\u00e9r\u00e9s. Comme il l\u2019a expliqu\u00e9, cela fait suite \u00e0 des<br \/>\n<a href=\"https:\/\/www.closermag.fr\/royautes\/prince-andrew-renonce-a-ses-titres-royaux-ce-quil-sest-vraiment-passe-dans-les-coulisses-de-buckingham-3587422\" target=\"_blank\" rel=\"noopener\"><br \/>\ndiscussions avec le roi Charles III et sa famille<\/a>. Le p\u00e8re de<br \/>\n<a href=\"https:\/\/www.closermag.fr\/royautes\/prince-andrew-renonce-a-ses-titres-royaux-beatrice-et-eugenie-dyork-epargnees-et-elle-peuvent-dire-merci-a-george-v-3587609\" target=\"_blank\" rel=\"noopener\"><br \/>\nB\u00e9atrice et Eug\u00e9nie d\u2019York<\/a> estimait que les accusations<br \/>\npermanentes port\u00e9es \u00e0 son encontre constituaient une distraction<br \/>\npour le travail de Sa Majest\u00e9 et de la famille royale.<\/p>\n<p data-start=\"819\" data-end=\"1022\">Pourtant, m\u00eame s\u2019il a renonc\u00e9 \u00e0<br \/>\nses titres, le prince Andrew continue de <strong>vivre dans la<br \/>\nRoyal Lodge.<\/strong> Cependant, le prince William serait pr\u00eat \u00e0<br \/>\ntout pour qu\u2019il n\u2019habite plus dans cette maison familiale.<\/p>\n<p>Kate et William ligu\u00e9s contre<br \/>\nle prince Andrew<\/p>\n<p data-start=\"1078\" data-end=\"1677\">Le fait que <a href=\"https:\/\/www.closermag.fr\/royautes\/prince-andrew-la-perte-de-ses-titres-royaux-pourrait-pousser-sarah-ferguson-vers-la-sortie-3588269\" target=\"_blank\" rel=\"noopener\"><br \/>\nl&rsquo;ex de Sarah Ferguson<\/a> r\u00e9side toujours dans la r\u00e9sidence royale<br \/>\nfait d\u00e9bat. Le Royal Lodge, vaste propri\u00e9t\u00e9 de 30 pi\u00e8ces sur le<br \/>\ndomaine de Windsor Great Park, est occup\u00e9 par le fr\u00e8re de Charles<br \/>\nIII depuis 2003 dans le cadre d\u2019un bail de 75 ans. Les r\u00e9v\u00e9lations<br \/>\nmontrent qu\u2019il ne paie qu\u2019un \u201cloyer symbolique\u201d depuis pr\u00e8s de vingt ans. Comme on<br \/>\npeut le lire dans <a href=\"https:\/\/www.express.co.uk\/news\/royal\/2124138\/prince-william-princess-kate-prince-andrew\" target=\"_blank\" rel=\"nofollow noopener\">L\u2019Express<\/a>, le prince et la princesse de<br \/>\nGalles seraient \u00e0 l&rsquo;origine de la campagne visant \u00e0 \u00e9vincer le<br \/>\nprince Andrew et Sarah Ferguson de la Royal Lodge. Selon la<br \/>\nbiographe royale Tina Brown, le couple ne supporte pas Andrew.<\/p>\n<p data-start=\"1679\" data-end=\"2344\">Dans son ouvrage, elle affirme<br \/>\nque le couple se demande : <strong>\u201cComment faire dispara\u00eetre un homme de 65 ans,<br \/>\nmesurant 1,80 m, pesant 86 kg,<\/strong> en bonne sant\u00e9 et qui a un<br \/>\ncontrat \u00e0 toute \u00e9preuve pour vivre dans l&rsquo;ancien manoir de la reine<br \/>\nm\u00e8re, \u00e0 quelques pas du ch\u00e2teau de Windsor et \u00e0 seulement six<br \/>\nkilom\u00e8tres de la nouvelle demeure \u2018permanente\u2019 <a href=\"https:\/\/www.closermag.fr\/royautes\/prince-andrew-kate-middleton-cible-dune-de-ses-crises-de-colere-legendaires-william-na-pas-supporte-3587901\" target=\"_blank\" rel=\"noopener\"><br \/>\ndu prince William et de Kate, qui ne peut pas le supporter<br \/>\n?<\/a>\u201d Selon <a href=\"https:\/\/www.thetimes.com\/uk\/royal-family\/article\/prince-andrew-william-king-qww8rv5vs\" target=\"_blank\" rel=\"nofollow noopener\">The Times<\/a>, le p\u00e8re de George, Charlotte et<br \/>\nLouis serait \u201c<strong>plus<br \/>\nimpitoyable\u201d<\/strong> <strong>que son p\u00e8re.<\/strong> Certains<br \/>\npensent qu\u2019Andrew \u201csera exclu<br \/>\ndes \u00e9v\u00e9nements royaux publics et priv\u00e9s, y compris le couronnement,<br \/>\net banni de la plupart des c\u00e9r\u00e9monies officielles.\u201d<\/p>\n<p>Prince Andrew au c\u0153ur de plusieurs scandales<\/p>\n<p data-start=\"2398\" data-end=\"2615\">S\u2019il ne fera plus usage de ses<br \/>\ntitres royaux, Andrew avait d\u00e9j\u00e0 \u00e9t\u00e9 mis \u00e0 l\u2019\u00e9cart des fonctions<br \/>\npubliques en 2019 \u00e0 la suite de son entretien tr\u00e8s critiqu\u00e9 \u00e0 la<br \/>\nBBC et de <strong>ses liens avec le financier Jeffrey<br \/>\nEpstein.<\/strong><\/p>\n<p data-start=\"2617\" data-end=\"2836\">En 2022, il avait perdu ses<br \/>\ntitres militaires et ses parrainages royaux. La remise en avant des<br \/>\nall\u00e9gations contre lui, notamment via <strong>le livre posthume de<br \/>\nVirginia Giuffre<\/strong> publi\u00e9 en octobre 2025, a pr\u00e9cipit\u00e9 sa<br \/>\nchute.<\/p>\n","protected":false},"excerpt":{"rendered":"C\u2019est une d\u00e9cision qui a secou\u00e9 la famille royale britannique. Le 17 octobre 2025, le prince Andrew a&hellip;\n","protected":false},"author":2,"featured_media":480383,"comment_status":"","ping_status":"","sticky":false,"template":"","format":"standard","meta":{"footnotes":""},"categories":[8],"tags":[58,59,1011,27,546,3936],"class_list":{"0":"post-480382","1":"post","2":"type-post","3":"status-publish","4":"format-standard","5":"has-post-thumbnail","7":"category-divertissement","8":"tag-divertissement","9":"tag-entertainment","10":"tag-fr","11":"tag-france","12":"tag-prince-andrew","13":"tag-prince-william"},"share_on_mastodon":{"url":"https:\/\/pubeurope.com\/@fr\/115414161474135642","error":""},"_links":{"self":[{"href":"https:\/\/www.europesays.com\/fr\/wp-json\/wp\/v2\/posts\/480382","targetHints":{"allow":["GET"]}}],"collection":[{"href":"https:\/\/www.europesays.com\/fr\/wp-json\/wp\/v2\/posts"}],"about":[{"href":"https:\/\/www.europesays.com\/fr\/wp-json\/wp\/v2\/types\/post"}],"author":[{"embeddable":true,"href":"https:\/\/www.europesays.com\/fr\/wp-json\/wp\/v2\/users\/2"}],"replies":[{"embeddable":true,"href":"https:\/\/www.europesays.com\/fr\/wp-json\/wp\/v2\/comments?post=480382"}],"version-history":[{"count":0,"href":"https:\/\/www.europesays.com\/fr\/wp-json\/wp\/v2\/posts\/480382\/revisions"}],"wp:featuredmedia":[{"embeddable":true,"href":"https:\/\/www.europesays.com\/fr\/wp-json\/wp\/v2\/media\/480383"}],"wp:attachment":[{"href":"https:\/\/www.europesays.com\/fr\/wp-json\/wp\/v2\/media?parent=480382"}],"wp:term":[{"taxonomy":"category","embeddable":true,"href":"https:\/\/www.europesays.com\/fr\/wp-json\/wp\/v2\/categories?post=480382"},{"taxonomy":"post_tag","embeddable":true,"href":"https:\/\/www.europesays.com\/fr\/wp-json\/wp\/v2\/tags?post=480382"}],"curies":[{"name":"wp","href":"https:\/\/api.w.org\/{rel}","templated":true}]}}