{"id":480388,"date":"2025-10-21T21:00:12","date_gmt":"2025-10-21T21:00:12","guid":{"rendered":"https:\/\/www.europesays.com\/fr\/480388\/"},"modified":"2025-10-21T21:00:12","modified_gmt":"2025-10-21T21:00:12","slug":"la-veuve-dun-colombien-tue-par-une-frappe-americaine-affirme-quil-etait-un-simple-pecheur","status":"publish","type":"post","link":"https:\/\/www.europesays.com\/fr\/480388\/","title":{"rendered":"La veuve d\u2019un Colombien tu\u00e9 par une frappe am\u00e9ricaine affirme qu\u2019il \u00e9tait un simple p\u00eacheur"},"content":{"rendered":"<p>Une mort foudroyante qui a choqu\u00e9 sa famille. Les proches d\u2019Alejandro Carranza affirment qu\u2019il est parti de chez lui, dans les <a href=\"https:\/\/www.20minutes.fr\/monde\/4137372-20250206-colombie-cocaine-plus-dangereuse-whisky-affirme-president-conteste-illegalite\" class=\"c-link c-link--is-underlined\" target=\"_blank\" rel=\"noopener\">Cara\u00efbes colombiennes<\/a>, pour aller p\u00eacher en haute mer. Quelques jours plus tard, il a \u00e9t\u00e9 tu\u00e9 par une frappe am\u00e9ricaine, accus\u00e9 de <a href=\"https:\/\/www.20minutes.fr\/monde\/4161684-20250703-colombie-narcos-testent-drone-sous-marin-transporter-drogue\" class=\"c-link c-link--is-underlined\" target=\"_blank\" rel=\"noopener\">transporter de la drogue<\/a> sur son embarcation.<\/p>\n<p>Dans la ville c\u00f4ti\u00e8re de Santa Marta, dans le nord de la Colombie, ses proches rejettent les accusations port\u00e9es contre cet homme de 40 ans, qu\u2019ils d\u00e9crivent comme un simple p\u00eacheur.<\/p>\n<p>\u00ab\u00a0Les p\u00eacheurs ont le droit de vivre\u00a0\u00bb<\/p>\n<p>C\u2019\u00e9tait un \u00ab\u00a0homme bien\u00a0\u00bb, affirme sa veuve, Katerine Hernandez, dans un entretien \u00e0 l\u2019AFP. \u00ab\u00a0Pourquoi lui ont-ils arrach\u00e9 la vie de la sorte\u00a0?\u00a0\u00bb, accuse-t-elle. \u00ab\u00a0Les p\u00eacheurs ont le droit de vivre. Pourquoi ne les ont-ils pas simplement arr\u00eat\u00e9s\u00a0?\u00a0\u00bb, s\u2019interroge-t-elle.<\/p>\n<p>Le gouvernement am\u00e9ricain a publi\u00e9 des d\u00e9clarations et des images cens\u00e9es montrer des frappes depuis d\u00e9but septembre en mer des Cara\u00efbes sur au moins sept bateaux transportant selon lui de la drogue et faisant au moins 32 morts. Principalement au large du Venezuela, mais aussi de la Colombie. L\u2019AFP n\u2019a pas pu v\u00e9rifier de mani\u00e8re ind\u00e9pendante ce bilan.<\/p>\n<p>Frappes am\u00e9ricaines<\/p>\n<p>Depuis que les \u00c9tats-Unis ont commenc\u00e9 ces frappes, les critiques ont accus\u00e9 l\u2019administration de <a href=\"https:\/\/www.20minutes.fr\/dossier\/donald_trump\" class=\"c-link c-link--is-underlined\" target=\"_blank\" rel=\"noopener\">Donald Trump<\/a> de mener des <a href=\"https:\/\/www.20minutes.fr\/monde\/3337503-20220815-ong-denoncent-executions-extrajudiciaires-plus-40-personnes-burkina\" class=\"c-link c-link--is-underlined\" target=\"_blank\" rel=\"noopener\">ex\u00e9cutions extrajudiciaires<\/a>. Le pr\u00e9sident colombien Gustavo Petro, critique de la pr\u00e9sence militaire am\u00e9ricaine en mer des Cara\u00efbes, a \u00e9galement affirm\u00e9 que Alejandro Carranza \u00e9tait innocent.<\/p>\n<\/p>\n<p>Selon le dirigeant de gauche, \u00ab\u00a0le bateau colombien \u00e9tait \u00e0 la d\u00e9rive avec un signal de d\u00e9tresse\u00a0\u00bb car son moteur \u00e9tait en panne. \u00ab\u00a0Il n\u2019avait aucun lien avec le trafic de drogue. Son activit\u00e9 quotidienne \u00e9tait la p\u00eache\u00a0\u00bb.<\/p>\n<p>D\u2019apr\u00e8s les m\u00e9dias colombiens, le quadrag\u00e9naire avait \u00e9t\u00e9 condamn\u00e9 pour le vol de plus de 200 armes appartenant aux forces de l\u2019ordre, en collaboration avec des groupes criminels. Le parquet colombien, contact\u00e9 par l\u2019AFP, n\u2019a pas fourni d\u2019informations \u00e0 ce sujet. Avant de partir p\u00eacher pour la derni\u00e8re fois, Alejandro Carranza a dit \u00e0 son p\u00e8re, Alejandro Elias Carranza, qu\u2019il se rendait dans une zone o\u00f9 \u00ab\u00a0il y avait du bon poisson\u00a0\u00bb, t\u00e9moigne ce dernier. Il est rest\u00e9 sans nouvelles de son fils pendant plusieurs jours, jusqu\u2019\u00e0 ce qu\u2019il apprenne le bombardement en regardant la t\u00e9l\u00e9vision.<\/p>\n<p>Sans nouvelles<\/p>\n<p>La famille dit avoir reconnu son bateau en feu dans les vid\u00e9os de l\u2019attaque am\u00e9ricaine diffus\u00e9es par les m\u00e9dias internationaux le 15\u00a0septembre. C\u00e9sar Mesa, un p\u00eacheur qui connaissait Alejandro Carranza depuis son enfance, affirme que son ami devait aller en haute mer pour p\u00eacher le sierra, le thon et le vivaneau, qui se trouvent dans les eaux \u00e9loign\u00e9es du rivage, en particulier \u00e0 cette p\u00e9riode de l\u2019ann\u00e9e.<\/p>\n<p>Il revenait toujours \u00e0 Santa Marta, \u00ab\u00a0amarrait son bateau et rentrait chez lui. Je ne lui ai jamais connu de mauvaises actions\u00a0\u00bb, assure-t-il.<\/p>\n<p>Gustavo Petro a d\u00e9nonc\u00e9 r\u00e9cemment l&rsquo; \u00ab\u00a0assassinat\u00a0\u00bb d\u2019Alejandro Carranza et accus\u00e9 les Etats-Unis d\u2019avoir viol\u00e9 l\u2019espace maritime colombien. Apr\u00e8s ces d\u00e9clarations, Donald Trump a qualifi\u00e9 le pr\u00e9sident colombien de \u00ab\u00a0baron de la drogue\u00a0\u00bb et annonc\u00e9 l\u2019arr\u00eat des aides financi\u00e8res am\u00e9ricaines vers\u00e9es \u00e0 Bogota.<\/p>\n<p><a href=\"https:\/\/www.20minutes.fr\/monde\/colombie\/\" class=\"c-link c-btn c-btn--primary\" target=\"_blank\" rel=\"noopener\">Notre dossier Colombie<\/a><\/p>\n<p>Le d\u00e9ploiement de navires de guerre am\u00e9ricains en mer des Cara\u00efbes depuis ao\u00fbt a attis\u00e9 les tensions avec la Colombie mais surtout avec le Venezuela du pr\u00e9sident Nicol\u00e1s Maduro, accus\u00e9 par Washington d\u2019\u00eatre \u00e0 la t\u00eate d\u2019une vaste organisation de trafic de drogue.<\/p>\n<p>Les autorit\u00e9s v\u00e9n\u00e9zu\u00e9liennes d\u00e9mentent vigoureusement toute implication dans le <a href=\"https:\/\/www.20minutes.fr\/dossier\/narcotrafiquants\" class=\"c-link c-link--is-underlined\" target=\"_blank\" rel=\"noopener\">narcotrafic <\/a>et affirment que l\u2019administration Trump cherche \u00e0 imposer un changement de r\u00e9gime \u00e0 Caracas et s\u2019emparer des importantes r\u00e9serves de p\u00e9trole du pays.<\/p>\n","protected":false},"excerpt":{"rendered":"Une mort foudroyante qui a choqu\u00e9 sa famille. Les proches d\u2019Alejandro Carranza affirment qu\u2019il est parti de chez&hellip;\n","protected":false},"author":2,"featured_media":480389,"comment_status":"","ping_status":"","sticky":false,"template":"","format":"standard","meta":{"footnotes":""},"categories":[5],"tags":[47,11,60350,47979,9395,75,1052,73,1011,27,14,74,813,12,338,4838,887,28],"class_list":{"0":"post-480388","1":"post","2":"type-post","3":"status-publish","4":"format-standard","5":"has-post-thumbnail","7":"category-international","8":"tag-actualite","9":"tag-actualites","10":"tag-bogota","11":"tag-caraibes","12":"tag-colombie","13":"tag-donald-trump","14":"tag-drogue","15":"tag-etats-unis","16":"tag-fr","17":"tag-france","18":"tag-international","19":"tag-monde","20":"tag-narcotrafiquants","21":"tag-news","22":"tag-nicolas-maduro","23":"tag-peche","24":"tag-trafic-de-drogue","25":"tag-world"},"share_on_mastodon":{"url":"https:\/\/pubeurope.com\/@fr\/115414173534800272","error":""},"_links":{"self":[{"href":"https:\/\/www.europesays.com\/fr\/wp-json\/wp\/v2\/posts\/480388","targetHints":{"allow":["GET"]}}],"collection":[{"href":"https:\/\/www.europesays.com\/fr\/wp-json\/wp\/v2\/posts"}],"about":[{"href":"https:\/\/www.europesays.com\/fr\/wp-json\/wp\/v2\/types\/post"}],"author":[{"embeddable":true,"href":"https:\/\/www.europesays.com\/fr\/wp-json\/wp\/v2\/users\/2"}],"replies":[{"embeddable":true,"href":"https:\/\/www.europesays.com\/fr\/wp-json\/wp\/v2\/comments?post=480388"}],"version-history":[{"count":0,"href":"https:\/\/www.europesays.com\/fr\/wp-json\/wp\/v2\/posts\/480388\/revisions"}],"wp:featuredmedia":[{"embeddable":true,"href":"https:\/\/www.europesays.com\/fr\/wp-json\/wp\/v2\/media\/480389"}],"wp:attachment":[{"href":"https:\/\/www.europesays.com\/fr\/wp-json\/wp\/v2\/media?parent=480388"}],"wp:term":[{"taxonomy":"category","embeddable":true,"href":"https:\/\/www.europesays.com\/fr\/wp-json\/wp\/v2\/categories?post=480388"},{"taxonomy":"post_tag","embeddable":true,"href":"https:\/\/www.europesays.com\/fr\/wp-json\/wp\/v2\/tags?post=480388"}],"curies":[{"name":"wp","href":"https:\/\/api.w.org\/{rel}","templated":true}]}}