{"id":480390,"date":"2025-10-21T21:01:25","date_gmt":"2025-10-21T21:01:25","guid":{"rendered":"https:\/\/www.europesays.com\/fr\/480390\/"},"modified":"2025-10-21T21:01:25","modified_gmt":"2025-10-21T21:01:25","slug":"en-direct-sarkozy-en-prison-lex-president-accompagne-de-deux-officiers-de-securite-installes-dans-une-cellule-voisine","status":"publish","type":"post","link":"https:\/\/www.europesays.com\/fr\/480390\/","title":{"rendered":"EN DIRECT &#8211; Sarkozy en prison : l&rsquo;ex-pr\u00e9sident accompagn\u00e9 de deux officiers de s\u00e9curit\u00e9, install\u00e9s dans une cellule voisine"},"content":{"rendered":"<ul class=\"jsx-862013697 ArticleChapo__List\">\n<li class=\"jsx-862013697 ArticleChapo__List_Item flex\">Nicolas Sarkozy a \u00e9t\u00e9 \u00e9crou\u00e9 ce mardi matin \u00e0 la prison parisienne de la Sant\u00e9.<\/li>\n<li class=\"jsx-862013697 ArticleChapo__List_Item flex\">Deux officiers de s\u00e9curit\u00e9 ont accompagn\u00e9 l&rsquo;ancien pr\u00e9sident et ont \u00e9t\u00e9 install\u00e9s dans une cellule voisine, selon nos informations.<\/li>\n<li class=\"jsx-862013697 ArticleChapo__List_Item flex\">Suivez notre direct.<\/li>\n<\/ul>\n<p><a href=\"https:\/\/www.tf1info.fr\/actualite\/soupcons-de-financement-libyen-en-2007-l-heure-du-proces-pour-nicolas-sarkozy-12070\/\" rel=\"noopener\" class=\"jsx-484472199 Link jsx-1428418400 jsx-2392744303\" target=\"_blank\"><\/p>\n<p style=\"font-weight:400\" class=\"jsx-1837267516\">Suivez la couverture compl\u00e8te<\/p>\n<p style=\"font-weight:800\" class=\"jsx-1837267516\">Soup\u00e7ons de financement libyen en 2007 : condamn\u00e9, Nicolas Sarkozy est en prison<\/p>\n<p><\/a>Les \u00e9l\u00e9ments marquantsDEUX OFFICIERS EN PRISON AVEC NICOLAS SARKOZY20:05<\/p>\n<p>Deux officiers ont \u00e9t\u00e9 affect\u00e9s \u00e0 la s\u00e9curit\u00e9 de Nicolas Sarkozy en prison, \u00e0 la suite d&rsquo;une demande adress\u00e9e au minist\u00e8re de l&rsquo;Int\u00e9rieur, selon les informations d&rsquo;une source proche du dossier \u00e0 TF1-LCI. Ces deux officiers du Service de la protection (SDLP) seront donc, 24 heures sur 24, dans la cellule voisine de celle de l&rsquo;ancien pr\u00e9sident.<\/p>\n<p>Valider les filtresR\u00e9initialiser les filtres<\/p>\n<p>Minute par minuteFiltrer par Temps fortsFiltrerPREMIER JOUR DE PRISON21:30<\/p>\n<p>Incarc\u00e9ration, premiers parloirs, conditions de d\u00e9tention, proc\u00e9dures : le 20H de TF1 raconte le jour o\u00f9 un ancien pr\u00e9sident fran\u00e7ais est all\u00e9 en prison. \u2b07\ufe0f<\/p>\n<p>\u00ab\u00a0IL A COMMENC\u00c9 \u00c0 \u00c9CRIRE\u00a0\u00bb20:21<\/p>\n<p>\u00ab\u00a0Il a commenc\u00e9 \u00e0 \u00e9crire\u00a0\u00bb, a confirm\u00e9 l&rsquo;avocat de Nicolas Sarkozy sur le plateau de Darius Rochebin, qui a aussi pr\u00e9dit que d\u00e8s sa sortie, l&rsquo;ancien pr\u00e9sident se lancerait dans la pr\u00e9paration de son proc\u00e8s en appel. \u00ab\u00a0Il fera tout pour d\u00e9montrer son innocence\u00a0\u00bb, a ajout\u00e9 Jean-Michel Darrois.<\/p>\n<p>RISQUE20:16<\/p>\n<p>L&rsquo;avocat de Nicolas Sarkozy, Jean-Michel Darrois, estime que l&rsquo;administration p\u00e9nitentiaire et le minist\u00e8re de la Justice ont jug\u00e9 que le risque justifiait d&rsquo;affecter deux agents du SDLP \u00e0 l&rsquo;ancien pr\u00e9sident \u00e0 l&rsquo;int\u00e9rieur de la prison de la Sant\u00e9, comme l&rsquo;a appris TF1-LCI de source proche du dossier.<\/p>\n<p>\u00ab\u00a0VENGEANCE ET RESURRECTION\u00a0\u00bb20:09<\/p>\n<p>\u00ab\u00a0Je l&rsquo;ai vu au parloir, nous sommes rest\u00e9s longtemps ensemble, (&#8230;) il est l&rsquo;homme que tout le monde conna\u00eet, costaud, dynamique, bagarreur\u00a0\u00bb, a racont\u00e9 son avocat, Jean-Michel Darrois, sur le plateau de LCI. L&rsquo;avocat a rappel\u00e9 \u00e0 Darius Rochebin que l&rsquo;ancien pr\u00e9sident avait apport\u00e9 avec lui deux livres Monte-Cristo, \u00ab\u00a0c&rsquo;est \u00e0 dire la vengeance\u00a0\u00bb, et la vie de J\u00e9sus-Christ, \u00ab\u00a0la r\u00e9surrection\u00a0\u00bb.<\/p>\n<p>DEUX OFFICIERS EN PRISON AVEC NICOLAS SARKOZY20:05<\/p>\n<p>Deux officiers ont \u00e9t\u00e9 affect\u00e9s \u00e0 la s\u00e9curit\u00e9 de Nicolas Sarkozy en prison, \u00e0 la suite d&rsquo;une demande adress\u00e9e au minist\u00e8re de l&rsquo;Int\u00e9rieur, selon les informations d&rsquo;une source proche du dossier \u00e0 TF1-LCI. Ces deux officiers du Service de la protection (SDLP) seront donc, 24 heures sur 24, dans la cellule voisine de celle de l&rsquo;ancien pr\u00e9sident.<\/p>\n<p>\u00ab\u00a0COMBATIF\u00a0\u00bb18:01<\/p>\n<p>Jean-Michel Darrois, un des avocats de Nicolas Sarkozy, qui l&rsquo;a accompagn\u00e9 jusqu&rsquo;\u00e0 la prison de la Sant\u00e9, t\u00e9moigne de la \u00ab\u00a0combativit\u00e9\u00a0\u00bb de l&rsquo;ancien pr\u00e9sident. \u2b07\ufe0f<\/p>\n<p>Ma\u00eetre Darrois, interview\u00e9 devant la Sant\u00e9Source : TF1 Info<\/p>\n<p><img decoding=\"async\" src=\"https:\/\/www.europesays.com\/fr\/wp-content\/uploads\/2025\/10\/maitre-darrois-interviewe-devant-la-sante-c18099-0@1x.jpeg\" alt=\"Ma\u00eetre Darrois, interview\u00e9 devant la Sant\u00e9\" loading=\"lazy\" importance=\"low\" fetchpriority=\"low\" class=\"\"\/><img decoding=\"async\" src=\"https:\/\/www.tf1info.fr\/images\/icons\/player-logo-play.svg\" alt=\"Logo lecture\" class=\"jsx-d0de44c05fe3042c PlayerLazyload__Play\"\/>PARLOIR17:48<\/p>\n<p>\u00ab\u00a0Il a eu un parloir avec Carla\u00a0\u00bb, a racont\u00e9 Ma\u00eetre Perrois, un des avocats de Nicolas Sarkozy.<\/p>\n<p>PROC\u00c9DURE17:38<\/p>\n<p>\u00ab\u00a0Il faut que la demande soit &lsquo;audienc\u00e9e&rsquo;, et \u00e7a d\u00e9pend de l&rsquo;encombrement de la cour d&rsquo;appel\u00a0\u00bb, a pr\u00e9cis\u00e9 Jean-Michel Darrois, un des avocats de Nicolas Sarkozy, qui a estim\u00e9 lui aussi \u00e0 \u00ab\u00a0environ un mois\u00a0\u00bb le temps que Nicolas Sarkozy devra passer en prison. Interview\u00e9 \u00e0 la sortie de la prison de la Sant\u00e9, Ma\u00eetre Darrois a r\u00e9p\u00e9t\u00e9 qu&rsquo;il estimait que \u00ab\u00a0c&rsquo;est long, un mois\u00a0\u00bb, alors qu&rsquo;il \u00ab\u00a0n&rsquo;aurait pas d\u00fb y passer une seule journ\u00e9e\u00a0\u00bb.<\/p>\n<p>UN AVOCAT DE SARKOZY RACONTE17:33<\/p>\n<p>Ma\u00eetre Christophe Ingrain, un des avocats de Nicolas Sarkozy, a r\u00e9agi sur le plateau de LCI \u00e0 l&rsquo;incarc\u00e9ration de l&rsquo;ancien pr\u00e9sident \u00e0 la prison de la Sant\u00e9. \u2b07\ufe0f<\/p>\n<p>L&rsquo;avocat de Nicolas Sarkozy invit\u00e9 de LCISource : TF1 Info<\/p>\n<p><img decoding=\"async\" src=\"https:\/\/www.europesays.com\/fr\/wp-content\/uploads\/2025\/10\/l-avocat-de-nicolas-sarkozy-invite-de-lci-1-de5024-0@1x.jpeg\" alt=\"L'avocat de Nicolas Sarkozy invit\u00e9 de LCI\" loading=\"lazy\" importance=\"low\" fetchpriority=\"low\" class=\"\"\/><img decoding=\"async\" src=\"https:\/\/www.tf1info.fr\/images\/icons\/player-logo-play.svg\" alt=\"Logo lecture\" class=\"jsx-d0de44c05fe3042c PlayerLazyload__Play\"\/>\u00ab\u00a0CA LUI A FAIT DU BIEN\u00a0\u00bb17:31<\/p>\n<p>Ma\u00eetre Jean-Michel Darrois, interview\u00e9 \u00e0 l&rsquo;ext\u00e9rieur de la prison de la Sant\u00e9, a racont\u00e9 que Nicolas Sarkozy avait appr\u00e9ci\u00e9 la mobilisation de plusieurs centaines de personnes \u00e0 son d\u00e9part de son domicile ce matin. \u00ab\u00a0\u00c7a lui a fait du bien\u00a0\u00bb, aurait-il confi\u00e9 \u00e0 son avocat.<\/p>\n<p>\u00ab\u00a0C&rsquo;\u00c9TAIT TR\u00c8S DUR\u00a0\u00bb17:19<\/p>\n<p>\u00ab\u00a0C&rsquo;\u00e9tait tr\u00e8s dur\u00a0\u00bb d&rsquo;accompagner Nicolas Sarkozy ce mardi matin jusqu&rsquo;en prison, a t\u00e9moign\u00e9 son avocat, ma\u00eetre Christophe Ingrain, sur le plateau de LCI.<\/p>\n<p>VISITE DE DARMANIN17:15<\/p>\n<p>L&rsquo;avocat de Nicolas Sarkozy, Christophe Ingrain, a estim\u00e9 sur LCI que G\u00e9rald Darmanin, comme garde des Sceaux, \u00e9tait \u00ab\u00a0parfaitement l\u00e9gitime\u00a0\u00bb \u00e0 visiter la prison de la Sant\u00e9, et \u00e0 s&rsquo;assurer de la s\u00e9curit\u00e9 d&rsquo;un d\u00e9tenu qui est aussi un ancien pr\u00e9sident de la R\u00e9publique.<\/p>\n<p>\u00ab\u00a03 SEMAINES OU UN MOIS DE D\u00c9TENTION\u00a0\u00bb17:10<\/p>\n<p>\u00ab\u00a0Quoi qu&rsquo;il arrive, il fera trois semaines ou un mois de d\u00e9tention\u00a0\u00bb, a estim\u00e9 l&rsquo;avocat de Nicolas Sarkozy, Ma\u00eetre Christophe Ingrain, sur le plateau de LCI, en rappelant les temps de proc\u00e9dure pour l&rsquo;examen de la demande de mise en libert\u00e9 de l&rsquo;ancien pr\u00e9sident de la R\u00e9publique.<\/p>\n<p>\u00ab\u00a0D\u00c9MONTRER SON INNOCENCE\u00a0\u00bb17:09<\/p>\n<p>\u00ab\u00a0Nicolas Sarkozy veut d\u00e9montrer son innocence\u00a0\u00bb, a affirm\u00e9 ma\u00eetre Christophe Ingrain, un des avocats de Nicolas Sarkozy, sur le plateau de LCI. \u00ab\u00a0Nous n&rsquo;avons aucun doute sur sa capacit\u00e9 \u00e0 surmonter et \u00e0 faire face\u00a0\u00bb, a assur\u00e9 l&rsquo;avocat, interrog\u00e9 sur l&rsquo;\u00e9preuve psychique que pouvait constituer un s\u00e9jour en prison pour l&rsquo;ancien pr\u00e9sident.<\/p>\n<p>VISITE DE NICOLAS SARKOZY EN PRISON16:26<\/p>\n<p>Interpell\u00e9 par le d\u00e9put\u00e9 \u00e9cologiste des Yvelines, Benjamin Lucas-Lundy, G\u00e9rald Darmanin a justifi\u00e9 le traitement sp\u00e9cifique appliqu\u00e9 \u00e0 Nicolas Sarkozy, dont il avait annonc\u00e9 qu&rsquo;il le visiterait en prison. Le garde des Sceaux a \u00e9num\u00e9r\u00e9 les visites d&rsquo;\u00e9tablissements p\u00e9nitentiaires qu&rsquo;il a effectu\u00e9es dans toute la France, et rappel\u00e9 que des groupes parlementaires de LFI et des \u00c9cologistes ont visit\u00e9 \u00e0 plusieurs reprises le militant Georges Ibrahim Abdallah durant sa d\u00e9tention. L&rsquo;int\u00e9gralit\u00e9 de l&rsquo;\u00e9change ci-dessous. \u2b07\ufe0f<\/p>\n<p>Visite \u00e0 Nicolas Sarkozy : Darmanin d\u00e9fend sa positionSource : TF1 Info<\/p>\n<p><img decoding=\"async\" src=\"https:\/\/www.europesays.com\/fr\/wp-content\/uploads\/2025\/10\/visite-a-nicolas-sarkozy-darmanin-defend-sa-position-e1502a-0@1x.jpeg\" alt=\"Visite \u00e0 Nicolas Sarkozy : Darmanin d\u00e9fend sa position\" loading=\"lazy\" importance=\"low\" fetchpriority=\"low\" class=\"\"\/><img decoding=\"async\" src=\"https:\/\/www.tf1info.fr\/images\/icons\/player-logo-play.svg\" alt=\"Logo lecture\" class=\"jsx-d0de44c05fe3042c PlayerLazyload__Play\"\/>G\u00c9RALD DARMANIN16:16<\/p>\n<p>\u00ab\u00a0Nicolas Sarkozy n&rsquo;a pas \u00e9t\u00e9 condamn\u00e9 d\u00e9finitivement\u00a0\u00bb, a r\u00e9pondu le garde des Sceaux, interpell\u00e9 \u00e0 l&rsquo;Assembl\u00e9e nationale sur le traitement sp\u00e9cial r\u00e9serv\u00e9 par l&rsquo;ex\u00e9cutif \u00e0 l&rsquo;ancien pr\u00e9sident, incarc\u00e9r\u00e9 aujourd&rsquo;hui.<\/p>\n<p>UN D\u00c9BAT \u00ab\u00a0L\u00c9GITIME\u00a0\u00bb SUR L&rsquo;EX\u00c9CUTION PROVISOIRE SELON EMMANUEL MACRON12:17<\/p>\n<p>Le pr\u00e9sident de la R\u00e9publique a ensuite r\u00e9pondu sur l&rsquo;ex\u00e9cution provisoire, remise en question par certains responsables politiques. \u00ab\u00a0C&rsquo;est un d\u00e9bat l\u00e9gitime dans une d\u00e9mocratie parce que tout le monde souhaite qu&rsquo;il puisse y avoir des voies d&rsquo;appel et de recours. Mais c&rsquo;est un d\u00e9bat qui doit \u00eatre men\u00e9 dans le calme et ind\u00e9pendamment des cas sp\u00e9cifiques pour que notre justice puisse se faire et \u00e9voluer dans la s\u00e9r\u00e9nit\u00e9 qui convient\u00a0\u00bb, a d\u00e9clar\u00e9 Emmanuel Macron.<\/p>\n<blockquote data-testid=\"EmbedTwitter\" id=\"tweet-1980578766221947276-:R1pi56b95cmj9n79m:\" class=\"jsx-aeff1a1c40f54d7a twitter-tweet flex justify-center items-center\"><p>\ud83d\udd34 Ex\u00e9cution provisoire : \u00ab\u00a0Je pense que c&rsquo;est un d\u00e9bat l\u00e9gitime dans une d\u00e9mocratie (&#8230;) C&rsquo;est un d\u00e9bat qui doit \u00eatre men\u00e9 dans le calme et ind\u00e9pendamment des cas sp\u00e9cifiques\u00a0\u00bb,  @EmmanuelMacron pic.twitter.com\/hbL2sUwbB8 \u2014 LCI (@LCI)  October 21, 2025<\/p><\/blockquote>\n<p>EMMANUEL MACRON N&rsquo;A PAS SOUHAIT\u00c9 COMMENTER12:12<\/p>\n<p>En d\u00e9placement en Slov\u00e9nie, Emmanuel Macron n&rsquo;a pas souhait\u00e9 commenter la situation de Nicolas Sarkozy, \u00ab\u00a0en tant que garant du bon fonctionnement de nos institutions\u00a0\u00bb.\u00a0<\/p>\n<p>\u00ab\u00a0Je pense qu\u2019il est important que l\u2019image, pour beaucoup de nos compatriotes, de voir un pr\u00e9sident incarc\u00e9r\u00e9 par cette d\u00e9cision de justice puisse susciter des commentaires est normal. Je pense qu\u2019il faut distinguer l\u2019\u00e9motion, y compris l&rsquo;\u00e9motion l\u00e9gitime de proches et d\u2019une partie du pays, le respect qui est d\u00fb \u00e0 toute personne, et le bon fonctionnement de la justice, qui, de l\u00e0 o\u00f9 je suis, ne suppose pas de faire des commentaires\u00a0\u00bb, s&rsquo;est expliqu\u00e9 le pr\u00e9sident de la R\u00e9publique devant la presse.<\/p>\n<blockquote data-testid=\"EmbedTwitter\" id=\"tweet-1980578109364564040-:R1pi96b95cmj9n79m:\" class=\"jsx-aeff1a1c40f54d7a twitter-tweet flex justify-center items-center\"><p>\ud83d\udd34 Incarc\u00e9ration de Nicolas Sarkozy : \u00ab\u00a0Il faut distinguer l&rsquo;\u00e9motion (&#8230;), le respect qui est d\u00fb \u00e0 toute personne, et le bon fonctionnement de la justice qui de l\u00e0 o\u00f9 je suis ne suppose pas de faire des commentaires\u00a0\u00bb,  @EmmanuelMacron pic.twitter.com\/hDFPq8cCXh \u2014 LCI (@LCI)  October 21, 2025<\/p><\/blockquote>\n<p>DEMANDE DE REMISE EN LIBERT\u00c911:53<\/p>\n<p>Comment fonctionne la demande de remise en libert\u00e9 qu&rsquo;ont d\u00e9pos\u00e9e les avocats de Nicolas Sarkozy ?<\/p>\n<p>Police, justice et faits divers<img decoding=\"async\" src=\"https:\/\/www.europesays.com\/fr\/wp-content\/uploads\/2025\/10\/nicolas-sarkozy-prison-sante-octobre-2025-4edfd9-0@1x.jpeg\" alt=\"Nicolas Sarkozy quitte son domicile pour \u00eatre incarc\u00e9r\u00e9 \u00e0 la prison de la Sant\u00e9, le 21 octobre 2025.\" loading=\"lazy\" importance=\"low\" fetchpriority=\"low\" class=\"\" aria-hidden=\"true\"\/>Publi\u00e9 aujourd&rsquo;hui \u00e0 11h33&Prime;LA V\u00c9RIT\u00c9 TRIOMPHERA\u00a0\u00bb11:33<\/p>\n<p>Juste avant son arriv\u00e9e \u00e0 la prison de la Sant\u00e9, Nicolas Sarkozy a publi\u00e9 un long message sur X, r\u00e9p\u00e9tant que c&rsquo;\u00e9tait \u00ab\u00a0un innocent\u00a0\u00bb que \u00ab\u00a0l&rsquo;on enferme\u00a0\u00bb. \u00ab\u00a0La v\u00e9rit\u00e9 triomphera\u00a0\u00bb, promet-il \u00e9galement \u00e0 ses supporters.\u00a0<\/p>\n<p>Police, justice et faits divers<img decoding=\"async\" src=\"https:\/\/www.europesays.com\/fr\/wp-content\/uploads\/2025\/10\/sarkozy-bruni-1-db9473-0@1x.jpeg\" alt=\"Nicolas Sarkozy et Carla Bruni avant le d\u00e9part pour la prison de la Sant\u00e9 de l'ex-pr\u00e9sident, le 21 octobre 2025\" loading=\"lazy\" importance=\"low\" fetchpriority=\"low\" class=\"\" aria-hidden=\"true\"\/>Publi\u00e9 aujourd&rsquo;hui \u00e0 11h25ME CHRISTOPHE INGRAIN SUR LCI11:24<\/p>\n<p>\u00ab\u00a0Il fait face \u00e0 cette \u00e9preuve. (&#8230;) Il s&rsquo;\u00e9tait pr\u00e9par\u00e9, c&rsquo;est difficile d&rsquo;\u00eatre incarc\u00e9r\u00e9 quand on est victime d&rsquo;une injustice. \u00a0Si l&rsquo;objectif \u00e9tait de l&rsquo;affaiblir, c&rsquo;est rat\u00e9. Il est plus fort\u00a0\u00bb, a r\u00e9pondu l&rsquo;avocat de Nicolas Sarkozy au micro de LCI.<\/p>\n<blockquote data-testid=\"EmbedTwitter\" id=\"tweet-1980548244548776442-:R1pil6b95cmj9n79m:\" class=\"jsx-aeff1a1c40f54d7a twitter-tweet flex justify-center items-center\"><p>\ud83d\udd34 \u26a1 Nicolas Sarkozy en prison : \u00ab\u00a0Il fait face \u00e0 cette \u00e9preuve. (&#8230;) Il s&rsquo;\u00e9tait pr\u00e9par\u00e9, c&rsquo;est difficile d&rsquo;\u00eatre incarc\u00e9r\u00e9 quand on est victime d&rsquo;une injustice. Si l&rsquo;objectif \u00e9tait de l&rsquo;affaiblir, c&rsquo;est rat\u00e9. Il est plus fort.\u00a0\u00bb  Me Christophe Ingrain, son avocat sur LCI.  pic.twitter.com\/cWIJIoNHt2 \u2014 LCI (@LCI)  October 21, 2025<\/p><\/blockquote>\n<p>HENRI GUAINO11:06<\/p>\n<p>\u00ab\u00a0Je ne doute pas que la blessure derri\u00e8re est profonde, mais il assume, persuad\u00e9 qu&rsquo;il subit une injustice. Je partage son sentiment, je trouve que c&rsquo;est une injustice\u00a0\u00bb, a d\u00e9clar\u00e9 sur LCI l&rsquo;ancien conseiller de Nicolas Sarkozy. \u00ab\u00a0Ce qu&rsquo;il se passe est extr\u00eamement grave pour l&rsquo;avenir de son institution\u00a0\u00bb, a-t-il poursuivi.<\/p>\n<p>Incarc\u00e9ration de Nicolas Sarkozy : \u00ab\u00a0une blessure profonde\u00a0\u00bb selon Henri GuainoSource : TF1 Info<\/p>\n<p><img decoding=\"async\" src=\"https:\/\/www.europesays.com\/fr\/wp-content\/uploads\/2025\/10\/incarceration-de-nicolas-sarkozy-une-blessure-profonde-selon-henri-guaino-6aaefa-0@1x.jpg\" alt=\"Incarc\u00e9ration de Nicolas Sarkozy : &quot;une blessure profonde&quot; selon Henri Guaino\" loading=\"lazy\" class=\"jsx-d0de44c05fe3042c PlayerLazyload__Image\"\/><img decoding=\"async\" src=\"https:\/\/www.tf1info.fr\/images\/icons\/player-logo-play.svg\" alt=\"Logo lecture\" class=\"jsx-d0de44c05fe3042c PlayerLazyload__Play\"\/>\u00ab\u00a0NICOLAS ! NICOLAS !\u00a0\u00bb11:02<\/p>\n<p>Incarc\u00e9r\u00e9 depuis ce mardi matin \u00e0 la prison de la Sant\u00e9 (Paris), l&rsquo;ancien pr\u00e9sident de la R\u00e9publique est Nicolas Sarkozy avait quitt\u00e9 un peu plus t\u00f4t son domicile sous les acclamations de ses soutiens, qui s&rsquo;\u00e9taient rassembl\u00e9s dans la rue.<\/p>\n<p>Politique<\/p>\n<p>VU SUR LCI<\/p>\n<p><img decoding=\"async\" src=\"https:\/\/www.europesays.com\/fr\/wp-content\/uploads\/2025\/10\/sarkozy-bruni-1-db9473-0@1x.jpeg\" alt=\"Nicolas Sarkozy et Carla Bruni avant le d\u00e9part pour la prison de la Sant\u00e9 de l'ex-pr\u00e9sident, le 21 octobre 2025\" loading=\"lazy\" importance=\"low\" fetchpriority=\"low\" class=\"\" aria-hidden=\"true\"\/>Publi\u00e9 aujourd&rsquo;hui \u00e0 10h50LOUIS SARKOZY10:30<\/p>\n<p>\u00ab\u00a0Je veux remercier de tout mon c\u0153ur les innombrables Fran\u00e7aises et Fran\u00e7ais qui, malgr\u00e9 leurs obligations, se sont lev\u00e9s pour se tenir \u00e0 nos c\u00f4t\u00e9s ce matin\u00a0\u00bb, a \u00e9crit sur X Louis Sarkozy, apr\u00e8s le rassemblement de soutien \u00e0 son p\u00e8re mardi matin, avant son d\u00e9part pour la maison d&rsquo;arr\u00eat de la Sant\u00e9.<\/p>\n<blockquote data-testid=\"EmbedTwitter\" id=\"tweet-1980545578942492809-:R1pj16b95cmj9n79m:\" class=\"jsx-aeff1a1c40f54d7a twitter-tweet flex justify-center items-center\"><p>Je veux remercier de tout mon c\u0153ur les innombrables Fran\u00e7aises et Fran\u00e7ais qui, malgr\u00e9 leurs obligations, se sont lev\u00e9s pour se tenir \u00e0 nos c\u00f4t\u00e9s ce matin.  Mon p\u00e8re entame la travers\u00e9e de cette \u00e9preuve arm\u00e9 d\u00e9sormais de votre fid\u00e9lit\u00e9 et de votre amour.  Les images de cette\u2026 \u2014 Louis Sarkozy (@napsarkozy)  October 21, 2025<\/p><\/blockquote>\n<p>CONDITIONS DE D\u00c9TENTION10:20<\/p>\n<p>L&rsquo;ancien chef de l&rsquo;\u00c9tat, \u00e2g\u00e9 de 70 ans, va \u00eatre confront\u00e9 \u00e0 la solitude du quartier d&rsquo;isolement de la maison d&rsquo;arr\u00eat parisienne. D\u00e9couvrez ces conditions de d\u00e9tention dans cet article.<\/p>\n<p>Police, justice et faits divers<img decoding=\"async\" src=\"https:\/\/www.europesays.com\/fr\/wp-content\/uploads\/2025\/10\/nicolas-sarkozy-apres-sa-condamnation-le-25-septembre-4a97a7-0@1x.jpeg\" alt=\"Nicolas Sarkozy apr\u00e8s sa condamnation le 25 septembre.\" loading=\"lazy\" importance=\"low\" fetchpriority=\"low\" class=\"\" aria-hidden=\"true\"\/>Publi\u00e9 le 19 octobre 2025 \u00e0 20h44T\u00c9MOIGNAGES10:18<\/p>\n<p>Plusieurs Fran\u00e7ais qui se sont rassembl\u00e9s devant le domicile de l&rsquo;ex-pr\u00e9sident ont t\u00e9moign\u00e9 au micro de LCI de leur incompr\u00e9hension au moment de l&rsquo;incarc\u00e9ration de Nicolas Sarkozy.<\/p>\n<p>Nicolas Sarkozy incarc\u00e9r\u00e9 : ces Fran\u00e7ais qui se sont rassembl\u00e9s devant le domicile de l&rsquo;ex-pr\u00e9sident Source : TF1 Info<\/p>\n<p><img decoding=\"async\" src=\"https:\/\/www.europesays.com\/fr\/wp-content\/uploads\/2025\/10\/nicolas-sarkozy-incarcere-ces-francais-qui-se-sont-rassembles-devant-le-domicile-de-l-ex-president-2.jpeg\" alt=\"Nicolas Sarkozy incarc\u00e9r\u00e9 : ces Fran\u00e7ais qui se sont rassembl\u00e9s devant le domicile de l'ex-pr\u00e9sident \" loading=\"lazy\" importance=\"low\" fetchpriority=\"low\" class=\"\"\/><img decoding=\"async\" src=\"https:\/\/www.tf1info.fr\/images\/icons\/player-logo-play.svg\" alt=\"Logo lecture\" class=\"jsx-d0de44c05fe3042c PlayerLazyload__Play\"\/>LES AVOCATS DE NICOLAS SARKOZY SUR LCI10:15<\/p>\n<p>L&rsquo;ancien pr\u00e9sident Nicolas Sarkozy a d\u00e9pos\u00e9 une demande de mise en libert\u00e9, par l&rsquo;interm\u00e9diaire de ses avocats, imm\u00e9diatement apr\u00e8s son incarc\u00e9ration mardi, a annonc\u00e9 \u00e0 la presse son avocat Christophe Ingrain.<\/p>\n<p>Les avocats de Nicolas Sarkozy s&rsquo;expriment sur LCI apr\u00e8s son incarc\u00e9ration \u00e0 la prison de la Sant\u00e9Source : TF1 Info<\/p>\n<p><img decoding=\"async\" src=\"https:\/\/www.europesays.com\/fr\/wp-content\/uploads\/2025\/10\/les-avocats-de-nicolas-sarkozy-s-expriment-sur-lci-apres-son-incarceration-a-la-prison-de-la-sante-5.jpeg\" alt=\"Les avocats de Nicolas Sarkozy s'expriment sur LCI apr\u00e8s son incarc\u00e9ration \u00e0 la prison de la Sant\u00e9\" loading=\"lazy\" importance=\"low\" fetchpriority=\"low\" class=\"\"\/><img decoding=\"async\" src=\"https:\/\/www.tf1info.fr\/images\/icons\/player-logo-play.svg\" alt=\"Logo lecture\" class=\"jsx-d0de44c05fe3042c PlayerLazyload__Play\"\/>DEMANDE DE MISE EN LIBERT\u00c9 D\u00c9J\u00c0 D\u00c9POS\u00c9E10:06<\/p>\n<p>\u00ab\u00a0La demande de mise en libert\u00e9 a d\u00e9j\u00e0 \u00e9t\u00e9 d\u00e9pos\u00e9e\u00a0\u00bb, a indiqu\u00e9 \u00e0 la presse Me Christophe Ingrain, avocat de Nicolas Sarkozy. \u00ab\u00a0En fait et en droit, Nicolas Sarkozy est innocent au moment o\u00f9 on parle et en d\u00e9pit de \u00e7a, il a \u00e9t\u00e9 incarc\u00e9r\u00e9\u00a0\u00bb, a-t-il ajout\u00e9 quelques minutes apr\u00e8s l&rsquo;arriv\u00e9e \u00e0 la prison de la Sant\u00e9 de l&rsquo;ancien pr\u00e9sident de la R\u00e9publique.<\/p>\n<p>\u00ab\u00a0UNE HONTE\u00a0\u00bb10:03<\/p>\n<p>\u00ab\u00a0Sans aucune preuve, le tribunal a voulu que Nicolas Sarkozy soit incarc\u00e9r\u00e9. C&rsquo;est un jour funeste pour lui, pour la France, et pour nos institutions, car cette incarc\u00e9ration est une honte\u00a0\u00bb, a d\u00e9clar\u00e9 Me Jean-Michel Darrois, avocat de Nicolas Sarkozy, pr\u00e9sent devant la prison de la Sant\u00e9.<\/p>\n<p>\u00ab\u00a0CHOC CARC\u00c9RAL\u00a0\u00bb09:54<\/p>\n<p>Entr\u00e9 il y a quelques minutes \u00e0 la maison d&rsquo;arr\u00eat de la Sant\u00e9, l&rsquo;ancien pr\u00e9sident va \u00eatre confront\u00e9 \u00e0 l&rsquo;univers p\u00e9nitentiaire et \u00eatre expos\u00e9 au \u00ab\u00a0choc carc\u00e9ral\u00a0\u00bb qui y est inh\u00e9rent. Nathalie Lionet-Przygodzki, professeure de psychologie appliqu\u00e9e \u00e0 la justice, d\u00e9crypte ce ph\u00e9nom\u00e8ne.<\/p>\n<p>Police, justice et faits divers<\/p>\n<p>INTERVIEW<\/p>\n<p><img decoding=\"async\" src=\"https:\/\/www.europesays.com\/fr\/wp-content\/uploads\/2025\/10\/sarkozy-illus-1-912ab8-0@1x.jpeg\" alt=\"Nicolas Sarkozy va entrer en prison. \" loading=\"lazy\" importance=\"low\" fetchpriority=\"low\" class=\"\" aria-hidden=\"true\"\/>Publi\u00e9 aujourd&rsquo;hui \u00e0 7h00NICOLAS SARKOZY ENTRE EN PRISON09:39<\/p>\n<p>L&rsquo;ancien pr\u00e9sident de la R\u00e9publique vient d&rsquo;arriver en voiture \u00e0 la prison de la Sant\u00e9.<\/p>\n<blockquote data-testid=\"EmbedTwitter\" id=\"tweet-1980539712197611934-:R1pjt6b95cmj9n79m:\" class=\"jsx-aeff1a1c40f54d7a twitter-tweet flex justify-center items-center\"><p>\ud83d\udd34 \u26a1 Nicolas Sarkozy est arriv\u00e9 \u00e0 la prison de la Sant\u00e9. L&rsquo;ancien pr\u00e9sident de la R\u00e9publique y est incarc\u00e9r\u00e9.  pic.twitter.com\/RVq7q4gNlW \u2014 LCI (@LCI)  October 21, 2025<\/p><\/blockquote>\n<p>\u00ab\u00a0UN INNOCENT QU&rsquo;ON ENFERME\u00a0\u00bb09:28<\/p>\n<p>\u00ab\u00a0C&rsquo;est un innocent qu&rsquo;on enferme\u00a0\u00bb, a notamment \u00e9crit l&rsquo;ancien chef de l&rsquo;\u00c9tat dans un message post\u00e9 sur X, en route vers la prison de la Sant\u00e9. \u00ab\u00a0La v\u00e9rit\u00e9 triomphera\u00a0\u00bb promet-il \u00e0 ses soutiens.<\/p>\n<blockquote data-testid=\"EmbedTwitter\" id=\"tweet-1980533625146978759-:R1pk16b95cmj9n79m:\" class=\"jsx-aeff1a1c40f54d7a twitter-tweet flex justify-center items-center\"><p>pic.twitter.com\/m1gl7j7gQj \u2014 Nicolas Sarkozy (@NicolasSarkozy)  October 21, 2025<\/p><\/blockquote>\n<p>SARKOZY EN ROUTE VERS LA PRISON09:16<\/p>\n<p>L&rsquo;ancien pr\u00e9sident de la R\u00e9publique est en route vers la prison de la Sant\u00e9. Il a quitt\u00e9 sa famille et il salue ses soutiens depuis la fen\u00eatre de sa voiture.<\/p>\n<p>Nicolas Sarkozy en route vers la prison de la Sant\u00e9Source : TF1 Info<\/p>\n<p><img decoding=\"async\" src=\"https:\/\/www.europesays.com\/fr\/wp-content\/uploads\/2025\/10\/nicolas-sarkozy-en-route-vers-la-prison-de-la-sante-bae3fd-0@1x.jpg\" alt=\"Nicolas Sarkozy en route vers la prison de la Sant\u00e9\" loading=\"lazy\" class=\"jsx-d0de44c05fe3042c PlayerLazyload__Image\"\/><img decoding=\"async\" src=\"https:\/\/www.tf1info.fr\/images\/icons\/player-logo-play.svg\" alt=\"Logo lecture\" class=\"jsx-d0de44c05fe3042c PlayerLazyload__Play\"\/>NICOLAS SARKOZY09:12<\/p>\n<p>L&rsquo;ancien pr\u00e9sident sort \u00e0 l&rsquo;instant de son domicile, avec son \u00e9pouse Carla Bruni. Il est acclam\u00e9 par une foule qui scande \u00ab\u00a0lib\u00e9r\u00e9\u00a0\u00bb.<\/p>\n<p>Nicolas Sarkozy sort de son domicile et se rend \u00e0 la prison de la Sant\u00e9Source : TF1 Info<\/p>\n<p><img decoding=\"async\" src=\"https:\/\/www.europesays.com\/fr\/wp-content\/uploads\/2025\/10\/nicolas-sarkozy-sort-de-son-domicile-et-se-rend-a-la-prison-de-la-sante-dfe3ce-0@1x.jpg\" alt=\"Nicolas Sarkozy sort de son domicile et se rend \u00e0 la prison de la Sant\u00e9\" loading=\"lazy\" class=\"jsx-d0de44c05fe3042c PlayerLazyload__Image\"\/><img decoding=\"async\" src=\"https:\/\/www.tf1info.fr\/images\/icons\/player-logo-play.svg\" alt=\"Logo lecture\" class=\"jsx-d0de44c05fe3042c PlayerLazyload__Play\"\/>LA FAMILLE DE NICOLAS SARKOZY SORT09:04<\/p>\n<p>La famille et les enfants de Nicolas Sarkozy viennent de sortir du domicile familial et rejoignent les proches rassembl\u00e9s rue de la Source (16e arrondissement de Paris).<\/p>\n<p>SARKOZY VISIT\u00c9 PAR DARMANIN08:51<\/p>\n<p>G\u00e9rald Darmanin avait affirm\u00e9 lundi qu&rsquo;il \u00ab\u00a0ira le voir en prison\u00a0\u00bb, en tant que ministre de la Justice.<\/p>\n<p>Police, justice et faits divers<img decoding=\"async\" src=\"https:\/\/www.europesays.com\/fr\/wp-content\/uploads\/2025\/10\/sarkozy-darmanin-2022-35dc40-0@1x.jpeg\" alt=\"En tant que ministre de la Justice, Darmanin &quot;ira voir Nicolas Sarkozy en prison&quot;\" loading=\"lazy\" importance=\"low\" fetchpriority=\"low\" class=\"\" aria-hidden=\"true\"\/>G\u00c9RALD DARMANIN08:48<\/p>\n<p>Le garde des Sceaux G\u00e9rald Darmanin se d\u00e9fend sur X de toute atteinte \u00ab\u00a0\u00e0 l&rsquo;ind\u00e9pendance des magistrats\u00a0\u00bb.<\/p>\n<blockquote data-testid=\"EmbedTwitter\" id=\"tweet-1980524746975432814-:R1pkl6b95cmj9n79m:\" class=\"jsx-aeff1a1c40f54d7a twitter-tweet flex justify-center items-center\"><p>S\u2019assurer de la s\u00e9curit\u00e9 d\u2019un ancien Pr\u00e9sident de la R\u00e9publique en prison, fait sans pr\u00e9c\u00e9dent, n\u2019atteint en rien \u00e0 l\u2019ind\u00e9pendance des magistrats mais rel\u00e8ve du devoir de vigilance du chef d\u2019administration que je suis, responsable devant le Parlement selon l\u2019article 20 de la\u2026 \u2014 G\u00e9rald DARMANIN (@GDarmanin)  October 21, 2025<\/p><\/blockquote>\n<p>3 SEMAINES \u00c0 1 MOIS DE D\u00c9TENTION SELON SON AVOCAT08:46<\/p>\n<p>\u00ab\u00a0Il n&rsquo;y a pas de raison pour que la Cour d\u2019appel refuse cette demande en libert\u00e9, sauf al\u00e9as judiciaire\u00a0\u00bb, a soutenu Me Christophe Ingrain, avocat de Nicolas Sarkozy, sur BFM. \u00ab\u00a0Il n&rsquo;y a pas de r\u00e9gime de faveur pour Nicolas Sarkozy en d\u00e9tention, y pour la remise en libert\u00e9\u00a0\u00bb a-t-il ajout\u00e9. Selon lui, l&rsquo;ancien chef de l&rsquo;\u00c9tat devrait passer entre \u00ab\u00a0trois semaines et un mois de d\u00e9tention\u00a0\u00bb.<\/p>\n<p>\u00ab\u00a0UNE PRESSION SUR LA JUSTICE\u00a0\u00bb SELON FAURE08:43<\/p>\n<p>\u00ab\u00a0C&rsquo;est une pression sur la justice. C&rsquo;est donner le sentiment qu&rsquo;il existe des pr\u00e9venus qui sont de nature diff\u00e9rente\u00a0\u00bb, a comment\u00e9 le patron du PS sur RTL \u00e0 propos de la r\u00e9ception de Nicolas Sarkozy par Emmanuel Macron \u00e0 l&rsquo;\u00c9lys\u00e9e vendredi dernier.<\/p>\n<p>LES IMAGES DE LCI DU RASSEMBLEMENT EN COURS08:41<\/p>\n<p>Les soutiens de Nicolas Sarkozy sont d\u00e9j\u00e0 nombreux \u00e0 \u00eatre rassembl\u00e9s devant son domicile. Y compris des personnes oppos\u00e9es \u00e0 l&rsquo;ancien chef d&rsquo;\u00c9tat. Certaines personnalit\u00e9s politiques, comme Nadine Morano et Henri Guaino, sont pr\u00e9sentes \u00e0 ce rassemblement, ainsi que les trois fils de l&rsquo;ancien pr\u00e9sident de la R\u00e9publique.\u00a0Nicolas Sarkozy est toujours \u00e0 son domicile.<\/p>\n<p>Les soutiens de Nicolas Sarkozy rassembl\u00e9s devant son domicileSource : TF1 Info<\/p>\n<p><img decoding=\"async\" src=\"https:\/\/www.europesays.com\/fr\/wp-content\/uploads\/2025\/10\/les-soutiens-de-nicolas-sarkozy-rassembles-devant-son-domicile-435027-0@1x.jpeg\" alt=\"Les soutiens de Nicolas Sarkozy rassembl\u00e9s devant son domicile\" loading=\"lazy\" importance=\"low\" fetchpriority=\"low\" class=\"\"\/><img decoding=\"async\" src=\"https:\/\/www.tf1info.fr\/images\/icons\/player-logo-play.svg\" alt=\"Logo lecture\" class=\"jsx-d0de44c05fe3042c PlayerLazyload__Play\"\/>MICHEL BARNIER08:36<\/p>\n<p>L&rsquo;ancien Premier ministre, d\u00e9put\u00e9 LR, a tenu \u00e0 \u00ab\u00a0redire [s]on amiti\u00e9 \u00e0 Nicolas Sarkozy et \u00e0 sa famille\u00a0\u00bb.<\/p>\n<blockquote data-testid=\"EmbedTwitter\" id=\"tweet-1980522105390460998-:R1pl56b95cmj9n79m:\" class=\"jsx-aeff1a1c40f54d7a twitter-tweet flex justify-center items-center\"><p>Aujourd\u2019hui, je veux redire mon amiti\u00e9 \u00e0  @NicolasSarkozy et \u00e0 sa famille. \u2014 Michel Barnier (@MichelBarnier)  October 21, 2025<\/p><\/blockquote>\n<p>CE QUI ATTEND NICOLAS SARKOZY08:26<\/p>\n<p>Guide d&rsquo;accueil, fouille compl\u00e8te, entretien, quartier \u00ab\u00a0arrivants\u00a0\u00bb&#8230; voici ce qui attend Nicolas Sarkozy pour sa premi\u00e8re journ\u00e9e en prison.<\/p>\n<p>Police, justice et faits diversPubli\u00e9 aujourd&rsquo;hui \u00e0 8h22RASSEMBLEMENT08:22<\/p>\n<p>LCI est sur place devant le domicile de Nicolas Sarkozy, o\u00f9 une centaine de soutiens de l&rsquo;ancien pr\u00e9sident de la R\u00e9publique sont rassembl\u00e9s, \u00e0 l&rsquo;appel de son fils Louis Sarkozy. \u00ab\u00a0Aucune personnalit\u00e9 politique ne s&rsquo;est signal\u00e9e, \u00e9tant donn\u00e9 le caract\u00e8re historique de cette mobilisation\u00a0\u00bb a pr\u00e9cis\u00e9 notre envoy\u00e9 sp\u00e9cial Matt\u00e9o Ciaravino. Les trois fils de l&rsquo;ancien chef d&rsquo;\u00c9tat sont pr\u00e9sents.<\/p>\n<p>LCI devant le domicile de Nicolas Sarkozy pour le rassemblement avant son incarc\u00e9rationSource : TF1 Info<\/p>\n<p><img decoding=\"async\" src=\"https:\/\/www.europesays.com\/fr\/wp-content\/uploads\/2025\/10\/lci-devant-le-domicile-de-nicolas-sarkozy-pour-le-rassemblement-avant-son-incarceration-1-7a184d-0@1.jpeg\" alt=\"LCI devant le domicile de Nicolas Sarkozy pour le rassemblement avant son incarc\u00e9ration\" loading=\"lazy\" importance=\"low\" fetchpriority=\"low\" class=\"\"\/><img decoding=\"async\" src=\"https:\/\/www.tf1info.fr\/images\/icons\/player-logo-play.svg\" alt=\"Logo lecture\" class=\"jsx-d0de44c05fe3042c PlayerLazyload__Play\"\/>BLOCAGE DEVANT LA PRISON DE LA SANT\u00c908:21<\/p>\n<p>Une cinquantaine d&rsquo;agents de l&rsquo;administration p\u00e9nitentiaire bloquent actuellement l&rsquo;entr\u00e9e de la maison d&rsquo;arr\u00eat situ\u00e9e dans le 14e arrondissement parisien pour protester contre les conditions dans les prisons fran\u00e7aises. La prison de la Sant\u00e9 affiche notamment un taux de surpopulation carc\u00e9rale de 190%.<\/p>\n<p>NICOLAS SARKOZY \u00c0 L&rsquo;\u00c9LYS\u00c9E AVANT SON INCARC\u00c9RATION08:13<\/p>\n<p>Nicolas Sarkozy et Emmanuel Macron se sont rencontr\u00e9s vendredi dernier au palais de l&rsquo;\u00c9lys\u00e9e, quelques jours avant l&rsquo;incarc\u00e9ration du sixi\u00e8me pr\u00e9sident de la Ve R\u00e9publique, pr\u00e9vue mardi matin. Le chef de l&rsquo;\u00c9tat a \u00e9t\u00e9 interrog\u00e9 \u00e0 ce propos par LCI lors de son d\u00e9placement en Slov\u00e9nie ce lundi.<\/p>\n<p>Politique<img decoding=\"async\" src=\"https:\/\/www.europesays.com\/fr\/wp-content\/uploads\/2025\/10\/sarkozy-macron-11-novembre-2024-d15e1c-0@1x.jpeg\" alt=\"Nicolas Sarkozy et Emmanuel Macron ensemble lors des c\u00e9l\u00e9brations de l'armistice du 11 novembre 1918, le 11 novembre 2024.\" loading=\"lazy\" importance=\"low\" fetchpriority=\"low\" class=\"\" aria-hidden=\"true\"\/>PATRICK KANNER08:12<\/p>\n<p>\u00a0\u00ab\u00a0Je comprends la compassion de certains, mais la s\u00e9paration des pouvoirs aurait justifi\u00e9 que ni le pr\u00e9sident de la R\u00e9publique, ni monsieur Darmanin ne rentrent dans cette affaire\u00a0\u00bb, a indiqu\u00e9 le s\u00e9nateur PS au micro de France Info.<\/p>\n<p>COL\u00c8RE DES SYNDICATS DE MAGISTRATS08:09<\/p>\n<p>L&rsquo;annonce de la visite de G\u00e9rald Darmanin \u00e0 Nicolas Sarkozy \u00e0 la prison de la Sant\u00e9 est d\u00e9nonc\u00e9e par plusieurs syndicats de magistrats, qui estiment que le ministre n&rsquo;est pas dans son r\u00f4le en agissant de la sorte. Les liens personnels entre le repr\u00e9sentant du gouvernement et l&rsquo;ancien chef de l&rsquo;\u00c9tat sont notamment mis en avant.<\/p>\n<p>Police, justice et faits divers<img decoding=\"async\" src=\"https:\/\/www.europesays.com\/fr\/wp-content\/uploads\/2025\/10\/gerald-darmanin-2256-3e7286-0@1x.jpeg\" alt=\"Gerald Darmanin avait d\u00e9j\u00e0 \u00e9voqu\u00e9 la dissolution de D\u00e9fense collective (DefCo) il y a un an.\" loading=\"lazy\" importance=\"low\" fetchpriority=\"low\" class=\"\" aria-hidden=\"true\"\/>\u00ab\u00a0ATTEINTE \u00c0 L&rsquo;IND\u00c9PENDANCE DES MAGISTRATS\u00a0\u00bb08:07<\/p>\n<p>La visite que le ministre de la Justice G\u00e9rald Darmanin compte faire \u00e0 l&rsquo;ancien pr\u00e9sident Nicolas Sarkozy en prison pr\u00e9senterait un risque \u00ab\u00a0d&rsquo;atteinte \u00e0 l&rsquo;ind\u00e9pendance des magistrats\u00a0\u00bb, a mis en garde mardi le plus haut procureur de France, R\u00e9my Heitz.<\/p>\n<p>Cela poserait un \u00ab\u00a0risque d&rsquo;obstacle \u00e0 la s\u00e9r\u00e9nit\u00e9\u00a0\u00bb avant les prochaines \u00e9ch\u00e9ances judiciaires dans le dossier libyen et notamment le proc\u00e8s en appel, \u00ab\u00a0et de risque donc d&rsquo;atteinte \u00e0 l&rsquo;ind\u00e9pendance des magistrats\u00a0\u00bb, a d\u00e9clar\u00e9 le procureur g\u00e9n\u00e9ral pr\u00e8s la Cour de cassation sur Franceinfo.<\/p>\n<p>RENAUD MUSELIER SUR TF107:43<\/p>\n<p>\u00ab\u00a0Je ne porte pas de jugement sur la justice. On aurait pu \u00e9viter l\u2019incarc\u00e9ration, c\u2019est un moyen d\u2019avoir des photos d\u2019un ancien pr\u00e9sident la R\u00e9publique en prison. Il ne repr\u00e9sente pas un danger majeur pour la suite de son jugement. L\u2019incarc\u00e9ration n\u2019est pas l\u00e9gitime\u00a0\u00bb, a jug\u00e9 le pr\u00e9sident de la r\u00e9gion Provence-Alpes-C\u00f4te d\u2019Azur dans Bonjour La Matinale TF1.<\/p>\n<p>UNE ENTR\u00c9E EN VOITURE PAR LA PORTE PRINCIPALE07:37<\/p>\n<p>Une source proche de Nicolas Sarkozy a confirm\u00e9 \u00e0 TF1-LCI que l\u2019ancien chef de l\u2019\u00c9tat va p\u00e9n\u00e9trer au sein de la prison de la Sant\u00e9 par la porte principale. Son avocat Me Darrois a indiqu\u00e9 sur France Info que l&rsquo;administration p\u00e9nitentiaire a demand\u00e9 \u00e0 ce qu&rsquo;il rentre en voiture pour des raisons de s\u00e9curit\u00e9.<\/p>\n<p>Voir plus<\/p>\n<p>C\u00c9CILIA ATTIAS07:34<\/p>\n<p>L&rsquo;ancienne compagne du pr\u00e9sident de la R\u00e9publique a r\u00e9agi sur X avant l&rsquo;entr\u00e9e en prison de Nicolas Sarkozy. \u00ab\u00a0Un homme avec qui j\u2019ai partag\u00e9 ma vie pendant vingt-cinq ans et qui reste le p\u00e8re de mon fils sera injustement priv\u00e9 de libert\u00e9. Je suis boulevers\u00e9e et r\u00e9volt\u00e9e de voir Nicolas Sarkozy, qui a tant donn\u00e9 \u00e0 la France, trait\u00e9 ainsi\u00a0\u00bb, a notamment \u00e9crit C\u00e9cilia Attias.<\/p>\n<blockquote data-testid=\"EmbedTwitter\" id=\"tweet-1980324838406304094-:R7656j95cmj9n79m:\" class=\"jsx-aeff1a1c40f54d7a twitter-tweet flex justify-center items-center\"><p>Demain, un homme avec qui j\u2019ai partag\u00e9 ma vie pendant vingt-cinq ans et qui reste le p\u00e8re de mon fils sera injustement priv\u00e9 de libert\u00e9. Je suis boulevers\u00e9e et r\u00e9volt\u00e9e de voir Nicolas Sarkozy, qui a tant donn\u00e9 \u00e0 la France, trait\u00e9 ainsi. Depuis les \u00c9tats-Unis o\u00f9 je vis, je ne\u2026 \u2014 Cecilia Attias (@CeciliaAttias)  October 20, 2025<\/p><\/blockquote>\n<p>\u00ab\u00a0IL EST INNOCENT\u00a0\u00bb MART\u00c8LE SON AVOCAT07:29<\/p>\n<p>Me Christophe Ingrain, avocat de Nicolas Sarkozy, a d\u00e9clar\u00e9 sur Europe 1 que son client, qui doit \u00eatre incarc\u00e9r\u00e9 \u00e0 la prison de la Sant\u00e9 ce mardi \u00e0 10H, est \u00ab\u00a0innocent\u00a0\u00bb. \u00ab\u00a0Le combat judiciaire continue plus que jamais\u00a0\u00bb, a-t-il ajout\u00e9, indiquant qu&rsquo;il allait d\u00e9poser une demande de remise en libert\u00e9.\u00a0<\/p>\n<p>\u00ab\u00a0On fera tout d\u00e8s que notre client est incarc\u00e9r\u00e9 pour le remettre en libert\u00e9\u00a0\u00bb, a dit Me Ingrain, pr\u00e9cisant que la Cour d&rsquo;appel de Paris allait avoir un mois pour trancher. \u00ab\u00a0Cela ferait donc 3 semaines \u00e0 1 d\u00e9tention de d\u00e9tention\u00a0\u00bb, a affirm\u00e9 son avocat, qui a confirm\u00e9 que Nicolas Sarkozy allait \u00e9crire un livre en prison pour d\u00e9crire \u00ab\u00a0l&rsquo;exp\u00e9rience qu&rsquo;il vit en ce moment\u00a0\u00bb.<\/p>\n<p>\u00ab\u00a0PAS PEUR\u00a0\u00bb06:25<\/p>\n<p>\u00ab\u00a0Je n&rsquo;ai pas peur de la prison. Je garderai la t\u00eate haute y compris devant les portes de la Sant\u00e9\u00a0\u00bb, assurait Nicolas Sarkozy dimanche dans les colonnes de La Tribune Dimanche.<\/p>\n<p>Police, justice et faits divers<img decoding=\"async\" src=\"https:\/\/www.europesays.com\/fr\/wp-content\/uploads\/2025\/10\/sarkozy-condamne-25-septembre-2025-753a43-0@1x.jpeg\" alt=\"&quot;Je n'ai pas peur de la prison&quot;, assure Nicolas Sarkozy avant son incarc\u00e9ration mardi\" loading=\"lazy\" importance=\"low\" fetchpriority=\"low\" class=\"\" aria-hidden=\"true\"\/>Publi\u00e9 le 19 octobre 2025 \u00e0 16h48RASSEMBLEMENT05:53<\/p>\n<p>Avant l&rsquo;entr\u00e9e \u00e0 la prison de la Sant\u00e9 de l&rsquo;ex-chef de l&rsquo;Etat, ses fils appellent \u00e0 la mobilisation pr\u00e8s de son domicile du 16e arrondissement de Paris, dans la matin\u00e9e.<\/p>\n<p>Police, justice et faits divers<img decoding=\"async\" src=\"https:\/\/www.europesays.com\/fr\/wp-content\/uploads\/2025\/10\/nicolas-sarkozy-323325-26430c-0@1x.jpeg\" alt=\"Nicolas Sarkozy a \u00e9t\u00e9 d\u00e9finitivement condamn\u00e9 ce mercredi pour corruption et trafic d'influence dans l'affaire des \u00e9coutes, aussi appel\u00e9e Bismuth.\" loading=\"lazy\" importance=\"low\" fetchpriority=\"low\" class=\"\" aria-hidden=\"true\"\/>BONJOUR05:51<\/p>\n<p>Bienvenue dans ce live consacr\u00e9 \u00e0 l&rsquo;incarc\u00e9ration de l&rsquo;ex-pr\u00e9sident de la R\u00e9publique Nicolas Sarkozy, pr\u00e9vue \u00e0 10h ce mardi.<\/p>\n<p data-module=\"article-paragraph\" class=\"jsx-3046738180 Paragraph Paragraph__End\">Il va devenir le premier ancien pr\u00e9sident de l&rsquo;histoire de la R\u00e9publique et ex-chef d&rsquo;Etat de l&rsquo;Union europ\u00e9enne \u00e0 dormir derri\u00e8re les barreaux : <a href=\"https:\/\/www.tf1info.fr\/justice-faits-divers\/proces-libyen-affaire-du-financement-libyen-nicolas-sarkozy-sera-incarcere-le-21-octobre-a-la-prison-de-la-sante-2400248.html\" target=\"_blank\" rel=\"noopener\">Nicolas Sarkozy<\/a> doit \u00eatre \u00e9crou\u00e9 ce mardi 21 octobre <a href=\"https:\/\/www.tf1info.fr\/justice-faits-divers\/nicolas-sarkozy-en-prison-quelles-seront-ses-conditions-de-detention-a-la-sante-isolement-visites-parloirs-telephone-2401494.html\" target=\"_blank\" rel=\"noopener\">\u00e0 la prison parisienne de la Sant\u00e9<\/a>, pr\u00e8s d&rsquo;un mois apr\u00e8s sa condamnation \u00e0 cinq ans de prison dans le proc\u00e8s libyen. Nicolas Sarkozy nie tout projet de financement libyen de sa campagne victorieuse de 2007.\u00a0<\/p>\n<p data-module=\"article-paragraph\" class=\"jsx-3046738180 Paragraph\">\u00ab\u00a0Je n&rsquo;ai pas peur de la prison. Je garderai la t\u00eate haute y compris devant les portes de la Sant\u00e9\u00a0\u00bb, a assur\u00e9 \u00e0 La Tribune Dimanche l&rsquo;ancienne figure tut\u00e9laire de la droite fran\u00e7aise, dont les avocats devraient d\u00e9poser une demande de mise en libert\u00e9 d\u00e8s son placement sous \u00e9crou.<\/p>\n<p data-module=\"article-paragraph\" class=\"jsx-3046738180 Paragraph Paragraph__End\">L&rsquo;ancien pr\u00e9sident de la R\u00e9publique, \u00e2g\u00e9 de 70 ans, sera vraisemblablement install\u00e9 dans l&rsquo;une des quinze cellules de 9 m2 <a href=\"https:\/\/www.tf1info.fr\/justice-faits-divers\/nicolas-sarkozy-a-la-prison-de-la-sante-paris-le-21-octobre-on-peut-imaginer-qu-il-sera-place-sous-le-regime-de-l-isolement-2400377.html\" target=\"_blank\" rel=\"noopener\">du quartier d&rsquo;isolement<\/a>. Ce choix \u00e9viterait \u00e0 Nicolas Sarkozy les interactions avec les autres d\u00e9tenus pour assurer sa s\u00e9curit\u00e9 et \u00e9viter toute photographie avec un t\u00e9l\u00e9phone portable.<\/p>\n<p>Un rassemblement \u00e0 Paris <\/p>\n<p data-module=\"article-paragraph\" class=\"jsx-3046738180 Paragraph\">Sur le r\u00e9seau social X, son fils, Louis,<a href=\"https:\/\/www.tf1info.fr\/justice-faits-divers\/nicolas-sarkozy-en-prison-ses-fils-appellent-a-une-mobilisation-de-soutien-avant-son-incarceration-2401615.html\" target=\"_blank\" rel=\"noopener\"> a appel\u00e9 chacun \u00e0 \u00ab\u00a0venir exprimer son soutien \u00e0 Nicolas Sarkozy\u00a0\u00bb<\/a> pr\u00e8s du domicile de l&rsquo;ancien chef de l&rsquo;Etat ce mardi matin dans le 16e arrondissement de la capitale.<\/p>\n<p data-module=\"article-paragraph\" class=\"jsx-3046738180 Paragraph Paragraph__End\">Le 25 septembre, les juges avaient stup\u00e9fi\u00e9 la salle d&rsquo;audience en assortissant d&rsquo;un mandat de d\u00e9p\u00f4t sa condamnation pour association de malfaiteurs, sans attendre le proc\u00e8s en appel qui devrait se tenir avant l&rsquo;\u00e9t\u00e9. Ils avaient invoqu\u00e9 l'\u00a0\u00bbexceptionnelle gravit\u00e9 des faits\u00a0\u00bb, n&rsquo;octroyant \u00e0 l&rsquo;ex-chef de l&rsquo;Etat qu&rsquo;un d\u00e9lai avant son incarc\u00e9ration pour lui laisser le temps de s&rsquo;organiser. Nicolas Sarkozy a \u00e9t\u00e9 reconnu coupable d&rsquo;avoir laiss\u00e9 ses deux plus proches collaborateurs au minist\u00e8re de l&rsquo;Int\u00e9rieur, Brice Hortefeux et Claude Gu\u00e9ant, entamer des pourparlers \u00e0 Tripoli en vue d&rsquo;un financement occulte de sa campagne par la Libye de Mouammar Kadhafi.\u00a0<\/p>\n<p>Une visite de Darmanin pr\u00e9vue<\/p>\n<p data-module=\"article-paragraph\" class=\"jsx-3046738180 Paragraph Paragraph__End\"><a href=\"https:\/\/www.tf1info.fr\/politique\/affaire-libyenne-nicolas-sarkozy-recu-par-emmanuel-macron-a-l-elysee-4-jours-avant-son-incarceration-prevue-la-mardi-21-octobre-2025-a-la-prison-de-la-sante-2401640.html\" target=\"_blank\" rel=\"noopener\">Emmanuel Macron a re\u00e7u vendredi 17 octobre Nicolas Sarkozy<\/a>, \u00e0 l&rsquo;\u00c9lys\u00e9e, a appris le service politique de TF1-LCI, confirmant une information du Figaro. Par ailleurs, <a href=\"https:\/\/www.tf1info.fr\/justice-faits-divers\/le-ministre-de-la-justice-gerald-darmanin-ira-voir-nicolas-sarkozy-en-prison-2401569.html\" target=\"_blank\" rel=\"noopener\">G\u00e9rald Darmanin<\/a>, un proche de l&rsquo;ancien Pr\u00e9sident, \u00ab\u00a0ira le voir en prison\u00a0\u00bb, a affirm\u00e9 lundi le ministre de la Justice au micro de France Inter. \u00ab\u00a0Comme garde des Sceaux, j&rsquo;irai m&rsquo;inqui\u00e9ter de ses conditions de s\u00e9curit\u00e9\u00a0\u00bb, a indiqu\u00e9 l&rsquo;ancien ministre de l&rsquo;Int\u00e9rieur, insistant sur l&rsquo;importance de \u00ab\u00a0faire attention \u00e0 la s\u00e9curit\u00e9 d&rsquo;un ancien pr\u00e9sident dans la prison de la Sant\u00e9\u00a0\u00bb.<\/p>\n<p><a href=\"https:\/\/www.tf1info.fr\/justice-faits-divers\/nicolas-sarkozy-incarcere-a-quoi-ressemble-l-emblematique-prison-de-la-sante-2400325.html\" rel=\"noopener\" class=\"jsx-3308031228 Link flex\" target=\"_blank\"><img decoding=\"async\" src=\"https:\/\/www.europesays.com\/fr\/wp-content\/uploads\/2025\/10\/prison-de-la-sante-2-7deb4d-3@1x.jpeg\" alt=\"La nouvelle mouture de la prison de la sant\u00e9, avec des couloirs plus lumineux. \" loading=\"lazy\" importance=\"low\" fetchpriority=\"low\" class=\"\" aria-hidden=\"true\"\/><\/p>\n<p class=\"jsx-3657663356 ReadMoreArticle__Title\">Lire aussi<\/p>\n<p class=\"jsx-3657663356\">Nicolas Sarkozy incarc\u00e9r\u00e9 : \u00e0 quoi ressemble l&#8217;embl\u00e9matique prison de la Sant\u00e9 ? <\/p>\n<p><\/a><\/p>\n<p data-module=\"article-paragraph\" class=\"jsx-3046738180 Paragraph Paragraph__End\">En attendant une \u00e9ventuelle lib\u00e9ration, Nicolas Sarkozy va \u00eatre confront\u00e9 \u00e0 la solitude. Le r\u00e9gime d&rsquo;isolement pr\u00e9voit une promenade par jour, seul, dans une courette de quelques m\u00e8tres carr\u00e9s. Il aura acc\u00e8s selon un planning \u00e9tabli \u00e0 l&rsquo;une des trois petites salles de sport du quartier p\u00e9nitentiaire ou \u00e0 la pi\u00e8ce qui fait office de biblioth\u00e8que. Lors de ses d\u00e9placements, pour se rendre au parloir ou chez les m\u00e9decins par exemple, l&rsquo;ex-chef de l&rsquo;Etat sera accompagn\u00e9 d&rsquo;au moins un gardien et une proc\u00e9dure dite de \u00ab\u00a0blocage\u00a0\u00bb sera d\u00e9clench\u00e9e pour emp\u00eacher tout contact avec d&rsquo;autres d\u00e9tenus.<\/p>\n<p>La r\u00e9daction de TF1info<\/p>\n<p><script async src=\"https:\/\/platform.twitter.com\/widgets.js\" charset=\"utf-8\"><\/script><\/p>\n","protected":false},"excerpt":{"rendered":"Nicolas Sarkozy a \u00e9t\u00e9 \u00e9crou\u00e9 ce mardi matin \u00e0 la prison parisienne de la Sant\u00e9. Deux officiers de&hellip;\n","protected":false},"author":2,"featured_media":480391,"comment_status":"","ping_status":"","sticky":false,"template":"","format":"standard","meta":{"footnotes":""},"categories":[4],"tags":[1111,11,1921,12667,1073,1011,27,432,1922,303,2954,17927,12,3091,60352,25,60351,133,2953],"class_list":{"0":"post-480390","1":"post","2":"type-post","3":"status-publish","4":"format-standard","5":"has-post-thumbnail","7":"category-france","8":"tag-actu","9":"tag-actualites","10":"tag-article-video","11":"tag-carla-bruni","12":"tag-emmanuel-macron","13":"tag-fr","14":"tag-france","15":"tag-gerald-darmanin","16":"tag-info","17":"tag-justice","18":"tag-justice-et-faits-divers","19":"tag-louis-sarkozy","20":"tag-news","21":"tag-nicolas-sarkozy","22":"tag-nicolas-sarkozy-est-en-prison","23":"tag-republique-francaise","24":"tag-soupcons-de-financement-libyen-en-2007-condamne","25":"tag-video","26":"tag-video-police"},"share_on_mastodon":{"url":"https:\/\/pubeurope.com\/@fr\/115414178724048489","error":""},"_links":{"self":[{"href":"https:\/\/www.europesays.com\/fr\/wp-json\/wp\/v2\/posts\/480390","targetHints":{"allow":["GET"]}}],"collection":[{"href":"https:\/\/www.europesays.com\/fr\/wp-json\/wp\/v2\/posts"}],"about":[{"href":"https:\/\/www.europesays.com\/fr\/wp-json\/wp\/v2\/types\/post"}],"author":[{"embeddable":true,"href":"https:\/\/www.europesays.com\/fr\/wp-json\/wp\/v2\/users\/2"}],"replies":[{"embeddable":true,"href":"https:\/\/www.europesays.com\/fr\/wp-json\/wp\/v2\/comments?post=480390"}],"version-history":[{"count":0,"href":"https:\/\/www.europesays.com\/fr\/wp-json\/wp\/v2\/posts\/480390\/revisions"}],"wp:featuredmedia":[{"embeddable":true,"href":"https:\/\/www.europesays.com\/fr\/wp-json\/wp\/v2\/media\/480391"}],"wp:attachment":[{"href":"https:\/\/www.europesays.com\/fr\/wp-json\/wp\/v2\/media?parent=480390"}],"wp:term":[{"taxonomy":"category","embeddable":true,"href":"https:\/\/www.europesays.com\/fr\/wp-json\/wp\/v2\/categories?post=480390"},{"taxonomy":"post_tag","embeddable":true,"href":"https:\/\/www.europesays.com\/fr\/wp-json\/wp\/v2\/tags?post=480390"}],"curies":[{"name":"wp","href":"https:\/\/api.w.org\/{rel}","templated":true}]}}