{"id":480392,"date":"2025-10-21T21:02:17","date_gmt":"2025-10-21T21:02:17","guid":{"rendered":"https:\/\/www.europesays.com\/fr\/480392\/"},"modified":"2025-10-21T21:02:17","modified_gmt":"2025-10-21T21:02:17","slug":"en-letat-le-projet-de-budget-de-lexecutif-est-invotable-par-la-droite","status":"publish","type":"post","link":"https:\/\/www.europesays.com\/fr\/480392\/","title":{"rendered":"\u00abEn l\u2019\u00e9tat, le projet de budget de l\u2019ex\u00e9cutif est invotable par la droite\u00bb"},"content":{"rendered":"<p>\n    <strong>ENTRETIEN EXCLUSIF &#8211; <\/strong>En retrait depuis l\u2019annonce du nouveau gouvernement, le patron des R\u00e9publicains sort du silence et d\u00e9nonce les concessions \u00e0 la gauche tout en jugeant qu\u2019un retour aux urnes devient in\u00e9luctable.<\/p>\n<p class=\"fig-paragraph\"><strong>LE FIGARO. &#8211;\u00a0<\/strong><a href=\"http:\/\/www.lefigaro.fr\/actualite-france\/dossier\/incarceration-de-nicolas-sarkozy-notre-dossier-pour-tout-comprendre\" data-fig-type=\"Topic\" data-gtm-custom-categorie=\"navigation\" data-gtm-custom-action=\"crossclick\" data-gtm-custom-label=\"Contextuel\" data-gtm-event=\"customEventSPE\" data-fig-domain=\"LEFIGARO\" target=\"_blank\" rel=\"noopener\"><strong>Nicolas Sarkozy a \u00e9t\u00e9 incarc\u00e9r\u00e9 ce mardi<\/strong><\/a> <strong>. Quand lui avez-vous parl\u00e9 pour la derni\u00e8re fois\u00a0?<\/strong><\/p>\n<p class=\"fig-paragraph\"><strong>BRUNO RETAILLEAU &#8211;<\/strong> Je l\u2019ai appel\u00e9 lundi. Il est d\u2019une r\u00e9sistance incroyable et sa combativit\u00e9 force l\u2019admiration. Dans cette affaire, il y a un d\u00e9calage particuli\u00e8rement troublant entre l\u2019absence av\u00e9r\u00e9e de financement ill\u00e9gal de sa campagne et\u00a0<a href=\"http:\/\/www.lefigaro.fr\/politique\/tsunami-de-honte-decision-insensee-personne-n-est-au-dessus-des-lois-la-condamnation-de-nicolas-sarkozy-fracture-la-classe-politique-20250925\" data-fig-type=\"NewsFlash\" data-gtm-custom-categorie=\"navigation\" data-gtm-custom-action=\"crossclick\" data-gtm-custom-label=\"Contextuel\" data-gtm-event=\"customEventSPE\" data-fig-domain=\"LEFIGARO\" target=\"_blank\" rel=\"noopener\">la lourdeur de la peine prononc\u00e9e<\/a>. En outre, l\u2019ex\u00e9cution provisoire vient ici dissoudre le principe de pr\u00e9somption d\u2019innocence alors qu\u2019il n\u2019y a ni risque de fuite ni risque de trouble \u00e0 l\u2019ordre public. C\u2019est cela qui choque de nombreux Fran\u00e7ais, au-del\u00e0 de nos militants.<\/p>\n<p class=\"fig-paragraph\"><strong>Comment observez-vous le d\u00e9bat budg\u00e9taire qui s\u2019engage \u00e0 l\u2019Assembl\u00e9e\u00a0?<\/strong><\/p>\n<p class=\"fig-paragraph\">Je veux \u00eatre tr\u00e8s clair\u00a0: en l\u2019\u00e9tat,\u00a0<a href=\"http:\/\/www.lefigaro.fr\/conjoncture\/budget-2026-la-taxe-zucman-decourage-l-innovation-tacle-le-prix-nobel-d-economie-philippe-aghion-20251021\" data-fig-type=\"Article\" data-gtm-custom-categorie=\"navigation\" data-gtm-custom-action=\"crossclick\" data-gtm-custom-label=\"Contextuel\" data-gtm-event=\"customEventSPE\" data-fig-domain=\"LEFIGARO\" target=\"_blank\" rel=\"noopener\">le projet de budget de l\u2019ex\u00e9cutif<\/a>\u00a0est invotable par la droite, car le gouvernement veut faire payer aux Fran\u00e7ais les d\u00e9lires et les vieilles lunes socialistes pour s\u2019acheter du temps\u00a0! Si les choses devaient en rester l\u00e0, Les R\u00e9publicains (LR) voteraient\u2026<\/p>\n<p class=\"fig-premium-paywall__infos\">\n        Cet article est r\u00e9serv\u00e9 aux abonn\u00e9s.        Il vous reste 92% \u00e0 d\u00e9couvrir.\n    <\/p>\n<p>                <img  data- alt=\"Le Figaro\" class=\"fig-img--complete fig-img\"\/><\/p>\n<p class=\"fig-premium-paywall__title\">Vous avez envie de lire la suite ?<\/p>\n<p class=\"fig-premium-paywall__subtitle\">D\u00e9bloquez tous les articles imm\u00e9diatement.<\/p>\n<p class=\"fig-premium-paywall__connect\">\n                D\u00e9j\u00e0 abonn\u00e9\u00a0?                <a class=\"fig-premium-paywall__connect-link\" href=\"https:\/\/connect.lefigaro.fr\/login?client=horizon_web&amp;type=main&amp;redirect_uri=https%3A%2F%2Fwww.lefigaro.fr%2Fpolitique%2Fbruno-retailleau-au-figaro-le-projet-de-budget-de-l-executif-est-invotable-par-la-droite-20251021\" data-js-gtm=\"{&quot;customCategorie&quot;: &quot;conversion&quot;, &quot;customAction&quot;: &quot;before_Landing_Connexion_paywall_auto&quot;, &quot;customLabel&quot;: &quot;bGVmaWdhcm8uZnJfXzFmMGFlOGM5LWI5OWMtNjBiZS1iNjZkLWNmYzkyZDE5Yjc0Ml9fQXJ0aWNsZQ==_Bruno Retailleau au &lt;i&gt;Figaro\u00a0&lt;\/i&gt;: \u00abEn l\u2019\u00e9tat, le projet de budget de l\u2019ex\u00e9cutif est invotable par la droite\u00bb_299&quot;, &quot;customIDSPE&quot;: &quot;bGVmaWdhcm8uZnJfXzFmMGFlOGM5LWI5OWMtNjBiZS1iNjZkLWNmYzkyZDE5Yjc0Ml9fQXJ0aWNsZQ==&quot;, &quot;event&quot;: &quot;customEventSPE&quot;}\" target=\"_blank\" rel=\"noopener\"><br \/>\n                    Connectez-vous<br \/>\n                <\/a>\n            <\/p>\n","protected":false},"excerpt":{"rendered":"ENTRETIEN EXCLUSIF &#8211; En retrait depuis l\u2019annonce du nouveau gouvernement, le patron des R\u00e9publicains sort du silence et&hellip;\n","protected":false},"author":2,"featured_media":480393,"comment_status":"","ping_status":"","sticky":false,"template":"","format":"standard","meta":{"footnotes":""},"categories":[2],"tags":[11,1013,1011,27,5639,6319,12,11067],"class_list":{"0":"post-480392","1":"post","2":"type-post","3":"status-publish","4":"format-standard","5":"has-post-thumbnail","7":"category-actualites","8":"tag-actualites","9":"tag-bruno-retailleau","10":"tag-fr","11":"tag-france","12":"tag-laurent-wauquiez","13":"tag-les-republicains","14":"tag-news","15":"tag-sebastien-lecornu"},"share_on_mastodon":{"url":"https:\/\/pubeurope.com\/@fr\/115414181356757595","error":""},"_links":{"self":[{"href":"https:\/\/www.europesays.com\/fr\/wp-json\/wp\/v2\/posts\/480392","targetHints":{"allow":["GET"]}}],"collection":[{"href":"https:\/\/www.europesays.com\/fr\/wp-json\/wp\/v2\/posts"}],"about":[{"href":"https:\/\/www.europesays.com\/fr\/wp-json\/wp\/v2\/types\/post"}],"author":[{"embeddable":true,"href":"https:\/\/www.europesays.com\/fr\/wp-json\/wp\/v2\/users\/2"}],"replies":[{"embeddable":true,"href":"https:\/\/www.europesays.com\/fr\/wp-json\/wp\/v2\/comments?post=480392"}],"version-history":[{"count":0,"href":"https:\/\/www.europesays.com\/fr\/wp-json\/wp\/v2\/posts\/480392\/revisions"}],"wp:featuredmedia":[{"embeddable":true,"href":"https:\/\/www.europesays.com\/fr\/wp-json\/wp\/v2\/media\/480393"}],"wp:attachment":[{"href":"https:\/\/www.europesays.com\/fr\/wp-json\/wp\/v2\/media?parent=480392"}],"wp:term":[{"taxonomy":"category","embeddable":true,"href":"https:\/\/www.europesays.com\/fr\/wp-json\/wp\/v2\/categories?post=480392"},{"taxonomy":"post_tag","embeddable":true,"href":"https:\/\/www.europesays.com\/fr\/wp-json\/wp\/v2\/tags?post=480392"}],"curies":[{"name":"wp","href":"https:\/\/api.w.org\/{rel}","templated":true}]}}