{"id":480394,"date":"2025-10-21T21:03:41","date_gmt":"2025-10-21T21:03:41","guid":{"rendered":"https:\/\/www.europesays.com\/fr\/480394\/"},"modified":"2025-10-21T21:03:41","modified_gmt":"2025-10-21T21:03:41","slug":"securite-a-saint-etienne-le-nouveau-csu-sinstallera-a-ligh-emile-loubet-dici-lete-2026","status":"publish","type":"post","link":"https:\/\/www.europesays.com\/fr\/480394\/","title":{"rendered":"S\u00e9curit\u00e9 \u00e0 Saint-Etienne\u00a0: le nouveau CSU s\u2019installera \u00e0 l\u2019IGH Emile-Loubet d\u2019ici l\u2019\u00e9t\u00e9 2026"},"content":{"rendered":"<p class=\"is-style-chapo\">Devenu obsol\u00e8te face \u00e0 un nombre de cam\u00e9ras de vid\u00e9oprotection ayant tripl\u00e9 en 10 ans, l\u2019actuel Centre de supervision urbain (CSU) situ\u00e9 quartier de Tarentaize va d\u00e9m\u00e9nager, non loin, au sein de l\u2019\u00ab\u00a0immeuble grande auteur\u00a0\u00bb (IGH) avenue Emile-Loubet, ex CPAM, dont la Police Municipale est l\u2019un des \u00e9l\u00e9ments de reconversion. Il en a \u00e9t\u00e9 \u2013 aussi \u2013 question au dernier conseil municipal via une demande de subvention sur cet investissement adress\u00e9e \u00e0 la R\u00e9gion. De quoi d\u00e9passer le cadre du CSU et orienter le d\u00e9bat vers la s\u00e9curit\u00e9 tout court, rue Antoine-Durafour en totem d\u2019un sujet br\u00fblant.<\/p>\n<p><img loading=\"lazy\" decoding=\"async\" width=\"1024\" height=\"576\" src=\"https:\/\/www.europesays.com\/fr\/wp-content\/uploads\/2025\/10\/Capture-4-1024x576.jpg\" alt=\"\" class=\"wp-image-80819\"  \/>Le nouveau CSU de Firminy dont la cr\u00e9ation a \u00e9t\u00e9 en partie subventionn\u00e9e par la R\u00e9gion. \u00a9If M\u00e9dia \/ Xavier Alix<\/p>\n<p>\u00ab\u00a0L\u2019amour\u00a0\u00bb pour Saint-Etienne sera-t-il plus fort que la haine\u00a0? Cette \u00ab\u00a0<a href=\"https:\/\/www.if-saint-etienne.fr\/politique-societe\/laurent-wauquiez-des-preuves-damour-pour-saint-etienne-metropole\" target=\"_blank\" rel=\"noreferrer noopener\">preuve<\/a>\u00a0\u00bb l\u00e0, co\u00fbterait 100 000 \u20ac en subventions \u00e0 la R\u00e9gion Auvergne-Rh\u00f4ne-Alpes, elle qui depuis 2016 d\u00e9veloppe une comp\u00e9tence sur la <a href=\"https:\/\/www.if-saint-etienne.fr\/breves\/securite-renforcee-la-region-songe-aux-gares-de-saint-etienne-et-roanne\" target=\"_blank\" rel=\"noreferrer noopener\">s\u00e9curit\u00e9<\/a>, allant bien au-del\u00e0 de ses \u00ab\u00a0obligations\u00a0\u00bb sur les gares ou les <a href=\"https:\/\/www.if-saint-etienne.fr\/politique-societe\/lycees-la-region-auvergne-rhone-alpes-veut-tester-sa-brigade-de-securite-des-janvier\" target=\"_blank\" rel=\"noreferrer noopener\">lyc\u00e9es<\/a>. En subventionnant, en particulier, les communes quant \u00e0 l\u2019extension de leur vid\u00e9oprotection ou \u00ab\u00a0vid\u00e9osurveillance\u00a0\u00bb selon les points de vue. Cela en relai syst\u00e9matiquement assum\u00e9 d\u2019un Etat qui a largement incit\u00e9 \u00e0 son d\u00e9marrage via ses subsides \u00e0 partir de la fin des ann\u00e9es 2000 mais qui, de nos jours, \u00ab\u00a0ne le fait plus ou tr\u00e8s ponctuellement\u00a0\u00bb, assurait \u00e0 la presse le maire Ga\u00ebl Perdriau, lundi 13 octobre, en amont du conseil municipal.<\/p>\n<p>Derri\u00e8re des \u00e9changes et un d\u00e9but de conseil plus qu\u2019houleux en raison, logiquement, des <a href=\"https:\/\/www.if-saint-etienne.fr\/politique-societe\/gael-perdriau-au-conseil-municipal-de-saint-etienne-et-si-cetait-sa-derniere-seance\" target=\"_blank\" rel=\"noreferrer noopener\">\u00e9changes<\/a> sur l\u2019affaire de chantage, m\u00eame pas deux semaines apr\u00e8s la fin du <a href=\"https:\/\/www.if-saint-etienne.fr\/immobilier-vie-juridique\/chantage-le-proces\" target=\"_blank\" rel=\"noreferrer noopener\">proc\u00e8s<\/a> \u00e0 Lyon, il y avait de nombreuses d\u00e9lib\u00e9rations \u00e0 traiter.\u00a0Dont cette demande de subvention, donc, aupr\u00e8s de la R\u00e9gion\u00a0: un montant de 100 000 \u20ac sollicit\u00e9 pour aider \u00e0 financer les 650 000 \u20ac HT que r\u00e9clame nouveau Centre de supervision urbain (CSU) st\u00e9phanois, un CSU \u00e9tant le poste de contr\u00f4le du syst\u00e8me de cam\u00e9ras de s\u00e9curit\u00e9 d\u00e9ploy\u00e9 par une Ville. La profonde inimit\u00e9 qui anime les relations entre Ga\u00ebl Perdriau et Laurent Wauquiez, ex-pr\u00e9sident mais toujours conseiller r\u00e9gional, n\u2019a, a priori, pas de raison de jouer dans son approbation ou non. Pour exemple et rappel, il y a quelques ann\u00e9es, la mont\u00e9e en gamme de la police municipale \u00e0 Firminy et de ses \u00e9quipements, entre autres un CSU neuf et l\u2019extension du r\u00e9seau de cam\u00e9ras, lui avait valu un soutien r\u00e9gional \u00e0 hauteur de 205 000 \u20ac sur 2 M\u20ac investis.<\/p>\n<p>4 000 m2 neufs pour la Police Municipale<\/p>\n<p>Pour rappel aussi, l\u2019\u00e9lue st\u00e9phanoise, ex adjointe \u00e0 la tranquillit\u00e9 publique, Nicole Peycelon est membre de la majorit\u00e9 \u00e0 la t\u00eate de la r\u00e9gion, \u00e0 d\u00e9faut de l\u2019\u00eatre encore dans celle de Ga\u00ebl Perdriau. Et les membres de son groupe, Saint-Etienne Avant Tout, se retrouvent pour la plupart en soutien, voire en membres actifs de la candidature d\u2019union droite\/centre aux Municipales 2026 men\u00e9e par Dino <a href=\"https:\/\/www.if-saint-etienne.fr\/politique-societe\/municipales-2026-sans-surprise-dino-cinieri-menera-la-droite-et-le-centre-a-saint-etienne\" target=\"_blank\" rel=\"noreferrer noopener\">Cinieri<\/a> (lui aussi de la majorit\u00e9 r\u00e9gionale et m\u00eame de l\u2019ex\u00e9cutif en tant que conseiller sp\u00e9cial). Groupe \u00e9videmment favorable au projet de CSU et qui ne doute \u00ab\u00a0pas que la R\u00e9gion \u00e9tudiera cette demande de soutien avec beaucoup d\u2019int\u00e9r\u00eat\u00a0\u00bb, signalait au dernier conseil municipal Robert Karulak\u2026 C\u2019est l\u2019une des nouvelles <a href=\"https:\/\/www.if-saint-etienne.fr\/politique-societe\/saint-etienne-ce-qui-presidera-au-destin-de-ligh-emile-loubet\" target=\"_blank\" rel=\"noreferrer noopener\">occupations<\/a> affect\u00e9es \u00e0 l\u2019\u00ab\u00a0immeuble grande auteur\u00a0\u00bb (IGH) avenue Emile-Loubet, ex CPAM, refait de fond en comble depuis 2023. Jusqu\u2019\u00e0 l\u2019os.<\/p>\n<blockquote>\n<p>Nous ne doutons pas que la R\u00e9gion \u00e9tudiera cette demande de soutien avec beaucoup d\u2019int\u00e9r\u00eat.<\/p>\n<p>Robert Karulak, conseiller d\u2019opposition Saint-Etienne Avant To<\/p><\/blockquote>\n<p>Si l\u2019un des nouveaux occupants \u2013 si\u00e8ge social et services centraux d\u2019Habitat M\u00e9tropole \u2013 des 27 000 m2 disponibles devrait commencer \u00e0 y am\u00e9nager \u00e0 partir de novembre, ce devrait \u00eatre le cas de la Police Municipale d\u2019ici l\u2019\u00e9t\u00e9 prochain. Il s\u2019agit ici de lui accorder 4 000 m2 de locaux neufs sur les 13 000 du \u00ab\u00a0socle\u00a0\u00bb, base de la \u00ab\u00a0tour\u00a0\u00bb. Le bureau de la rue G\u00e9rentet reste o\u00f9 il est (et la fourri\u00e8re animale rue Florent-Evrard aussi) mais seront transf\u00e9r\u00e9s \u00e0 l\u2019IGH le centre de commandement et PC de crise, actuellement \u00e0 l\u2019h\u00f4tel de ville ainsi que les bureaux \u00e0 quelques pas de la place Roannelle o\u00f9 se situe \u00e9galement l\u2019actuel CSU. Centre obsol\u00e8te, ne serait-ce qu\u2019au regard d\u2019un nombre de cam\u00e9ras qu\u2019il a \u00e0 g\u00e9rer\u00a0: 434 \u00e0 ce jour, trois fois plus qu\u2019en 2014. Un parc qui continue \u00e0 s\u2019\u00e9toffer, \u00e0 raison d\u2019une dizaine suppl\u00e9mentaire par an (10 000 \u00e0 15 000 \u20ac par exemplaire en fonction des circonstances).<\/p>\n<p>\u00ab\u00a0Sans \u00e7a, l\u2019Etat serait aveugle\u00a0\u00bb<\/p>\n<p>Dot\u00e9 d\u2019un mur d\u2019\u00e9crans ne permettant de visionner \u2013 c\u2019est le cas 24 h\/24, 7j\/7 \u2013 que 14 cam\u00e9ras en m\u00eame temps, le CSU est devenu obsol\u00e8te, trop petit. \u00ab\u00a0Ce qui ne laisse pas pour autant la moindre cam\u00e9ra en d\u00e9sh\u00e9rence, comme il est faux de dire qu\u2019une grande partie du parc est hors service, assure Ga\u00ebl Perdriau. Avec un tel r\u00e9seau, oui, il y a en permanence une petite partie en maintenance, ce n\u2019est pas la m\u00eame chose.\u00a0\u00bb Pour lui comme pour son adjointe (depuis 2024) \u00e0 la tranquillit\u00e9 publique Marie-Jo Perez, l\u2019utilit\u00e9 du <a href=\"https:\/\/www.saint-etienne.fr\/la-videoprotection\" target=\"_blank\" rel=\"noreferrer noopener\">dispositif<\/a> ne fait pas l\u2019ombre d\u2019un zoom (le financement local, donc de l\u2019\u00e9quit\u00e9 locale, d\u2019une fonction r\u00e9galienne \u00e9tatique en revanche\u2026) avec, en 2024, \u00ab\u00a0950 (et m\u00eame 1 100 indiqu\u00e9es sur le site de la Ville, Ndlr) r\u00e9quisitions judiciaires effectu\u00e9es par les services de la Police Nationale et de la Gendarmerie Nationale, indique la seconde. 1 200 proc\u00e8s-verbaux r\u00e9dig\u00e9s, des b\u00e2timents publics prot\u00e9g\u00e9s comme les nombreuses \u00e9v\u00e9nements manifestations de Saint-Etienne.\u00a0\u00bb<\/p>\n<blockquote>\n<p>Il est faux de dire qu\u2019une grande partie du parc est hors service. Avec un tel r\u00e9seau, oui, il y a en permanence une petite partie en maintenance, ce n\u2019est pas la m\u00eame chose.<\/p>\n<p>Ga\u00ebl Perdriau<\/p><\/blockquote>\n<p>Ga\u00ebl Perdriau d\u00e9clarait carr\u00e9ment en <a href=\"https:\/\/www.saint-etienne.fr\/seances-du-conseil-municipal\" target=\"_blank\" rel=\"noreferrer noopener\">s\u00e9ance<\/a> publique du conseil municipal que \u00ab\u00a0sans \u00e7a, l\u2019Etat qui ne dispose d\u2019aucune cam\u00e9ra \u00e0 lui, serait aveugle\u00a0\u00bb. L\u2019\u00e9t\u00e9 prochain, la Police Municipale disposera donc d\u2019un CSU de 245 m2 (contre 85 actuellement) pour 24 \u00e9crans et deux agents suppl\u00e9mentaires affect\u00e9s au visionnage. L\u2019apr\u00e8s-midi, le vote de la d\u00e9lib\u00e9ration a davantage donn\u00e9 lieu \u00e0 un d\u00e9bat sur la s\u00e9curit\u00e9 \u00e0 Saint-Etienne, en g\u00e9n\u00e9ral, avec l\u2019exemple devenu h\u00e9las \u00ab\u00a0totem\u00a0\u00bb actuel de la rue Antoine-Durafour, objet d\u2019op\u00e9rations coups de poing de la part de l\u2019Etat et autres r\u00e9ductions d\u2019horaires d\u2019\u00e9piceries de nuit, jug\u00e9es g\u00e9n\u00e9ratrices ou au moins grosses contributrices \u00e0 la probl\u00e9matique. La majorit\u00e9 tentant de d\u00e9fendre son bilan, celui de \u00ab\u00a0la 4e ville de France y consacrant le plus de moyens alors que nous ne sommes que la 13e en population, selon un classement du Figaro (<a href=\"https:\/\/www.lefigaro.fr\/actualite-france\/saint-etienne-mulhouse-meaux-face-a-l-impuissance-de-l-etat-ces-communes-qui-investissent-dans-leur-securite-20250623\" target=\"_blank\" rel=\"noreferrer noopener\">apparemment ici<\/a>, classement \u00e0 partir de 50 000 habitants)\u00a0\u00bb, brandit ainsi le maire qui rappelle avoir doubl\u00e9 les effectifs de la police municipale entre 2014 et 2020.<\/p>\n<p>Un \u00ab\u00a0constat\u00a0effrayant\u00a0\u00bb<\/p>\n<p>Pourtant, le r\u00e9sultat devant les yeux n\u2019est pas satisfaisant \u00e0 en croire Robert Karulak, ex adjoint de la majorit\u00e9, pass\u00e9 dans l\u2019opposition en juin 2024 avec l\u2019ensemble du groupe Saint-Etienne Avant Tout\u00a0: \u00ab\u00a0A Saint-Etienne, vous le savez, des quartiers sont victimes quotidiennement de comportements d\u00e9linquants. Trafics de stup\u00e9fiants au vu et au su de tous, d\u00e9gradation de mobilier urbain, tags provocateurs ou insultants, provocations de certains groupes, feux d\u2019artifice et tirs de mortiers, rod\u00e9os urbains, nuisances sonores la nuit li\u00e9es \u00e0 des activit\u00e9s commerciales pourtant r\u00e9glement\u00e9es. Le tout nourri par un fort sentiment d\u2019impunit\u00e9. Malheureusement, cette liste est non exhaustive et le d\u00e9sarroi des St\u00e9phanois confront\u00e9s est immense tant ils se sentent souvent oubli\u00e9s.\u00a0\u00bb<\/p>\n<p><img loading=\"lazy\" decoding=\"async\" width=\"1024\" height=\"576\" src=\"https:\/\/www.europesays.com\/fr\/wp-content\/uploads\/2025\/10\/esign-IF-54-1024x576.png\" alt=\"\" class=\"wp-image-60275\"  \/>Projection architecturale du futur visage de l\u2019IGH o\u00f9 s\u2019installera la police municipale. \u00a9Tectoniques Architectes et Dominique Vigier<\/p>\n<p>Plusieurs membres du groupe Saint-Etienne Avant Tout se sont r\u00e9cemment rendus Antoine-Durafour pour voir de leurs yeux un \u00ab\u00a0constat\u00a0effrayant\u00a0\u00bb. Constat face auquel, \u00ab\u00a0nous pensons qu\u2019en \u00e9troite concertation des habitants, des services de l\u2019Etat, en dynamisant le travail commun entre polices municipales et nationales, il faudra dans les mois qui viennent \u00e9laborer des mesures innovantes et encore plus efficaces\u00a0\u00bb. L\u2019\u00e9cologiste Olivier Longeon intervenait \u00e0 son tour. A l\u2019adresse du maire\u00a0: \u00ab\u00a0Vous avez mis beaucoup, beaucoup de temps pour vous rendre compte de ce qui se passait rue Antoine-Durafour. On en parle depuis des ann\u00e9es. Un certain nombre d\u2019interdictions qui ont \u00e9t\u00e9 prises par vous r\u00e9cemment aurait pu l\u2019\u00eatre depuis bien plus longtemps. Mais pour cela, il faut \u00e9couter les habitants, ce qu\u2019ils disent aux conseils de quartiers. Et pas \u00e0 six mois des Municipales.\u00a0Si vous \u00e9coutiez, vous auriez par exemple port\u00e9 attention \u00e0 notre id\u00e9e de proposer des lieux n\u00e9goci\u00e9s, d\u2019attente, pour les livreurs type Uber. \u00bb<\/p>\n<p>\u00ab\u00a0On fait un travail remarquable\u00a0\u00bb<\/p>\n<p>L\u2019adjointe Marie-Jo Perez tenait \u00e0 signaler\u00a0que \u00ab\u00a0nous aussi, nous y allons dans cette rue (Antoine-Durafour, Ndlr). Nous sommes en contact permanent avec le collectif d\u2019habitants qui envoie \u00e9norm\u00e9ment de messages, de vid\u00e9os, transf\u00e9r\u00e9es imm\u00e9diatement \u00e0 la Police Nationale qui travaille main dans la main avec la Police Municipale. On fait un travail remarquable, on y est, on est vraiment pr\u00e9sent. Les habitants nous le disent. Les efforts sont l\u00e0. Je ne peux pas laisser dire que nous ne sommes pas assez au travail. Tous les soirs, nous y sommes, tous les soirs, la police municipale verbalisent. Malheureusement c\u2019est vrai, les proc\u00e9dures pour que cela aboutisse sont un peu longues (et objets de recours, celles qu\u2019accorde un Etat de droit, Ndlr).\u00a0\u00bb Et Jean Duverger (opposition \u00e9cologiste) de sugg\u00e9rer de renforcer la pr\u00e9vention, de donner des \u00ab\u00a0alternatives \u00e0 l\u2019ennui \u00e0 ces groupes de jeunes \u00e0 qui on n\u2019offre rien d\u2019autres\u00a0\u00bb.<\/p>\n<blockquote>\n<p>Les efforts sont l\u00e0. Je ne peux pas laisser dire que nous ne sommes pas assez au travail.<\/p>\n<p>Marie-Jo Perez, adjointe \u00e0 la s\u00e9curit\u00e9<\/p><\/blockquote>\n<p>Ces propositions, cette \u0153uvre de pr\u00e9vention, elles existent d\u00e9j\u00e0 et se font au quotidien avec les \u00e9ducateurs de rue, via le CLSPD r\u00e9torque la majorit\u00e9. Et le manque d\u2019\u00e9ducateurs de rue, s\u2019il en est, n\u2019est pas le principal probl\u00e8me, estime Nicole Peycelon, rappelant que les commerces jug\u00e9s probl\u00e9matiques sont tenus par \u00ab\u00a0des personnes d\u2019un certain \u00e2ge, loin d\u2019\u00eatre des perdreaux de l\u2019ann\u00e9e\u00a0\u00bb. Rappelant, aussi, que des mesures actuelles d\u00e9j\u00e0 prises au d\u00e9but du mandat, d\u2019o\u00f9 la n\u00e9cessit\u00e9 d\u2019innover localement mais aussi, argue t-elle, de demander aux parlementaires des lois quelque peu plus s\u00e9v\u00e8res\u2026 \u00a0\u00a0\u00a0\u00a0\u00a0<a href=\"https:\/\/hyeres.fr\/conseil-local-de-securite-de-prevention-de-la-delinquance-et-de-la-radicalisation\/\" target=\"_blank\" rel=\"noopener\"><\/p>\n<p>Premi\u00e8re des libert\u00e9s pour certains, dans les diff\u00e9rents programmes aux <a href=\"https:\/\/www.if-saint-etienne.fr\/tag\/municipales-2026\" target=\"_blank\" rel=\"noreferrer noopener\">Municipales 2026<\/a>, la s\u00e9curit\u00e9 et ses enjeux seront dans l\u2019ensemble des listes probablement tr\u00e8s bien positionn\u00e9s\u2026<\/p>\n","protected":false},"excerpt":{"rendered":"Devenu obsol\u00e8te face \u00e0 un nombre de cam\u00e9ras de vid\u00e9oprotection ayant tripl\u00e9 en 10 ans, l\u2019actuel Centre de&hellip;\n","protected":false},"author":2,"featured_media":480395,"comment_status":"","ping_status":"","sticky":false,"template":"","format":"standard","meta":{"footnotes":""},"categories":[9653],"tags":[1111,11,2430,10817,60353,36219,60354,1777,674,1011,27,60355,12,25,4001,60356,10819,7939,15880],"class_list":{"0":"post-480394","1":"post","2":"type-post","3":"status-publish","4":"format-standard","5":"has-post-thumbnail","7":"category-saint-etienne","8":"tag-actu","9":"tag-actualites","10":"tag-auvergne-rhone-alpes","11":"tag-cameras","12":"tag-centre-de-supervision-urbain","13":"tag-conseil-municipal-de-saint-etienne","14":"tag-csu","15":"tag-eu","16":"tag-europe","17":"tag-fr","18":"tag-france","19":"tag-immeuble-avenue-emile-loubet","20":"tag-news","21":"tag-republique-francaise","22":"tag-saint-etienne","23":"tag-sur-le-vif","24":"tag-videoprotection","25":"tag-videosurveillance","26":"tag-ville-de-saint-etienne"},"share_on_mastodon":{"url":"https:\/\/pubeurope.com\/@fr\/115414186016005841","error":""},"_links":{"self":[{"href":"https:\/\/www.europesays.com\/fr\/wp-json\/wp\/v2\/posts\/480394","targetHints":{"allow":["GET"]}}],"collection":[{"href":"https:\/\/www.europesays.com\/fr\/wp-json\/wp\/v2\/posts"}],"about":[{"href":"https:\/\/www.europesays.com\/fr\/wp-json\/wp\/v2\/types\/post"}],"author":[{"embeddable":true,"href":"https:\/\/www.europesays.com\/fr\/wp-json\/wp\/v2\/users\/2"}],"replies":[{"embeddable":true,"href":"https:\/\/www.europesays.com\/fr\/wp-json\/wp\/v2\/comments?post=480394"}],"version-history":[{"count":0,"href":"https:\/\/www.europesays.com\/fr\/wp-json\/wp\/v2\/posts\/480394\/revisions"}],"wp:featuredmedia":[{"embeddable":true,"href":"https:\/\/www.europesays.com\/fr\/wp-json\/wp\/v2\/media\/480395"}],"wp:attachment":[{"href":"https:\/\/www.europesays.com\/fr\/wp-json\/wp\/v2\/media?parent=480394"}],"wp:term":[{"taxonomy":"category","embeddable":true,"href":"https:\/\/www.europesays.com\/fr\/wp-json\/wp\/v2\/categories?post=480394"},{"taxonomy":"post_tag","embeddable":true,"href":"https:\/\/www.europesays.com\/fr\/wp-json\/wp\/v2\/tags?post=480394"}],"curies":[{"name":"wp","href":"https:\/\/api.w.org\/{rel}","templated":true}]}}