{"id":480398,"date":"2025-10-21T21:05:43","date_gmt":"2025-10-21T21:05:43","guid":{"rendered":"https:\/\/www.europesays.com\/fr\/480398\/"},"modified":"2025-10-21T21:05:43","modified_gmt":"2025-10-21T21:05:43","slug":"budget-2026-cci-meurthe-et-moselle-francois-pelissier-menace-de-demissionner","status":"publish","type":"post","link":"https:\/\/www.europesays.com\/fr\/480398\/","title":{"rendered":"Budget 2026. CCI Meurthe-et-Moselle\u00a0: Fran\u00e7ois P\u00e9lissier menace de d\u00e9missionner"},"content":{"rendered":"<p>C\u2019est la goutte d\u2019eau qui fait d\u00e9border le vase. Alors que le projet de loi de finances (PLF) pour 2026 est en discussion, le <a href=\"https:\/\/www.lasemaine.fr\/politique\/indiscrets\/michel-fournier-integre-le-gouvernement-un-lorrain-a-la-tete-de-la-ruralite-oui-mais\/\" data-type=\"post\" data-id=\"403973\" rel=\"nofollow noopener\" target=\"_blank\">Gouvernement<\/a> pr\u00e9voit plusieurs pistes d\u2019\u00e9conomies parmi lesquelles une baisse de pr\u00e8s d\u2019un tiers du <a href=\"https:\/\/www.lasemaine.fr\/economie\/moselle-et-meurthe-et-moselle-fusion-cci-cma-la-ministre-attendra\/\" data-type=\"post\" data-id=\"400312\" rel=\"nofollow noopener\" target=\"_blank\">budget des CCI<\/a>. Ce qui n\u2019a pas manqu\u00e9 de faire r\u00e9agir <a href=\"https:\/\/www.lasemaine.fr\/non-classe\/francois-pelissier-il-faut-encourager-les-allers-retours-public-prive\/\" data-type=\"post\" data-id=\"236178\" rel=\"nofollow noopener\" target=\"_blank\">Fran\u00e7ois P\u00e9lissier, pr\u00e9sident<\/a> de la CCI de Meurthe-et-Moselle, faisant savoir qu\u2019il compte proposer sa d\u00e9mission lors de la prochaine assembl\u00e9e g\u00e9n\u00e9rale si l\u2019\u00c9tat ne revoit pas ses arbitrages. \u00ab\u00a0Lors de mon arriv\u00e9e \u00e0 la pr\u00e9sidence de la CCI\u00a054, la dotation allou\u00e9e repr\u00e9sentait 8\u00a0millions d\u2019euros et aujourd\u2019hui elle ne repr\u00e9sente plus que 2\u00a0millions d\u2019euros. La nouvelle loi de finances aboutirait \u00e0 une dotation de 1,2\u00a0million d\u2019euros, soit une baisse de 85\u00a0% au total\u00a0\u00bb, d\u00e9plore-t-il.<\/p>\n<p>Cette annonce intervient alors m\u00eame que les CCI sont d\u2019ores et d\u00e9j\u00e0 mises \u00e0 contribution \u00e0 hauteur de 100\u00a0millions d\u2019euros pour la p\u00e9riode\u00a02024-2026 et alors que les dotations de l\u2019\u00c9tat ont diminu\u00e9 de 66\u00a0% depuis 2013. Dans le d\u00e9tail, cette baisse de budget concerne principalement la taxe CCI. Celle-ci est per\u00e7ue pour permettre le financement des chambres consulaires que sont la chambre de commerce et d\u2019industrie (CCI) dont rel\u00e8vent les commer\u00e7ants et la chambre des m\u00e9tiers et de l\u2019artisanat (CMA) pour les artisans. Ces taxes sont annexes aux imp\u00f4ts directs locaux.<\/p>\n<p>Un r\u00e9seau national menac\u00e9<\/p>\n<p>\u00ab\u00a0La r\u00e9duction de dotation envisag\u00e9e au PLF\u00a02026 ne permet plus de mener notre mission de service public telle qu\u2019elle est d\u00e9finie par le code du commerce et contractualis\u00e9e dans le contrat d\u2019objectif et de performance avec l\u2019\u00c9tat\u00a0\u00bb, poursuit le pr\u00e9sident de la CCI\u00a054. Une annonce qui laisse un go\u00fbt amer puisque cette derni\u00e8re a engag\u00e9, il y a maintenant 10\u00a0ans, un vaste \u00ab\u00a0plan strat\u00e9gique d\u2019adaptation et de d\u00e9veloppement\u00a0\u00bb, ayant permis notamment d\u2019atteindre, en 2025, un taux d\u2019autofinancement de 90\u00a0% tout en r\u00e9alisant une croissance \u00e0 hauteur de 40\u00a0%. \u00ab\u00a0Le gouvernement ne respecte pas les engagements promis de maintenir une dotation de 500\u00a0millions d\u2019euros en retour de la r\u00e9ussite de notre transformation.\u00a0\u00bb<\/p>\n<p>Ce qui se passe en Meurthe-et-Moselle<\/p>\n<p>Un effort suppl\u00e9mentaire qui sonnerait tout simplement \u00ab\u00a0la fin du r\u00e9seau des CCI\u00a0\u00bb, alerte l\u2019antenne nationale dans un communiqu\u00e9. D\u2019autant plus que cette d\u00e9cision intervient alors que 2024 enregistre \u00ab\u00a0un record de d\u00e9faillances d\u2019entreprises\u00a0\u00bb et une pr\u00e9vision \u00ab\u00a0encore plus alarmiste pour 2025\u00a0\u00bb avec 68\u00a0000\u00a0entreprises concern\u00e9es en France. En Meurthe-et-Moselle, ce sont 24\u00a0000\u00a0entreprises concern\u00e9es, dont 22\u00a0000 de moins de dix salari\u00e9s.<\/p>\n","protected":false},"excerpt":{"rendered":"C\u2019est la goutte d\u2019eau qui fait d\u00e9border le vase. Alors que le projet de loi de finances (PLF)&hellip;\n","protected":false},"author":2,"featured_media":480399,"comment_status":"","ping_status":"","sticky":false,"template":"","format":"standard","meta":{"footnotes":""},"categories":[9635],"tags":[1111,11,1777,674,1011,27,775,1702,12,25],"class_list":{"0":"post-480398","1":"post","2":"type-post","3":"status-publish","4":"format-standard","5":"has-post-thumbnail","7":"category-nancy","8":"tag-actu","9":"tag-actualites","10":"tag-eu","11":"tag-europe","12":"tag-fr","13":"tag-france","14":"tag-grand-est","15":"tag-nancy","16":"tag-news","17":"tag-republique-francaise"},"share_on_mastodon":{"url":"https:\/\/pubeurope.com\/@fr\/115414192920466875","error":""},"_links":{"self":[{"href":"https:\/\/www.europesays.com\/fr\/wp-json\/wp\/v2\/posts\/480398","targetHints":{"allow":["GET"]}}],"collection":[{"href":"https:\/\/www.europesays.com\/fr\/wp-json\/wp\/v2\/posts"}],"about":[{"href":"https:\/\/www.europesays.com\/fr\/wp-json\/wp\/v2\/types\/post"}],"author":[{"embeddable":true,"href":"https:\/\/www.europesays.com\/fr\/wp-json\/wp\/v2\/users\/2"}],"replies":[{"embeddable":true,"href":"https:\/\/www.europesays.com\/fr\/wp-json\/wp\/v2\/comments?post=480398"}],"version-history":[{"count":0,"href":"https:\/\/www.europesays.com\/fr\/wp-json\/wp\/v2\/posts\/480398\/revisions"}],"wp:featuredmedia":[{"embeddable":true,"href":"https:\/\/www.europesays.com\/fr\/wp-json\/wp\/v2\/media\/480399"}],"wp:attachment":[{"href":"https:\/\/www.europesays.com\/fr\/wp-json\/wp\/v2\/media?parent=480398"}],"wp:term":[{"taxonomy":"category","embeddable":true,"href":"https:\/\/www.europesays.com\/fr\/wp-json\/wp\/v2\/categories?post=480398"},{"taxonomy":"post_tag","embeddable":true,"href":"https:\/\/www.europesays.com\/fr\/wp-json\/wp\/v2\/tags?post=480398"}],"curies":[{"name":"wp","href":"https:\/\/api.w.org\/{rel}","templated":true}]}}