{"id":480400,"date":"2025-10-21T21:06:16","date_gmt":"2025-10-21T21:06:16","guid":{"rendered":"https:\/\/www.europesays.com\/fr\/480400\/"},"modified":"2025-10-21T21:06:16","modified_gmt":"2025-10-21T21:06:16","slug":"ligue-a-feminine-vandoeuvre-nancy-volley-ball-le-rouleau-compresseur-continue-face-a-chamalieres-3-0","status":"publish","type":"post","link":"https:\/\/www.europesays.com\/fr\/480400\/","title":{"rendered":"Ligue A F\u00e9minine\u00a0: Vandoeuvre Nancy Volley-Ball, le rouleau compresseur continue face \u00e0 Chamali\u00e8res (3-0)"},"content":{"rendered":"<p>Les volleyeuses de Vandoeuvre Nancy Volley-Ball encha\u00eenent un troisi\u00e8me succ\u00e8s de suite en autant de rencontres disput\u00e9es depuis le d\u00e9but de saison. Le VNVB n&rsquo;a laiss\u00e9 aucune chance \u00e0 Chamali\u00e8res ce mardi soir, 3-0 (25-23, 25-18, 25-20) et garde la t\u00eate du championnat de Ligue A. <\/p>\n<p>Le d\u00e9but de saison r\u00eav\u00e9 se poursuit pour les volleyeuses du <strong>Vandoeuvre Nancy Volley-Ball (VNVB)<\/strong>. Ce mardi soir, les panth\u00e8res ont livr\u00e9 une nouvelle prestation solide pour s&rsquo;imposer en trois sets nets face \u00e0 Chamali\u00e8res, confirmant leur excellente forme et leur statut de leader invaincu de la Ligue A F\u00e9minine.<\/p>\n<p>Si les Auvergnates ont par moments r\u00e9sist\u00e9, les Vandop\u00e9riennes ont largement\u00a0 domin\u00e9 les d\u00e9bats.\u00a0 Le score sans appel de\u00a0<strong>3-0 (25-23, 25-18, 25-20)<\/strong>\u00a0t\u00e9moigne de la ma\u00eetrise du VNVB qui, fait exceptionnel, encha\u00eene un troisi\u00e8me succ\u00e8s cons\u00e9cutif\u00a0<strong>sans conc\u00e9der le moindre set<\/strong>\u00a0depuis le coup d&rsquo;envoi du championnat. Une performance qui assoit l&rsquo;\u00e9quipe comme la meilleure d\u00e9fense du d\u00e9but de saison.<\/p>\n<p>Ce succ\u00e8s parfait est la meilleure des pr\u00e9parations avant la prochaine \u00e9ch\u00e9ance qui s&rsquo;annonce all\u00e9chante. Le VNVB se tourne d\u00e9sormais vers le tr\u00e8s attendu <strong>derby lorrain<\/strong> de ce samedi. Les Vandop\u00e9riennes accueilleront au Parc des Sports (19h30),\u00a0 les <strong>Louves de Saint-Di\u00e9<\/strong>, un match qui s&rsquo;annonce passionnant.<\/p>\n<p>\u00c0 \u00e9couter aussi   <img decoding=\"async\" src=\"https:\/\/www.europesays.com\/fr\/wp-content\/uploads\/2025\/10\/1760213178_350_560x315\" alt=\"Les volleyeuses de Vandoeuvre Nancy (VNVB) attaquent la 11e saison du club en Ligue A\" style=\"--_image-preview:url('data:image\/jpeg;base64,\/9j\/2wBDACgcHiMeGSgjISMtKygwPGRBPDc3PHtYXUlkkYCZlo+AjIqgtObDoKrarYqMyP\/L2u71\/\/\/\/m8H\/\/\/\/6\/+b9\/\/j\/2wBDASstLTw1PHZBQXb4pYyl+Pj4+Pj4+Pj4+Pj4+Pj4+Pj4+Pj4+Pj4+Pj4+Pj4+Pj4+Pj4+Pj4+Pj4+Pj4+Pj4+Pj\/wAARCAAXACoDASIAAhEBAxEB\/8QAGAABAQEBAQAAAAAAAAAAAAAAAAIBAwT\/xAAXEAEBAQEAAAAAAAAAAAAAAAAAARES\/8QAFwEAAwEAAAAAAAAAAAAAAAAAAAECA\/\/EABYRAQEBAAAAAAAAAAAAAAAAAAARAf\/aAAwDAQACEQMRAD8A8ci5CRchKTjLHTGWA3KxOOtjOQmrkVICmea0wAdTYYAKv\/\/Z');\" loading=\"lazy\" fetchpriority=\"low\" aria-hidden=\"true\" class=\"svelte-1pnmlwx rounded\" onload=\"this.__e=event\" onerror=\"this.__e=event\"\/><\/p>\n","protected":false},"excerpt":{"rendered":"Les volleyeuses de Vandoeuvre Nancy Volley-Ball encha\u00eenent un troisi\u00e8me succ\u00e8s de suite en autant de rencontres disput\u00e9es depuis&hellip;\n","protected":false},"author":2,"featured_media":480401,"comment_status":"","ping_status":"","sticky":false,"template":"","format":"standard","meta":{"footnotes":""},"categories":[9635],"tags":[1111,11,1777,674,1011,27,775,1702,12,25],"class_list":{"0":"post-480400","1":"post","2":"type-post","3":"status-publish","4":"format-standard","5":"has-post-thumbnail","7":"category-nancy","8":"tag-actu","9":"tag-actualites","10":"tag-eu","11":"tag-europe","12":"tag-fr","13":"tag-france","14":"tag-grand-est","15":"tag-nancy","16":"tag-news","17":"tag-republique-francaise"},"share_on_mastodon":{"url":"https:\/\/pubeurope.com\/@fr\/115414197384930973","error":""},"_links":{"self":[{"href":"https:\/\/www.europesays.com\/fr\/wp-json\/wp\/v2\/posts\/480400","targetHints":{"allow":["GET"]}}],"collection":[{"href":"https:\/\/www.europesays.com\/fr\/wp-json\/wp\/v2\/posts"}],"about":[{"href":"https:\/\/www.europesays.com\/fr\/wp-json\/wp\/v2\/types\/post"}],"author":[{"embeddable":true,"href":"https:\/\/www.europesays.com\/fr\/wp-json\/wp\/v2\/users\/2"}],"replies":[{"embeddable":true,"href":"https:\/\/www.europesays.com\/fr\/wp-json\/wp\/v2\/comments?post=480400"}],"version-history":[{"count":0,"href":"https:\/\/www.europesays.com\/fr\/wp-json\/wp\/v2\/posts\/480400\/revisions"}],"wp:featuredmedia":[{"embeddable":true,"href":"https:\/\/www.europesays.com\/fr\/wp-json\/wp\/v2\/media\/480401"}],"wp:attachment":[{"href":"https:\/\/www.europesays.com\/fr\/wp-json\/wp\/v2\/media?parent=480400"}],"wp:term":[{"taxonomy":"category","embeddable":true,"href":"https:\/\/www.europesays.com\/fr\/wp-json\/wp\/v2\/categories?post=480400"},{"taxonomy":"post_tag","embeddable":true,"href":"https:\/\/www.europesays.com\/fr\/wp-json\/wp\/v2\/tags?post=480400"}],"curies":[{"name":"wp","href":"https:\/\/api.w.org\/{rel}","templated":true}]}}