{"id":480406,"date":"2025-10-21T21:09:10","date_gmt":"2025-10-21T21:09:10","guid":{"rendered":"https:\/\/www.europesays.com\/fr\/480406\/"},"modified":"2025-10-21T21:09:10","modified_gmt":"2025-10-21T21:09:10","slug":"sapeurs-pompiers-menaces-en-intervention-rodeo-urbain-a-moto-et-individu-recherche","status":"publish","type":"post","link":"https:\/\/www.europesays.com\/fr\/480406\/","title":{"rendered":"sapeurs-pompiers menac\u00e9s en intervention, rod\u00e9o urbain \u00e0 moto et individu recherch\u00e9"},"content":{"rendered":"<p>            Par<br \/>\n        <strong><br \/>\n            <a href=\"https:\/\/actu.fr\/auteur\/jm-aubert\" title=\"Consulter tous les articles de Jean-Marc Aubert\" target=\"_blank\" rel=\"noopener\">Jean-Marc Aubert<\/a><br \/>\n        <\/strong><\/p>\n<p>        Publi\u00e9 le<\/p>\n<p>            21 oct. 2025 \u00e0 18h26        <\/p>\n<p>Le week-end dernier, les p<strong>oliciers municipaux de Montpellier<\/strong> ont r\u00e9alis\u00e9 de nombreuses interventions. Nous avons retenu les plus marquantes.<\/p>\n<p class=\" wall-content\">Une des missions r\u00e9guli\u00e8res des policiers est d\u2019assister les sapeurs-pompiers du <strong>Sdis de l\u2019H\u00e9rault.\u00a0<\/strong>Ainsi dans la nuit de samedi 18 \u00e0 ce dimanche 19 octobre 2025, \u00e0 1h45 dans le quartier de la Mosson, alors qu\u2019un \u00e9quipage des pompiers portaient secours \u00e0 des personnes bless\u00e9es, dont les circonstances sont inconnues et qu\u2019une enqu\u00eate de la police nationale tente d\u2019\u00e9tablir, un attroupement s\u2019est form\u00e9.<\/p>\n<p class=\" wall-content\">Menac\u00e9s, se sentant en ins\u00e9curit\u00e9, les casqu\u00e9s ont requis une protection polici\u00e8re pour pouvoir poursuivre leur mission de secours. Les patrouilles de la brigade de nuit de la police municipale rapidement sur zone ont fait reculer ceux qui s\u2019\u00e9taient regroup\u00e9s autour des \u00ab\u00a0soldats du feu\u00a0\u00bb et les ont maintenus derri\u00e8re un p\u00e9rim\u00e8tre de s\u00e9curit\u00e9. Les bless\u00e9s ont ainsi pu \u00eatre transport\u00e9s aux urgences de l\u2019h\u00f4pital Lapeyronie.\u00a0<\/p>\n<p>Rod\u00e9o urbain au Petit Bard\u00a0<\/p>\n<p class=\" wall-content\">Vendredi 17 octobre, en plein jour, dans le quartier du Petit Bard, les agents du groupe de soutien op\u00e9rationnel -GSO- de la police municipale ont rep\u00e9r\u00e9 un individu en train de pratiquer un <strong>rod\u00e9o urbain<\/strong>, perturbant la tranquillit\u00e9 des riverains. Mais alors que les agents s\u2019approchaient pour intervenir, le pilote a acc\u00e9l\u00e9r\u00e9 brusquement en direction d\u2019eux, avant de prendre la fuite en abandonnant la moto.<\/p>\n<p class=\" wall-content\">Apr\u00e8s v\u00e9rification, le deux-roues s\u2019est av\u00e9r\u00e9 vol\u00e9 et a pu \u00eatre restitu\u00e9 \u00e0 son propri\u00e9taire l\u00e9gitime, heureux de r\u00e9cup\u00e9rer son bien si vite. Gr\u00e2ce \u00e0 cette intervention rapide, le calme a \u00e9t\u00e9 r\u00e9tabli dans le quartier, et un v\u00e9hicule vol\u00e9 a retrouv\u00e9 son propri\u00e9taire. Quant au jeune voleur, il court toujours, mais les policiers du commissariat central vont exploiter les cam\u00e9ras de vid\u00e9o-protection de la V Ille de Montpellier.<\/p>\n<p>Vid\u00e9os : en ce moment sur ActuUn individu recherch\u00e9 arr\u00eat\u00e9<\/p>\n<p class=\" wall-content\">Enfin, samedi 18 octobre, dans la rue de Verdun, des policiers municipaux en patrouille ont \u00e9t\u00e9 avis\u00e9s que des pi\u00e9tons importunaient des jeunes filles, allant m\u00eame jusqu\u2019\u00e0 des <strong>menaces verbales \u00e0 caract\u00e8re sexistes.<\/strong><\/p>\n<p>Votre r\u00e9gion, votre actu !<\/p>\n<p>Recevez chaque jour les infos qui comptent pour vous.<\/p>\n<p>\t<a href=\"https:\/\/actu.fr\/newsletter\" class=\"ac-btn ac-btn--corner ac-btn--medium ac-btn--blue800\" target=\"_blank\" rel=\"noopener\">S&rsquo;incrire<\/a><\/p>\n<p class=\" wall-content\">Les auteurs ont \u00e9t\u00e9 rapidement rep\u00e9r\u00e9s et contr\u00f4l\u00e9s. Bingo : un des individus faisait l\u2019objet d\u2019une fiche de recherche judiciaire. Il a \u00e9t\u00e9 remis \u00e0 la police nationale pour des v\u00e9rifications plus pouss\u00e9es et le parquet de Montpellier d\u00e9cidera de son sort.<\/p>\n<p class=\" wall-content\">Personnalisez votre actualit\u00e9 en ajoutant vos villes et m\u00e9dias en favori avec <a href=\"https:\/\/moncompte.actu.fr\" title=\"D\u00e9couvez Mon Actu\" rel=\"nofollow noopener\" data-trk=\"{&quot;cta&quot;:{&quot;action&quot;:&quot;https:\\\/\\\/moncompte.actu.fr&quot;,&quot;category&quot;:&quot;mon compte&quot;,&quot;from&quot;:&quot;article footer&quot;,&quot;name&quot;:&quot;Mon actu&quot;,&quot;type&quot;:&quot;cta&quot;}}\" target=\"_blank\">Mon Actu<\/a>.<\/p>\n","protected":false},"excerpt":{"rendered":"Par Jean-Marc Aubert Publi\u00e9 le 21 oct. 2025 \u00e0 18h26 Le week-end dernier, les policiers municipaux de Montpellier&hellip;\n","protected":false},"author":2,"featured_media":480407,"comment_status":"","ping_status":"","sticky":false,"template":"","format":"standard","meta":{"footnotes":""},"categories":[9599],"tags":[1111,11,1777,674,118,1011,27,2208,12,2680,1072,1311,25,5575],"class_list":{"0":"post-480406","1":"post","2":"type-post","3":"status-publish","4":"format-standard","5":"has-post-thumbnail","7":"category-montpellier","8":"tag-actu","9":"tag-actualites","10":"tag-eu","11":"tag-europe","12":"tag-faits-divers","13":"tag-fr","14":"tag-france","15":"tag-montpellier","16":"tag-news","17":"tag-occitanie","18":"tag-police","19":"tag-pompiers","20":"tag-republique-francaise","21":"tag-rodeos-urbains"},"share_on_mastodon":{"url":"https:\/\/pubeurope.com\/@fr\/115414208702657299","error":""},"_links":{"self":[{"href":"https:\/\/www.europesays.com\/fr\/wp-json\/wp\/v2\/posts\/480406","targetHints":{"allow":["GET"]}}],"collection":[{"href":"https:\/\/www.europesays.com\/fr\/wp-json\/wp\/v2\/posts"}],"about":[{"href":"https:\/\/www.europesays.com\/fr\/wp-json\/wp\/v2\/types\/post"}],"author":[{"embeddable":true,"href":"https:\/\/www.europesays.com\/fr\/wp-json\/wp\/v2\/users\/2"}],"replies":[{"embeddable":true,"href":"https:\/\/www.europesays.com\/fr\/wp-json\/wp\/v2\/comments?post=480406"}],"version-history":[{"count":0,"href":"https:\/\/www.europesays.com\/fr\/wp-json\/wp\/v2\/posts\/480406\/revisions"}],"wp:featuredmedia":[{"embeddable":true,"href":"https:\/\/www.europesays.com\/fr\/wp-json\/wp\/v2\/media\/480407"}],"wp:attachment":[{"href":"https:\/\/www.europesays.com\/fr\/wp-json\/wp\/v2\/media?parent=480406"}],"wp:term":[{"taxonomy":"category","embeddable":true,"href":"https:\/\/www.europesays.com\/fr\/wp-json\/wp\/v2\/categories?post=480406"},{"taxonomy":"post_tag","embeddable":true,"href":"https:\/\/www.europesays.com\/fr\/wp-json\/wp\/v2\/tags?post=480406"}],"curies":[{"name":"wp","href":"https:\/\/api.w.org\/{rel}","templated":true}]}}