{"id":480412,"date":"2025-10-21T21:12:18","date_gmt":"2025-10-21T21:12:18","guid":{"rendered":"https:\/\/www.europesays.com\/fr\/480412\/"},"modified":"2025-10-21T21:12:18","modified_gmt":"2025-10-21T21:12:18","slug":"national-dauphin-de-rouen-le-dfco-a-le-trone-en-ligne-de-mire","status":"publish","type":"post","link":"https:\/\/www.europesays.com\/fr\/480412\/","title":{"rendered":"National. Dauphin de Rouen, le DFCO a le tr\u00f4ne en ligne de mire"},"content":{"rendered":"<p>Versailles &#8211; Dijon FCO <\/p>\n<p>0-2<\/p>\n<p>Le DFCO ne cesse d\u2019assumer son statut. Celui qui lui conf\u00e8re un r\u00f4le de favori dans ce championnat de National. Ce mardi, les Dijonnais se sont offert un succ\u00e8s aussi capital que r\u00e9f\u00e9rence contre une formation de Versailles surprenante cette saison apr\u00e8s avoir gal\u00e9r\u00e9 lors de l\u2019exercice pr\u00e9c\u00e9dent.<\/p>\n<p>Certes, les Franciliens re\u00e7oivent comme un club amateur, dans une enceinte d\u2019entra\u00eenement &#8211; l\u2019ancienne du Paris S-G &#8211; et un terrain aux dimensions discutables. Dans un contexte Coupe de France que les C\u00f4te-d\u2019Oriens conna\u00eetront ce samedi \u00e0 Selongey, le DFCO ne s\u2019est pas manqu\u00e9. Mieux, les Bourguignons ont encha\u00een\u00e9 une deuxi\u00e8me victoire de rang pour la premi\u00e8re fois de la saison en championnat &#8211; la troisi\u00e8me toutes comp\u00e9titions confondues &#8211; piquant aussi la place de dauphin aux&#8230;<\/p>\n","protected":false},"excerpt":{"rendered":"Versailles &#8211; Dijon FCO 0-2 Le DFCO ne cesse d\u2019assumer son statut. Celui qui lui conf\u00e8re un r\u00f4le&hellip;\n","protected":false},"author":2,"featured_media":480413,"comment_status":"","ping_status":"","sticky":false,"template":"","format":"standard","meta":{"footnotes":""},"categories":[9587],"tags":[1111,11,24879,2930,8587,8588,1777,674,107,63,1011,27,12,5161,25,9590,517],"class_list":{"0":"post-480412","1":"post","2":"type-post","3":"status-publish","4":"format-standard","5":"has-post-thumbnail","7":"category-rouen","8":"tag-actu","9":"tag-actualites","10":"tag-dfco-dijon-football-cote-dor","11":"tag-dijon","12":"tag-dijon-ville","13":"tag-edition-dijon-et-son-agglomeration","14":"tag-eu","15":"tag-europe","16":"tag-fil-info","17":"tag-football","18":"tag-fr","19":"tag-france","20":"tag-news","21":"tag-normandie","22":"tag-republique-francaise","23":"tag-rouen","24":"tag-sport"},"share_on_mastodon":{"url":"https:\/\/pubeurope.com\/@fr\/115414220413173325","error":""},"_links":{"self":[{"href":"https:\/\/www.europesays.com\/fr\/wp-json\/wp\/v2\/posts\/480412","targetHints":{"allow":["GET"]}}],"collection":[{"href":"https:\/\/www.europesays.com\/fr\/wp-json\/wp\/v2\/posts"}],"about":[{"href":"https:\/\/www.europesays.com\/fr\/wp-json\/wp\/v2\/types\/post"}],"author":[{"embeddable":true,"href":"https:\/\/www.europesays.com\/fr\/wp-json\/wp\/v2\/users\/2"}],"replies":[{"embeddable":true,"href":"https:\/\/www.europesays.com\/fr\/wp-json\/wp\/v2\/comments?post=480412"}],"version-history":[{"count":0,"href":"https:\/\/www.europesays.com\/fr\/wp-json\/wp\/v2\/posts\/480412\/revisions"}],"wp:featuredmedia":[{"embeddable":true,"href":"https:\/\/www.europesays.com\/fr\/wp-json\/wp\/v2\/media\/480413"}],"wp:attachment":[{"href":"https:\/\/www.europesays.com\/fr\/wp-json\/wp\/v2\/media?parent=480412"}],"wp:term":[{"taxonomy":"category","embeddable":true,"href":"https:\/\/www.europesays.com\/fr\/wp-json\/wp\/v2\/categories?post=480412"},{"taxonomy":"post_tag","embeddable":true,"href":"https:\/\/www.europesays.com\/fr\/wp-json\/wp\/v2\/tags?post=480412"}],"curies":[{"name":"wp","href":"https:\/\/api.w.org\/{rel}","templated":true}]}}