{"id":480414,"date":"2025-10-21T21:13:51","date_gmt":"2025-10-21T21:13:51","guid":{"rendered":"https:\/\/www.europesays.com\/fr\/480414\/"},"modified":"2025-10-21T21:13:51","modified_gmt":"2025-10-21T21:13:51","slug":"grenoble-le-differend-entre-voisines-vire-au-drame-une-femme-de-24-ans-tuee-ce-que-lon-sait","status":"publish","type":"post","link":"https:\/\/www.europesays.com\/fr\/480414\/","title":{"rendered":"Grenoble. Le diff\u00e9rend entre voisines vire au drame, une femme de 24 ans tu\u00e9e : ce que l&rsquo;on sait"},"content":{"rendered":"<p>            Par<br \/>\n        <strong><br \/>\n            <a href=\"https:\/\/actu.fr\/auteur\/lisa-rodrigues\" title=\"Consulter tous les articles de Lisa Rodrigues\" target=\"_blank\" rel=\"noopener\">Lisa Rodrigues<\/a><br \/>\n        <\/strong><\/p>\n<p>        Publi\u00e9 le<\/p>\n<p>            21 oct. 2025 \u00e0 17h11        <\/p>\n<p>Les secours n\u2019ont rien pu faire. Samedi 18 octobre, autour de 20h30, les sapeurs-pompiers et les forces de l\u2019ordre sont appel\u00e9s pour une intervention dans un appartement rue Danton, \u00e0 <a href=\"https:\/\/actu.fr\/auvergne-rhone-alpes\/grenoble_38185\" target=\"_blank\" rel=\"noopener\">Grenoble<\/a>.<\/p>\n<p class=\" wall-content\">L\u00e0, ils retrouvent une <strong>femme \u00e2g\u00e9e de 24 ans,<\/strong> gisant au sol avec \u00ab une plaie au niveau du c\u0153ur et au moins une au visage \u00bb, indique le parquet de Grenoble. Elle a malheureusement succomb\u00e9 \u00e0 ses blessures.<\/p>\n<p>    <a href=\"https:\/\/www.google.com\/maps\/embed?pb=!1m18!1m12!1m3!1d5624.203771478482!2d5.706113075922461!3d45.185033752022406!2m3!1f0!2f0!3f0!3m2!1i1024!2i768!4f13.1!3m3!1m2!1s0x478af362cb641d53%3A0x58f619fdc4028948!2sRue%20Danton%2C%2038000%20Grenoble!5e0!3m2!1sfr!2sfr!4v1760974590107!5m2!1sfr!2sfr\" title=\"Ouvrie le lien\" target=\"_blank\" rel=\"noopener\">Cliquez ici pour visualiser le contenu<\/a><\/p>\n<p>Poignard\u00e9e avec un couteau \u00e0 steak<\/p>\n<p class=\" wall-content\">Selon les premiers \u00e9l\u00e9ments de l\u2019enqu\u00eate, un <strong>diff\u00e9rend de voisinage<\/strong> est \u00e0 l\u2019origine du drame. La victime, dont la m\u00e8re habite l\u2019immeuble, serait all\u00e9e voir une voisine, \u00e2g\u00e9e de 20 ans. Le ton serait mont\u00e9 entre les deux femmes. La jeune voisine lui a alors port\u00e9 plusieurs coups de couteau.<\/p>\n<p class=\" wall-content\">L\u2019arme probable du crime, un couteau \u00e0 steak ensanglant\u00e9, a \u00e9t\u00e9 d\u00e9couvert sur le plan de travail de la cuisine.\u00a0<\/p>\n<p>La suspecte mise en examen<\/p>\n<p class=\" wall-content\">La suspecte a \u00e9t\u00e9 interpell\u00e9e et plac\u00e9e en garde \u00e0 vue, avant d\u2019\u00eatre pr\u00e9sent\u00e9e lundi 20 octobre \u00e0 un juge d\u2019instruction.<\/p>\n<p class=\" wall-content\">Cette derni\u00e8re a finalement \u00e9t\u00e9 mise en examen pour meurtre et plac\u00e9e en d\u00e9tention provisoire par la juge des libert\u00e9s et de la d\u00e9tention, informe le parquet de Grenoble ce mardi 21 octobre.<\/p>\n<p>Votre r\u00e9gion, votre actu !<\/p>\n<p>Recevez chaque jour les infos qui comptent pour vous.<\/p>\n<p>\t<a href=\"https:\/\/actu.fr\/newsletter\" class=\"ac-btn ac-btn--corner ac-btn--medium ac-btn--blue800\" target=\"_blank\" rel=\"noopener\">S&rsquo;incrire<\/a><\/p>\n<p class=\" wall-content\">Les deux protagonistes de cette affaire <strong>ne sont pas totalement inconnues de la justice<\/strong>. La suspecte a fait l\u2019objet d\u2019un rappel \u00e0 la loi en 2021 pour violence sur mineur de 15 ans sans incapacit\u00e9. La victime a, elle, \u00e9t\u00e9 condamn\u00e9e en 2020 \u00e0 500 euros d\u2019amende et 2 mois d\u2019emprisonnement avec sursis pour \u00ab\u00a0transport et d\u00e9tention de stup\u00e9fiants, et remise ou sortie irr\u00e9guli\u00e8re \u00e0 d\u00e9tenu\u00a0\u00bb.<\/p>\n<p class=\" wall-content\">Personnalisez votre actualit\u00e9 en ajoutant vos villes et m\u00e9dias en favori avec <a href=\"https:\/\/moncompte.actu.fr\" title=\"D\u00e9couvez Mon Actu\" rel=\"nofollow noopener\" data-trk=\"{&quot;cta&quot;:{&quot;action&quot;:&quot;https:\\\/\\\/moncompte.actu.fr&quot;,&quot;category&quot;:&quot;mon compte&quot;,&quot;from&quot;:&quot;article footer&quot;,&quot;name&quot;:&quot;Mon actu&quot;,&quot;type&quot;:&quot;cta&quot;}}\" target=\"_blank\">Mon Actu<\/a>.<\/p>\n","protected":false},"excerpt":{"rendered":"Par Lisa Rodrigues Publi\u00e9 le 21 oct. 2025 \u00e0 17h11 Les secours n\u2019ont rien pu faire. Samedi 18&hellip;\n","protected":false},"author":2,"featured_media":480415,"comment_status":"","ping_status":"","sticky":false,"template":"","format":"standard","meta":{"footnotes":""},"categories":[9566],"tags":[1111,11,2430,1777,674,118,1011,27,2731,303,12,1072,25],"class_list":{"0":"post-480414","1":"post","2":"type-post","3":"status-publish","4":"format-standard","5":"has-post-thumbnail","7":"category-grenoble","8":"tag-actu","9":"tag-actualites","10":"tag-auvergne-rhone-alpes","11":"tag-eu","12":"tag-europe","13":"tag-faits-divers","14":"tag-fr","15":"tag-france","16":"tag-grenoble","17":"tag-justice","18":"tag-news","19":"tag-police","20":"tag-republique-francaise"},"share_on_mastodon":{"url":"https:\/\/pubeurope.com\/@fr\/115414228216706929","error":""},"_links":{"self":[{"href":"https:\/\/www.europesays.com\/fr\/wp-json\/wp\/v2\/posts\/480414","targetHints":{"allow":["GET"]}}],"collection":[{"href":"https:\/\/www.europesays.com\/fr\/wp-json\/wp\/v2\/posts"}],"about":[{"href":"https:\/\/www.europesays.com\/fr\/wp-json\/wp\/v2\/types\/post"}],"author":[{"embeddable":true,"href":"https:\/\/www.europesays.com\/fr\/wp-json\/wp\/v2\/users\/2"}],"replies":[{"embeddable":true,"href":"https:\/\/www.europesays.com\/fr\/wp-json\/wp\/v2\/comments?post=480414"}],"version-history":[{"count":0,"href":"https:\/\/www.europesays.com\/fr\/wp-json\/wp\/v2\/posts\/480414\/revisions"}],"wp:featuredmedia":[{"embeddable":true,"href":"https:\/\/www.europesays.com\/fr\/wp-json\/wp\/v2\/media\/480415"}],"wp:attachment":[{"href":"https:\/\/www.europesays.com\/fr\/wp-json\/wp\/v2\/media?parent=480414"}],"wp:term":[{"taxonomy":"category","embeddable":true,"href":"https:\/\/www.europesays.com\/fr\/wp-json\/wp\/v2\/categories?post=480414"},{"taxonomy":"post_tag","embeddable":true,"href":"https:\/\/www.europesays.com\/fr\/wp-json\/wp\/v2\/tags?post=480414"}],"curies":[{"name":"wp","href":"https:\/\/api.w.org\/{rel}","templated":true}]}}