{"id":480420,"date":"2025-10-21T21:17:27","date_gmt":"2025-10-21T21:17:27","guid":{"rendered":"https:\/\/www.europesays.com\/fr\/480420\/"},"modified":"2025-10-21T21:17:27","modified_gmt":"2025-10-21T21:17:27","slug":"deux-mineurs-interpelles-pour-avoir-tente-de-racketter-des-commercants-2","status":"publish","type":"post","link":"https:\/\/www.europesays.com\/fr\/480420\/","title":{"rendered":"Deux mineurs interpell\u00e9s pour avoir tent\u00e9 de racketter des commer\u00e7ants"},"content":{"rendered":"<p>De l\u2019argent en \u00e9change d\u2019une protection. Voil\u00e0 la teneur du courrier anonyme que plusieurs commer\u00e7ants install\u00e9s sur la dalle Kennedy, dans le quartier de Villejean \u00e0 Rennes, ont re\u00e7u lundi dans leur bo\u00eete aux lettres. <a href=\"https:\/\/www.rennes-infos-autrement.fr\/tentative-de-racket-sur-les-commercants-de-la-dalle-kennedy-deux-mineurs-interpelles\/?fbclid=IwY2xjawNkWfVleHRuA2FlbQIxMABicmlkETBZN3o5NkZSb2RtTFpqNnN0AR4XBSv_ldVGsbWXMCaXx4nfxLBxQox_cJ2VaO51s4i-l8cqQUAkk4t_9oo44Q_aem_hAs_KekZRXmw3CtqVc3_bw\" rel=\"nofollow noopener\" target=\"_blank\" class=\"c-link c-link--is-underlined\">Selon le m\u00e9dia en ligne Rennes Infos Autrement<\/a>, le message, cousu de fautes d\u2019orthographe, intimait aux destinataires de verser une somme d\u2019argent en \u00e9change d\u2019une pr\u00e9tendue \u00ab\u00a0protection\u00a0\u00bb. Faute de quoi, ils risqueraient alors des repr\u00e9sailles.<\/p>\n<p>Dans cette affaire de tentative <a href=\"https:\/\/www.20minutes.fr\/dossier\/racket\" class=\"c-link c-link--is-underlined\" rel=\"nofollow noopener\" target=\"_blank\">de racket<\/a>, deux mineurs ont \u00e9t\u00e9 interpell\u00e9s avant d\u2019\u00eatre remis en libert\u00e9. Contact\u00e9, le parquet de Rennes indique toutefois que l\u2019enqu\u00eate se poursuit. \u00ab\u00a0Celle-ci permet en effet, en l\u2019\u00e9tat, de penser que ces deux jeunes, qui ont \u00e9t\u00e9 tr\u00e8s r\u00e9cemment recrut\u00e9s pour distribuer des enveloppes, n\u2019avaient pas connaissance de leur contenu\u00a0\u00bb, souligne Fr\u00e9d\u00e9ric Teillet, procureur de la R\u00e9publique de Rennes, pr\u00e9cisant que \u00ab\u00a0les investigations visent \u00e0 identifier le ou les donneurs d\u2019ordre\u00a0\u00bb.<\/p>\n<p>\u00ab\u00a0Le basculement d\u2019un quartier sous emprise mafieuse\u00a0\u00bb<\/p>\n<p>Dans un communiqu\u00e9, Charles Compagnon, chef de file de l\u2019opposition dans la capitale bretonne, d\u00e9nonce \u00ab\u00a0un climat de peur\u00a0qui s\u2019installe\u00a0\u00bb dans ce quartier min\u00e9 <a href=\"https:\/\/www.20minutes.fr\/dossier\/narcotrafiquants\" class=\"c-link c-link--is-underlined\" rel=\"nofollow noopener\" target=\"_blank\">par le narcotrafic<\/a>. \u00ab\u00a0Ce qui se passe \u00e0 Villejean marque souvent le basculement d\u2019un quartier sous emprise mafieuse\u00a0: c\u2019est le sympt\u00f4me d\u2019une perte de contr\u00f4le\u00a0\u00bb, alerte l\u2019\u00e9lu, qui avait \u00e9t\u00e9 t\u00e9moin de la fusillade survenue le 17\u00a0avril dans un restaurant Subway sur cette m\u00eame dalle.<\/p>\n<\/p>\n<p>Samedi, <a href=\"https:\/\/www.20minutes.fr\/justice\/4180153-20251018-fusillade-rennes-sandwicherie-fond-narcotrafic-deux-nouvelles-personnes-ecrouees\" class=\"c-link c-link--is-underlined\" rel=\"nofollow noopener\" target=\"_blank\">deux hommes ont \u00e9t\u00e9 mis en examen<\/a> et plac\u00e9s en d\u00e9tention provisoire apr\u00e8s cette fusillade qui avait fait trois bless\u00e9s. Quatre autres individus \u00e9taient d\u00e9j\u00e0 \u00e9crou\u00e9s dans ce dossier.<\/p>\n","protected":false},"excerpt":{"rendered":"De l\u2019argent en \u00e9change d\u2019une protection. Voil\u00e0 la teneur du courrier anonyme que plusieurs commer\u00e7ants install\u00e9s sur la&hellip;\n","protected":false},"author":2,"featured_media":480421,"comment_status":"","ping_status":"","sticky":false,"template":"","format":"standard","meta":{"footnotes":""},"categories":[2821],"tags":[1111,47,11,829,7230,1777,674,118,7641,1011,27,848,813,12,10439,584,25,887],"class_list":{"0":"post-480420","1":"post","2":"type-post","3":"status-publish","4":"format-standard","5":"has-post-thumbnail","7":"category-rennes","8":"tag-actu","9":"tag-actualite","10":"tag-actualites","11":"tag-bretagne","12":"tag-commercants","13":"tag-eu","14":"tag-europe","15":"tag-faits-divers","16":"tag-faits-divers-rennes","17":"tag-fr","18":"tag-france","19":"tag-ille-et-vilaine","20":"tag-narcotrafiquants","21":"tag-news","22":"tag-racket","23":"tag-rennes","24":"tag-republique-francaise","25":"tag-trafic-de-drogue"},"share_on_mastodon":{"url":"https:\/\/pubeurope.com\/@fr\/115414240170468271","error":""},"_links":{"self":[{"href":"https:\/\/www.europesays.com\/fr\/wp-json\/wp\/v2\/posts\/480420","targetHints":{"allow":["GET"]}}],"collection":[{"href":"https:\/\/www.europesays.com\/fr\/wp-json\/wp\/v2\/posts"}],"about":[{"href":"https:\/\/www.europesays.com\/fr\/wp-json\/wp\/v2\/types\/post"}],"author":[{"embeddable":true,"href":"https:\/\/www.europesays.com\/fr\/wp-json\/wp\/v2\/users\/2"}],"replies":[{"embeddable":true,"href":"https:\/\/www.europesays.com\/fr\/wp-json\/wp\/v2\/comments?post=480420"}],"version-history":[{"count":0,"href":"https:\/\/www.europesays.com\/fr\/wp-json\/wp\/v2\/posts\/480420\/revisions"}],"wp:featuredmedia":[{"embeddable":true,"href":"https:\/\/www.europesays.com\/fr\/wp-json\/wp\/v2\/media\/480421"}],"wp:attachment":[{"href":"https:\/\/www.europesays.com\/fr\/wp-json\/wp\/v2\/media?parent=480420"}],"wp:term":[{"taxonomy":"category","embeddable":true,"href":"https:\/\/www.europesays.com\/fr\/wp-json\/wp\/v2\/categories?post=480420"},{"taxonomy":"post_tag","embeddable":true,"href":"https:\/\/www.europesays.com\/fr\/wp-json\/wp\/v2\/tags?post=480420"}],"curies":[{"name":"wp","href":"https:\/\/api.w.org\/{rel}","templated":true}]}}